{"id":187130,"date":"2021-08-23T16:36:00","date_gmt":"2021-08-23T21:36:00","guid":{"rendered":"http:\/\/vertienteglobal.com\/?p=187130"},"modified":"2021-08-23T18:13:53","modified_gmt":"2021-08-23T23:13:53","slug":"destaca-merida-como-referente-de-desarrollo-regional-ante-la-union-europea","status":"publish","type":"post","link":"http:\/\/vertienteglobal.com\/?p=187130","title":{"rendered":"Destaca M\u00e9rida como referente de desarrollo regional ante la Uni\u00f3n Europea"},"content":{"rendered":"\n<div class=\"twitterbutton\" style=\"float: right; padding-left: 5px;\"><a href=\"http:\/\/twitter.com\/share\" class=\"twitter-share-button\" data-count=\"horizontal\" data-text=\"Destaca M\u00e9rida como referente de desarrollo regional ante la Uni\u00f3n Europea\" data-via=\"https:\/\/twitter.com\/VertienteGloba1\" data-url=\"http:\/\/vertienteglobal.com\/?p=187130\" data-lang=\"es\" data-related=\"Informaci\u00f3n general:S\u00edguenos para que est\u00e9ss informado\"><\/a><\/div>\n<figure class=\"wp-block-image size-large\"><img loading=\"lazy\" decoding=\"async\" width=\"660\" height=\"330\" src=\"http:\/\/vertienteglobal.com\/wp-content\/uploads\/2021\/08\/IMG-20210823-WA0027-660x330-1.jpg\" alt=\"\" class=\"wp-image-187131\" srcset=\"http:\/\/vertienteglobal.com\/wp-content\/uploads\/2021\/08\/IMG-20210823-WA0027-660x330-1.jpg 660w, http:\/\/vertienteglobal.com\/wp-content\/uploads\/2021\/08\/IMG-20210823-WA0027-660x330-1-300x150.jpg 300w, http:\/\/vertienteglobal.com\/wp-content\/uploads\/2021\/08\/IMG-20210823-WA0027-660x330-1-150x75.jpg 150w\" sizes=\"auto, (max-width: 660px) 100vw, 660px\" \/><\/figure>\n\n\n\n<p>(Redacci\u00f3n)<\/p>\n\n\n\n<p>A trav\u00e9s del IMPLAN participa en una iniciativa para mejorar las condiciones en Cienfuegos, Cuba, con apoyo de un consorcio espa\u00f1ol<\/p>\n\n\n\n<p>M\u00e9rida, 23 de agosto de 2021.-El Ayuntamiento de M\u00e9rida, a trav\u00e9s del Instituto Municipal de Planeaci\u00f3n, fue seleccionado para participar en el programa Adelante 2, impulsado por la Uni\u00f3n Europea, para fortalecer la cooperaci\u00f3n triangular con Am\u00e9rica Latina y el Caribe con el objetivo general de contribuir al logro de la Agenda 2030 de iniciativas de cooperaci\u00f3n regional hacia un desarrollo m\u00e1s inclusivo y sostenible.<br>En respuesta a la convocatoria de la Uni\u00f3n Europea para fomentar alianzas entre 3 socios que permitan atender alg\u00fan tema de desarrollo sustentable en Am\u00e9rica Latina y el Caribe, el IMPLAN, junto con el gobierno provincial de Cienfuegos, Cuba, y el consorcio IDOM, de Bilbao Espa\u00f1a, presentaron un proyecto a la entidad convocante, misma que fue aprobado este d\u00eda.<br>Al respecto, el alcalde Ren\u00e1n Barrera Concha subray\u00f3 que M\u00e9rida sigue posicion\u00e1ndose como referente en desarrollo, aun en medio del panorama adverso actual a causa de la pandemia, y su inclusi\u00f3n en esta iniciativa es muestra de ello.<\/p>\n\n\n\n<p>Remarc\u00f3 que los involucrados en estas iniciativas se comprometen al trabajo entusiasta para desarrollar nuevas alianzas asociativas de cooperaci\u00f3n triangular, a fin de contribuir a enfrentar juntos los enormes desaf\u00edos sanitarios y socioecon\u00f3micos de la regi\u00f3n, que se han gravado a\u00fan m\u00e1s de lo que estaban antes de la crisis sanitaria por la pandemia.<\/p>\n\n\n\n<p>La iniciativa fue aprobada por la llamada Ventana Adelante 2 e implica ofrecer la experiencia de M\u00e9rida en proyectos de innovaci\u00f3n, emprendimiento, desarrollo econ\u00f3mico, turismo y desarrollo urbano para apoyar la elaboraci\u00f3n de una agenda propia para Cienfuegos en estos temas.<\/p>\n\n\n\n<p>El proyecto se realizar\u00e1 con financiamiento de la Uni\u00f3n Europea y tambi\u00e9n es una oportunidad de desarrollo para M\u00e9rida al conocer las experiencias de Cienfuegos y Bilbao al acordar juntos una agenda de innovaci\u00f3n y gesti\u00f3n del conocimiento para aumentar la productividad y el desarrollo regional de la provincia cubana.<\/p>\n\n\n\n<p>Las delegaciones de socios de la alianza tendr\u00e1n relaciones con actores clave de las tres ciudades participantes a partir de diciembre de este a\u00f1o.<br>El director del IMPLAN, Edgardo Bolio Arceo, explic\u00f3 que esta alianza triangular consiste en que un pa\u00eds de Am\u00e9rica o el Caribe solicita apoyo para encarar alg\u00fan problema. La iniciativa tiene que estar integrada por un miembro de cada zona Am\u00e9rica Latina, Caribe y Europa.<\/p>\n\n\n\n<p>Luego de los tr\u00e1mites necesarios, la iniciativa qued\u00f3 integrada por Cienfuegos, M\u00e9rida y el consorcio espa\u00f1ol.<br>\u201cEn este caso, la provincia de Cienfuegos ha visto el modelo de emprendedores y de innovaci\u00f3n econ\u00f3mica de M\u00e9rida y desea utilizarla como modelo de referencia\u201d, explica.<br>El funcionario destac\u00f3 que M\u00e9rida tendr\u00e1 un papel importante junto con los espa\u00f1oles para guiar la agenda de Cienfuegos hacia un mejor futuro, se\u00f1al\u00f3.<\/p>\n\n\n\n<p>Dijo que luego de ver ejemplos de varios lugares se interesaron por M\u00e9rida, que cuenta con un Centro de Emprendedores, es una ciudad de tecnolog\u00eda, con centros de investigaci\u00f3n y programas vanguardistas que ayudar\u00e1n a la provincia cubana a generar un nuevo modelo de actividades econ\u00f3micas.<br>En este caso, precis\u00f3, la iniciativa no se trata s\u00f3lo de planeaci\u00f3n urbana, por lo que el IMPLAN tendr\u00e1 que coordinar principalmente a las \u00e1reas econ\u00f3mica, tur\u00edstica y de desarrollo urbano, para apoyar el proyecto financiado por la Uni\u00f3n Europea.<\/p>\n\n\n\n<p>Este acompa\u00f1amiento, en una primera fase, ser\u00e1 de aqu\u00ed hasta marzo del pr\u00f3ximo a\u00f1o.<br>Coment\u00f3 que como parte de este programa, una delegaci\u00f3n cubana, una espa\u00f1ola y una de M\u00e9rida tendr\u00e1n que trasladarse a los distintos sitios involucrados, a fin de construir la agenda que permita la transformaci\u00f3n de Cienfuegos.<\/p>\n\n\n\n<p>Anticip\u00f3 que en enero del pr\u00f3ximo a\u00f1o M\u00e9rida recibir\u00eda a las delegaciones visitantes para ofrecerles una visi\u00f3n cercana de su desarrollo econ\u00f3mico, tur\u00edstico, innovador y tecnol\u00f3gico, a fin de que se pueda establecer como modelo de referencia para Cuba.<\/p>\n\n\n\n<p>La Ventana Delante de Cooperaci\u00f3n Triangular Uni\u00f3n Europea-Am\u00e9rica Latina-Caribe 2021-2024 es un instrumento de financiaci\u00f3n que busca movilizar y canalizar recursos hacia asociaciones o alianzas entre entidades de esas tres zonas, que respondan a la modalidad de Cooperaci\u00f3n Triangular y que tengan como fin \u00faltimo el logro de la Agenda 2030 y un desarrollo m\u00e1s inclusivo y sostenible.<br><img loading=\"lazy\" decoding=\"async\" src=\"https:\/\/www.yucatanalinstante.com\/wp-content\/uploads\/2021\/08\/IMG-20210823-WA0028.jpg\" alt=\"\" width=\"1280\" height=\"853\" srcset=\"https:\/\/www.yucatanalinstante.com\/wp-content\/uploads\/2021\/08\/IMG-20210823-WA0028.jpg 1280w, https:\/\/www.yucatanalinstante.com\/wp-content\/uploads\/2021\/08\/IMG-20210823-WA0028-300x200.jpg 300w, https:\/\/www.yucatanalinstante.com\/wp-content\/uploads\/2021\/08\/IMG-20210823-WA0028-1024x682.jpg 1024w, https:\/\/www.yucatanalinstante.com\/wp-content\/uploads\/2021\/08\/IMG-20210823-WA0028-150x100.jpg 150w, https:\/\/www.yucatanalinstante.com\/wp-content\/uploads\/2021\/08\/IMG-20210823-WA0028-768x512.jpg 768w\"><br>Es un instrumento que pretende ser \u00e1gil y flexible, con un enfoque de \u2018respuesta r\u00e1pida\u2019. La ventana Adelante est\u00e1 abierta a Iniciativas relacionadas con todos los Objetivos de Desarrollo Sostenible y compuestas por actividades como la organizaci\u00f3n de eventos (congresos, seminarios, talleres), el desarrollo de misiones (consultor\u00edas, visitas de estudio y pasant\u00edas), la realizaci\u00f3n de estudios y la participaci\u00f3n en cursos, siempre que tengan un claro car\u00e1cter de Cooperaci\u00f3n Triangular y un fuerte impacto en la Agenda 2030.<\/p>\n","protected":false},"excerpt":{"rendered":"<p>(Redacci\u00f3n) A trav\u00e9s del IMPLAN participa en una iniciativa para mejorar las condiciones en Cienfuegos, Cuba, con apoyo de un consorcio espa\u00f1ol M\u00e9rida, 23 de agosto de 2021.-El Ayuntamiento de M\u00e9rida, a trav\u00e9s del Instituto Municipal de Planeaci\u00f3n, fue seleccionado para participar en el programa Adelante 2, impulsado por la Uni\u00f3n Europea, para fortalecer la [&hellip;]<\/p>\n","protected":false},"author":1,"featured_media":187131,"comment_status":"open","ping_status":"open","sticky":false,"template":"","format":"standard","meta":{"footnotes":""},"categories":[2],"tags":[],"class_list":["post-187130","post","type-post","status-publish","format-standard","has-post-thumbnail","hentry","category-yucatan","entry","has-media"],"jetpack_featured_media_url":"http:\/\/vertienteglobal.com\/wp-content\/uploads\/2021\/08\/IMG-20210823-WA0027-660x330-1.jpg","_links":{"self":[{"href":"http:\/\/vertienteglobal.com\/index.php?rest_route=\/wp\/v2\/posts\/187130","targetHints":{"allow":["GET"]}}],"collection":[{"href":"http:\/\/vertienteglobal.com\/index.php?rest_route=\/wp\/v2\/posts"}],"about":[{"href":"http:\/\/vertienteglobal.com\/index.php?rest_route=\/wp\/v2\/types\/post"}],"author":[{"embeddable":true,"href":"http:\/\/vertienteglobal.com\/index.php?rest_route=\/wp\/v2\/users\/1"}],"replies":[{"embeddable":true,"href":"http:\/\/vertienteglobal.com\/index.php?rest_route=%2Fwp%2Fv2%2Fcomments&post=187130"}],"version-history":[{"count":0,"href":"http:\/\/vertienteglobal.com\/index.php?rest_route=\/wp\/v2\/posts\/187130\/revisions"}],"wp:featuredmedia":[{"embeddable":true,"href":"http:\/\/vertienteglobal.com\/index.php?rest_route=\/wp\/v2\/media\/187131"}],"wp:attachment":[{"href":"http:\/\/vertienteglobal.com\/index.php?rest_route=%2Fwp%2Fv2%2Fmedia&parent=187130"}],"wp:term":[{"taxonomy":"category","embeddable":true,"href":"http:\/\/vertienteglobal.com\/index.php?rest_route=%2Fwp%2Fv2%2Fcategories&post=187130"},{"taxonomy":"post_tag","embeddable":true,"href":"http:\/\/vertienteglobal.com\/index.php?rest_route=%2Fwp%2Fv2%2Ftags&post=187130"}],"curies":[{"name":"wp","href":"https:\/\/api.w.org\/{rel}","templated":true}]}}