{"id":187025,"date":"2021-08-22T19:21:53","date_gmt":"2021-08-23T00:21:53","guid":{"rendered":"http:\/\/vertienteglobal.com\/?p=187025"},"modified":"2021-08-23T09:43:29","modified_gmt":"2021-08-23T14:43:29","slug":"morena-de-campeche-acusa-ilegalidad-por-conteo-de-la-eleccion","status":"publish","type":"post","link":"http:\/\/vertienteglobal.com\/?p=187025","title":{"rendered":"Morena de Campeche acusa ilegalidad por conteo de la elecci\u00f3n"},"content":{"rendered":"\n<div class=\"twitterbutton\" style=\"float: right; padding-left: 5px;\"><a href=\"http:\/\/twitter.com\/share\" class=\"twitter-share-button\" data-count=\"horizontal\" data-text=\"Morena de Campeche acusa ilegalidad por conteo de la elecci\u00f3n\" data-via=\"https:\/\/twitter.com\/VertienteGloba1\" data-url=\"http:\/\/vertienteglobal.com\/?p=187025\" data-lang=\"es\" data-related=\"Informaci\u00f3n general:S\u00edguenos para que est\u00e9ss informado\"><\/a><\/div>\n<figure class=\"wp-block-image size-large\"><img loading=\"lazy\" decoding=\"async\" width=\"1024\" height=\"683\" src=\"http:\/\/vertienteglobal.com\/wp-content\/uploads\/2021\/08\/153125.jpg\" alt=\"\" class=\"wp-image-187026\" srcset=\"http:\/\/vertienteglobal.com\/wp-content\/uploads\/2021\/08\/153125.jpg 1024w, http:\/\/vertienteglobal.com\/wp-content\/uploads\/2021\/08\/153125-300x200.jpg 300w, http:\/\/vertienteglobal.com\/wp-content\/uploads\/2021\/08\/153125-150x100.jpg 150w, http:\/\/vertienteglobal.com\/wp-content\/uploads\/2021\/08\/153125-768x512.jpg 768w\" sizes=\"auto, (max-width: 1024px) 100vw, 1024px\" \/><\/figure>\n\n\n\n<p>(Redacci\u00f3n)<\/p>\n\n\n\n<p>El morenista destac\u00f3 que incluso existen todas las actas certificadas y firmadas por los representantes de los partidos<\/p>\n\n\n\n<p>San Francisco de Campeche, Campeche a 22 de agosto de 2021.- La delegaci\u00f3n de Morena en el estado de Campeche acus\u00f3 que hay ilegalidad en la decisi\u00f3n del Tribunal Electoral del Poder Judicial de la Federaci\u00f3n (TEPJF) de ordenar un nuevo conteo de la elecci\u00f3n por la gubernatura del estado.<\/p>\n\n\n\n<p>Erick Reyes Le\u00f3n, dirigente estatal del partido,&nbsp; record\u00f3 que el Instituto Electoral del Estado de Campeche (IEEC) orden\u00f3 el conteo del 71.1 por ciento de los paquetes electorales y la ventaja se increment\u00f3 en favor de Layda Sansores y Morena.<\/p>\n\n\n\n<p>El morenista destac\u00f3 que incluso existen todas las actas certificadas y firmadas por los representantes de los partidos.<\/p>\n\n\n\n<p>El Consejo General del IEEC se declar\u00f3 listo para cumplir con la determinaci\u00f3n de la Sala Superior TEPJF y coadyuvar en el recuento de votos en 21 distritos electorales del estado, el cual se llevar\u00e1 a cabo el mi\u00e9rcoles 25 de agosto a partir de las 09:00 horas, &#8216;en sesi\u00f3n ininterrumpida y hasta concluir &#8216;.<\/p>\n\n\n\n<p>Reyes Le\u00f3n neg\u00f3 la existencia de un supuesto manual de organizaci\u00f3n que circula a trav\u00e9s de las redes sociales con estrategias a realizar, entre ellas la toma de puntos espec\u00edficos como la Plaza de la Rep\u00fablica y las sedes municipales y estatales del IEEC.(Fuente:Milenio)<\/p>\n","protected":false},"excerpt":{"rendered":"<p>(Redacci\u00f3n) El morenista destac\u00f3 que incluso existen todas las actas certificadas y firmadas por los representantes de los partidos San Francisco de Campeche, Campeche a 22 de agosto de 2021.- La delegaci\u00f3n de Morena en el estado de Campeche acus\u00f3 que hay ilegalidad en la decisi\u00f3n del Tribunal Electoral del Poder Judicial de la Federaci\u00f3n [&hellip;]<\/p>\n","protected":false},"author":1,"featured_media":187026,"comment_status":"open","ping_status":"open","sticky":false,"template":"","format":"standard","meta":{"footnotes":""},"categories":[4],"tags":[],"class_list":["post-187025","post","type-post","status-publish","format-standard","has-post-thumbnail","hentry","category-campeche","entry","has-media"],"jetpack_featured_media_url":"http:\/\/vertienteglobal.com\/wp-content\/uploads\/2021\/08\/153125.jpg","_links":{"self":[{"href":"http:\/\/vertienteglobal.com\/index.php?rest_route=\/wp\/v2\/posts\/187025","targetHints":{"allow":["GET"]}}],"collection":[{"href":"http:\/\/vertienteglobal.com\/index.php?rest_route=\/wp\/v2\/posts"}],"about":[{"href":"http:\/\/vertienteglobal.com\/index.php?rest_route=\/wp\/v2\/types\/post"}],"author":[{"embeddable":true,"href":"http:\/\/vertienteglobal.com\/index.php?rest_route=\/wp\/v2\/users\/1"}],"replies":[{"embeddable":true,"href":"http:\/\/vertienteglobal.com\/index.php?rest_route=%2Fwp%2Fv2%2Fcomments&post=187025"}],"version-history":[{"count":0,"href":"http:\/\/vertienteglobal.com\/index.php?rest_route=\/wp\/v2\/posts\/187025\/revisions"}],"wp:featuredmedia":[{"embeddable":true,"href":"http:\/\/vertienteglobal.com\/index.php?rest_route=\/wp\/v2\/media\/187026"}],"wp:attachment":[{"href":"http:\/\/vertienteglobal.com\/index.php?rest_route=%2Fwp%2Fv2%2Fmedia&parent=187025"}],"wp:term":[{"taxonomy":"category","embeddable":true,"href":"http:\/\/vertienteglobal.com\/index.php?rest_route=%2Fwp%2Fv2%2Fcategories&post=187025"},{"taxonomy":"post_tag","embeddable":true,"href":"http:\/\/vertienteglobal.com\/index.php?rest_route=%2Fwp%2Fv2%2Ftags&post=187025"}],"curies":[{"name":"wp","href":"https:\/\/api.w.org\/{rel}","templated":true}]}}