{"id":186967,"date":"2021-08-21T19:19:29","date_gmt":"2021-08-22T00:19:29","guid":{"rendered":"http:\/\/vertienteglobal.com\/?p=186967"},"modified":"2021-08-22T11:45:30","modified_gmt":"2021-08-22T16:45:30","slug":"activan-alerta-naranja-en-cdmx-ante-avance-de-huracan-grace","status":"publish","type":"post","link":"http:\/\/vertienteglobal.com\/?p=186967","title":{"rendered":"Activan alerta naranja en CDMX ante avance de hurac\u00e1n \u2018Grace"},"content":{"rendered":"\n<div class=\"twitterbutton\" style=\"float: right; padding-left: 5px;\"><a href=\"http:\/\/twitter.com\/share\" class=\"twitter-share-button\" data-count=\"horizontal\" data-text=\"Activan alerta naranja en CDMX ante avance de hurac\u00e1n \u2018Grace\" data-via=\"https:\/\/twitter.com\/VertienteGloba1\" data-url=\"http:\/\/vertienteglobal.com\/?p=186967\" data-lang=\"es\" data-related=\"Informaci\u00f3n general:S\u00edguenos para que est\u00e9ss informado\"><\/a><\/div>\n<figure class=\"wp-block-image size-large\"><img loading=\"lazy\" decoding=\"async\" width=\"1024\" height=\"681\" src=\"http:\/\/vertienteglobal.com\/wp-content\/uploads\/2021\/08\/1173675.jpg\" alt=\"\" class=\"wp-image-186968\" srcset=\"http:\/\/vertienteglobal.com\/wp-content\/uploads\/2021\/08\/1173675.jpg 1024w, http:\/\/vertienteglobal.com\/wp-content\/uploads\/2021\/08\/1173675-300x200.jpg 300w, http:\/\/vertienteglobal.com\/wp-content\/uploads\/2021\/08\/1173675-150x100.jpg 150w, http:\/\/vertienteglobal.com\/wp-content\/uploads\/2021\/08\/1173675-768x511.jpg 768w\" sizes=\"auto, (max-width: 1024px) 100vw, 1024px\" \/><\/figure>\n\n\n\n<p>(Redacci\u00f3n)<\/p>\n\n\n\n<p>Las precipitaciones permanecen entre 30 y 49 mil\u00edmetros, con vientos de 50 a 59 kil\u00f3metros por hora, por lo que Protecci\u00f3n Civil se\u00f1al\u00f3 que podr\u00edan registrarse afectaciones<\/p>\n\n\n\n<p>Ciudad de M\u00e9xico 21 de agosto de 2021.- La Secretar\u00eda de Gesti\u00f3n Integral de Riesgos y Protecci\u00f3n Civil de la Ciudad de M\u00e9xico emiti\u00f3 alerta naranja por el pron\u00f3stico del clima debido a las fuertes lluvias y vientos que se registrar\u00e1n este s\u00e1bado en por el paso del hurac\u00e1n \u2018Grace\u2019.<\/p>\n\n\n\n<p>Las precipitaciones permanecen entre 30 y 49 mil\u00edmetros, con vientos de 50 a 59 kil\u00f3metros por hora, por lo que Protecci\u00f3n Civil se\u00f1al\u00f3 que podr\u00edan registrarse afectaciones.<\/p>\n\n\n\n<p>Por lo anterior, recomiendan cerrar puertas y ventanas; en caso de usar bicicleta, utilizar impermeable con reflejante; no estar en calles o avenidas con corrientes de agua.<\/p>\n\n\n\n<p>Ante el pron\u00f3stico, se\u00f1alan que las lluvias fuertes podr\u00edan generar corrientes de agua sobre las calles y avenidas.<\/p>\n\n\n\n<p>Exhortan a tomar precauciones por la posibilidad de ca\u00edda de \u00e1rboles y ramas; as\u00ed como da\u00f1os a mobiliario y avenidas. (Fuente:Milenio)<\/p>\n\n\n\n<p><\/p>\n","protected":false},"excerpt":{"rendered":"<p>(Redacci\u00f3n) Las precipitaciones permanecen entre 30 y 49 mil\u00edmetros, con vientos de 50 a 59 kil\u00f3metros por hora, por lo que Protecci\u00f3n Civil se\u00f1al\u00f3 que podr\u00edan registrarse afectaciones Ciudad de M\u00e9xico 21 de agosto de 2021.- La Secretar\u00eda de Gesti\u00f3n Integral de Riesgos y Protecci\u00f3n Civil de la Ciudad de M\u00e9xico emiti\u00f3 alerta naranja por [&hellip;]<\/p>\n","protected":false},"author":1,"featured_media":186968,"comment_status":"open","ping_status":"open","sticky":false,"template":"","format":"standard","meta":{"footnotes":""},"categories":[8],"tags":[],"class_list":["post-186967","post","type-post","status-publish","format-standard","has-post-thumbnail","hentry","category-pais","entry","has-media"],"jetpack_featured_media_url":"http:\/\/vertienteglobal.com\/wp-content\/uploads\/2021\/08\/1173675.jpg","_links":{"self":[{"href":"http:\/\/vertienteglobal.com\/index.php?rest_route=\/wp\/v2\/posts\/186967","targetHints":{"allow":["GET"]}}],"collection":[{"href":"http:\/\/vertienteglobal.com\/index.php?rest_route=\/wp\/v2\/posts"}],"about":[{"href":"http:\/\/vertienteglobal.com\/index.php?rest_route=\/wp\/v2\/types\/post"}],"author":[{"embeddable":true,"href":"http:\/\/vertienteglobal.com\/index.php?rest_route=\/wp\/v2\/users\/1"}],"replies":[{"embeddable":true,"href":"http:\/\/vertienteglobal.com\/index.php?rest_route=%2Fwp%2Fv2%2Fcomments&post=186967"}],"version-history":[{"count":0,"href":"http:\/\/vertienteglobal.com\/index.php?rest_route=\/wp\/v2\/posts\/186967\/revisions"}],"wp:featuredmedia":[{"embeddable":true,"href":"http:\/\/vertienteglobal.com\/index.php?rest_route=\/wp\/v2\/media\/186968"}],"wp:attachment":[{"href":"http:\/\/vertienteglobal.com\/index.php?rest_route=%2Fwp%2Fv2%2Fmedia&parent=186967"}],"wp:term":[{"taxonomy":"category","embeddable":true,"href":"http:\/\/vertienteglobal.com\/index.php?rest_route=%2Fwp%2Fv2%2Fcategories&post=186967"},{"taxonomy":"post_tag","embeddable":true,"href":"http:\/\/vertienteglobal.com\/index.php?rest_route=%2Fwp%2Fv2%2Ftags&post=186967"}],"curies":[{"name":"wp","href":"https:\/\/api.w.org\/{rel}","templated":true}]}}