{"id":186958,"date":"2021-08-21T23:21:00","date_gmt":"2021-08-22T04:21:00","guid":{"rendered":"http:\/\/vertienteglobal.com\/?p=186958"},"modified":"2021-08-22T11:25:08","modified_gmt":"2021-08-22T16:25:08","slug":"este-domingo-se-podra-ver-la-luna-azul-pero-que-es","status":"publish","type":"post","link":"http:\/\/vertienteglobal.com\/?p=186958","title":{"rendered":"Este domingo se podr\u00e1 ver la &#8216;luna azul&#8217;, pero \u00bfqu\u00e9 es?"},"content":{"rendered":"\n<div class=\"twitterbutton\" style=\"float: right; padding-left: 5px;\"><a href=\"http:\/\/twitter.com\/share\" class=\"twitter-share-button\" data-count=\"horizontal\" data-text=\"Este domingo se podr\u00e1 ver la &#8216;luna azul&#8217;, pero \u00bfqu\u00e9 es?\" data-via=\"https:\/\/twitter.com\/VertienteGloba1\" data-url=\"http:\/\/vertienteglobal.com\/?p=186958\" data-lang=\"es\" data-related=\"Informaci\u00f3n general:S\u00edguenos para que est\u00e9ss informado\"><\/a><\/div>\n<figure class=\"wp-block-image size-large\"><img loading=\"lazy\" decoding=\"async\" width=\"1024\" height=\"576\" src=\"http:\/\/vertienteglobal.com\/wp-content\/uploads\/2021\/08\/153098.jpg\" alt=\"\" class=\"wp-image-186959\" srcset=\"http:\/\/vertienteglobal.com\/wp-content\/uploads\/2021\/08\/153098.jpg 1024w, http:\/\/vertienteglobal.com\/wp-content\/uploads\/2021\/08\/153098-300x169.jpg 300w, http:\/\/vertienteglobal.com\/wp-content\/uploads\/2021\/08\/153098-150x84.jpg 150w, http:\/\/vertienteglobal.com\/wp-content\/uploads\/2021\/08\/153098-768x432.jpg 768w\" sizes=\"auto, (max-width: 1024px) 100vw, 1024px\" \/><\/figure>\n\n\n\n<p>(Redacci\u00f3n)<\/p>\n\n\n\n<p>La luna azul ser\u00e1 visible este domingo 22 de agosto y se podr\u00e1 observar desde cualquier punto de M\u00e9xico. El sat\u00e9lite natural se encontrar\u00e1 a una distancia de 389 mil 546 kil\u00f3metros de la Tierra<\/p>\n\n\n\n<p>Ciudad de M\u00e9xico 21 de agosto de 2021.- Este domingo 22 de agosto se presentar\u00e1 el fen\u00f3meno denominado como luna azul estacional, que de acuerdo con la NASA se presenta cada dos a\u00f1os y medio o tres, que corresponde a la tercera luna llena de la temporada.<\/p>\n\n\n\n<p>Aunque se denomina luna azul, su color no cambia ya que se mantiene su tono habitual; sin embargo, durante el transcurso de la historia s\u00ed ha cambiado a azul. Este fen\u00f3meno se presenta cuando se encuentran part\u00edculas m\u00e1s anchas que la longitud de onda de la luz roja, de acuerdo con la NASA.<\/p>\n\n\n\n<p>La luna azul ser\u00e1 visible este domingo 22 de agosto y se podr\u00e1 observar desde cualquier punto de M\u00e9xico. El sat\u00e9lite natural se encontrar\u00e1 a una distancia de 389 mil 546 kil\u00f3metros de la Tierra.<\/p>\n\n\n\n<p>En el pasado, el nombre de luna azul se asociaba a la tristeza ya que algunas personas lo asociaban este fen\u00f3meno a la mala suerte y el color azul ha sido relacionado con este estado de \u00e1nimo. Sin embargo, otros factores pueden ser por la calidad de aire en la atm\u00f3sfera.(Fuente: Heraldo)<\/p>\n","protected":false},"excerpt":{"rendered":"<p>(Redacci\u00f3n) La luna azul ser\u00e1 visible este domingo 22 de agosto y se podr\u00e1 observar desde cualquier punto de M\u00e9xico. El sat\u00e9lite natural se encontrar\u00e1 a una distancia de 389 mil 546 kil\u00f3metros de la Tierra Ciudad de M\u00e9xico 21 de agosto de 2021.- Este domingo 22 de agosto se presentar\u00e1 el fen\u00f3meno denominado como [&hellip;]<\/p>\n","protected":false},"author":1,"featured_media":186959,"comment_status":"open","ping_status":"open","sticky":false,"template":"","format":"standard","meta":{"footnotes":""},"categories":[8],"tags":[],"class_list":["post-186958","post","type-post","status-publish","format-standard","has-post-thumbnail","hentry","category-pais","entry","has-media"],"jetpack_featured_media_url":"http:\/\/vertienteglobal.com\/wp-content\/uploads\/2021\/08\/153098.jpg","_links":{"self":[{"href":"http:\/\/vertienteglobal.com\/index.php?rest_route=\/wp\/v2\/posts\/186958","targetHints":{"allow":["GET"]}}],"collection":[{"href":"http:\/\/vertienteglobal.com\/index.php?rest_route=\/wp\/v2\/posts"}],"about":[{"href":"http:\/\/vertienteglobal.com\/index.php?rest_route=\/wp\/v2\/types\/post"}],"author":[{"embeddable":true,"href":"http:\/\/vertienteglobal.com\/index.php?rest_route=\/wp\/v2\/users\/1"}],"replies":[{"embeddable":true,"href":"http:\/\/vertienteglobal.com\/index.php?rest_route=%2Fwp%2Fv2%2Fcomments&post=186958"}],"version-history":[{"count":0,"href":"http:\/\/vertienteglobal.com\/index.php?rest_route=\/wp\/v2\/posts\/186958\/revisions"}],"wp:featuredmedia":[{"embeddable":true,"href":"http:\/\/vertienteglobal.com\/index.php?rest_route=\/wp\/v2\/media\/186959"}],"wp:attachment":[{"href":"http:\/\/vertienteglobal.com\/index.php?rest_route=%2Fwp%2Fv2%2Fmedia&parent=186958"}],"wp:term":[{"taxonomy":"category","embeddable":true,"href":"http:\/\/vertienteglobal.com\/index.php?rest_route=%2Fwp%2Fv2%2Fcategories&post=186958"},{"taxonomy":"post_tag","embeddable":true,"href":"http:\/\/vertienteglobal.com\/index.php?rest_route=%2Fwp%2Fv2%2Ftags&post=186958"}],"curies":[{"name":"wp","href":"https:\/\/api.w.org\/{rel}","templated":true}]}}