{"id":186725,"date":"2021-08-19T21:09:00","date_gmt":"2021-08-20T02:09:00","guid":{"rendered":"http:\/\/vertienteglobal.com\/?p=186725"},"modified":"2021-08-19T21:11:51","modified_gmt":"2021-08-20T02:11:51","slug":"ferry-reactivara-operaciones-de-cozumel-a-playa-del-carmen-manana","status":"publish","type":"post","link":"http:\/\/vertienteglobal.com\/?p=186725","title":{"rendered":"Ferry reactivar\u00e1 operaciones de Cozumel a Playa del Carmen ma\u00f1ana"},"content":{"rendered":"\n<div class=\"twitterbutton\" style=\"float: right; padding-left: 5px;\"><a href=\"http:\/\/twitter.com\/share\" class=\"twitter-share-button\" data-count=\"horizontal\" data-text=\"Ferry reactivar\u00e1 operaciones de Cozumel a Playa del Carmen ma\u00f1ana\" data-via=\"https:\/\/twitter.com\/VertienteGloba1\" data-url=\"http:\/\/vertienteglobal.com\/?p=186725\" data-lang=\"es\" data-related=\"Informaci\u00f3n general:S\u00edguenos para que est\u00e9ss informado\"><\/a><\/div>\n<figure class=\"wp-block-image size-large\"><img loading=\"lazy\" decoding=\"async\" width=\"696\" height=\"360\" src=\"http:\/\/vertienteglobal.com\/wp-content\/uploads\/2021\/08\/20210819_163310-696x360-1.jpg\" alt=\"\" class=\"wp-image-186726\" srcset=\"http:\/\/vertienteglobal.com\/wp-content\/uploads\/2021\/08\/20210819_163310-696x360-1.jpg 696w, http:\/\/vertienteglobal.com\/wp-content\/uploads\/2021\/08\/20210819_163310-696x360-1-300x155.jpg 300w, http:\/\/vertienteglobal.com\/wp-content\/uploads\/2021\/08\/20210819_163310-696x360-1-150x78.jpg 150w\" sizes=\"auto, (max-width: 696px) 100vw, 696px\" \/><\/figure>\n\n\n\n<p>(Redacci\u00f3n )<\/p>\n\n\n\n<p>Tambien ma\u00f1ana regresar\u00e1n los cruceros, cancelados desde ayer, con dos en la terminal SSA y el primer arribo en Punta Langostas. Carnival volver\u00e1 a Puerta Maya el lunes<\/p>\n\n\n\n<p>Cozumel, Quintana Roo, 19 de agosto de 2021.- La empresa naviera Ultramar inform\u00f3 hoy que ha cancelado sus cruces entre est\u00e1 Isla y Playa del Carmen, debido al fuerte oleaje, como consecuencia del paso del hurac\u00e1n \u201cGrace\u201d.<\/p>\n\n\n\n<p>Y es que el alcalde de Cozumel, Pedro Joaqu\u00edn Delbouis, confirm\u00f3 que aunque este cicl\u00f3n ya est\u00e1 a m\u00e1s de 100 kil\u00f3metros al oeste de Tulum y por tanto ya no representa riesgo en cuanto a vientos, todav\u00eda hay fuertes oleaje y lluvia, por lo que hay que mantenerse atento a la informaci\u00f3n oficial.<\/p>\n\n\n\n<p>El aeropuerto ya fue reabierto y los locales comerciales ya pueden operar, por lo que el edil exhort\u00f3 a la ciudadan\u00eda a no desperdiciar un d\u00eda productivo, con turismo. Entre ayer y hoy, fueron cancelados dos vuelos, de Volaris y United.<\/p>\n\n\n\n<p>Tambien ma\u00f1ana regresar\u00e1n los cruceros, cancelados desde ayer, con dos en la terminal SSA y el primer arribo en Punta Langostas. Carnival volver\u00e1 a Puerta Maya el lunes.<\/p>\n","protected":false},"excerpt":{"rendered":"<p>(Redacci\u00f3n ) Tambien ma\u00f1ana regresar\u00e1n los cruceros, cancelados desde ayer, con dos en la terminal SSA y el primer arribo en Punta Langostas. Carnival volver\u00e1 a Puerta Maya el lunes Cozumel, Quintana Roo, 19 de agosto de 2021.- La empresa naviera Ultramar inform\u00f3 hoy que ha cancelado sus cruces entre est\u00e1 Isla y Playa del [&hellip;]<\/p>\n","protected":false},"author":1,"featured_media":186726,"comment_status":"open","ping_status":"open","sticky":false,"template":"","format":"standard","meta":{"footnotes":""},"categories":[3],"tags":[],"class_list":["post-186725","post","type-post","status-publish","format-standard","has-post-thumbnail","hentry","category-quintana-roo","entry","has-media"],"jetpack_featured_media_url":"http:\/\/vertienteglobal.com\/wp-content\/uploads\/2021\/08\/20210819_163310-696x360-1.jpg","_links":{"self":[{"href":"http:\/\/vertienteglobal.com\/index.php?rest_route=\/wp\/v2\/posts\/186725","targetHints":{"allow":["GET"]}}],"collection":[{"href":"http:\/\/vertienteglobal.com\/index.php?rest_route=\/wp\/v2\/posts"}],"about":[{"href":"http:\/\/vertienteglobal.com\/index.php?rest_route=\/wp\/v2\/types\/post"}],"author":[{"embeddable":true,"href":"http:\/\/vertienteglobal.com\/index.php?rest_route=\/wp\/v2\/users\/1"}],"replies":[{"embeddable":true,"href":"http:\/\/vertienteglobal.com\/index.php?rest_route=%2Fwp%2Fv2%2Fcomments&post=186725"}],"version-history":[{"count":0,"href":"http:\/\/vertienteglobal.com\/index.php?rest_route=\/wp\/v2\/posts\/186725\/revisions"}],"wp:featuredmedia":[{"embeddable":true,"href":"http:\/\/vertienteglobal.com\/index.php?rest_route=\/wp\/v2\/media\/186726"}],"wp:attachment":[{"href":"http:\/\/vertienteglobal.com\/index.php?rest_route=%2Fwp%2Fv2%2Fmedia&parent=186725"}],"wp:term":[{"taxonomy":"category","embeddable":true,"href":"http:\/\/vertienteglobal.com\/index.php?rest_route=%2Fwp%2Fv2%2Fcategories&post=186725"},{"taxonomy":"post_tag","embeddable":true,"href":"http:\/\/vertienteglobal.com\/index.php?rest_route=%2Fwp%2Fv2%2Ftags&post=186725"}],"curies":[{"name":"wp","href":"https:\/\/api.w.org\/{rel}","templated":true}]}}