{"id":186689,"date":"2021-08-19T18:19:00","date_gmt":"2021-08-19T23:19:00","guid":{"rendered":"http:\/\/vertienteglobal.com\/?p=186689"},"modified":"2021-08-19T19:42:10","modified_gmt":"2021-08-20T00:42:10","slug":"congreso-rechaza-extraordinario-para-discutir-la-revocacion-de-mandato","status":"publish","type":"post","link":"http:\/\/vertienteglobal.com\/?p=186689","title":{"rendered":"Congreso rechaza extraordinario para discutir la revocaci\u00f3n de mandato"},"content":{"rendered":"\n<div class=\"twitterbutton\" style=\"float: right; padding-left: 5px;\"><a href=\"http:\/\/twitter.com\/share\" class=\"twitter-share-button\" data-count=\"horizontal\" data-text=\"Congreso rechaza extraordinario para discutir la revocaci\u00f3n de mandato\" data-via=\"https:\/\/twitter.com\/VertienteGloba1\" data-url=\"http:\/\/vertienteglobal.com\/?p=186689\" data-lang=\"es\" data-related=\"Informaci\u00f3n general:S\u00edguenos para que est\u00e9ss informado\"><\/a><\/div>\n<figure class=\"wp-block-image size-large\"><img loading=\"lazy\" decoding=\"async\" width=\"1024\" height=\"683\" src=\"http:\/\/vertienteglobal.com\/wp-content\/uploads\/2021\/08\/152884.jpg\" alt=\"\" class=\"wp-image-186690\" srcset=\"http:\/\/vertienteglobal.com\/wp-content\/uploads\/2021\/08\/152884.jpg 1024w, http:\/\/vertienteglobal.com\/wp-content\/uploads\/2021\/08\/152884-300x200.jpg 300w, http:\/\/vertienteglobal.com\/wp-content\/uploads\/2021\/08\/152884-150x100.jpg 150w, http:\/\/vertienteglobal.com\/wp-content\/uploads\/2021\/08\/152884-768x512.jpg 768w\" sizes=\"auto, (max-width: 1024px) 100vw, 1024px\" \/><\/figure>\n\n\n\n<p>(Redacci\u00f3n)<\/p>\n\n\n\n<p>La senadora del PRI Claudia Ruiz Massieu asegur\u00f3 que la Oposici\u00f3n no tiene miedo, pero consider\u00f3 que se requiere una Ley de Revocaci\u00f3n de Mandato que no viole la Constituci\u00f3n y empodere a la ciudadan\u00eda, no al poder p\u00fablico<\/p>\n\n\n\n<p>Ciudad de M\u00e9xico, 19 de agosto de 2021.- Los senadores de Morena y sus aliados no lograron los votos necesarios para aprobar un periodo extraordinario en el que discutir\u00eda la revocaci\u00f3n de mandato.<\/p>\n\n\n\n<p>Y es que en sesi\u00f3n\u00a0de la Comisi\u00f3n Permanente se emitieron\u00a024 votos a favor y 13 en contra, por lo que no se reuni\u00f3 la mayor\u00eda calificada.\u00a0<\/p>\n\n\n\n<p>Ayer, Morena ni siquiera pudo abrir el debate para ir al extraordinario y ventilar la ley reglamentaria de la revocaci\u00f3n de mandato.<\/p>\n\n\n\n<p>Al argumentar en contra, la senadora del PRI Claudia Ruiz Massieu asegur\u00f3 que la Oposici\u00f3n no tiene miedo, pero consider\u00f3 que se requiere una Ley de Revocaci\u00f3n de Mandato que no viole la Constituci\u00f3n y empodere a la ciudadan\u00eda, no al poder p\u00fablico.<\/p>\n\n\n\n<p>&nbsp;\u00abPara violar la Constituci\u00f3n y para falsamente quitarle un instrumento a la ciudadan\u00eda y d\u00e1rselo al Ejecutivo para hacer campa\u00f1a, cuando no la debe hacer, no van a contar con la Oposici\u00f3n y mucho menos con el PRI\u00bb, advirti\u00f3.<\/p>\n\n\n\n<p>\u00abHay que dejar de simular y trabajar con seriedad, con conocimiento, sin apasionamientos ideol\u00f3gicos\u00bb. (Fuente:Agencia Reforma)<\/p>\n","protected":false},"excerpt":{"rendered":"<p>(Redacci\u00f3n) La senadora del PRI Claudia Ruiz Massieu asegur\u00f3 que la Oposici\u00f3n no tiene miedo, pero consider\u00f3 que se requiere una Ley de Revocaci\u00f3n de Mandato que no viole la Constituci\u00f3n y empodere a la ciudadan\u00eda, no al poder p\u00fablico Ciudad de M\u00e9xico, 19 de agosto de 2021.- Los senadores de Morena y sus aliados [&hellip;]<\/p>\n","protected":false},"author":1,"featured_media":186690,"comment_status":"open","ping_status":"open","sticky":false,"template":"","format":"standard","meta":{"footnotes":""},"categories":[8],"tags":[],"class_list":["post-186689","post","type-post","status-publish","format-standard","has-post-thumbnail","hentry","category-pais","entry","has-media"],"jetpack_featured_media_url":"http:\/\/vertienteglobal.com\/wp-content\/uploads\/2021\/08\/152884.jpg","_links":{"self":[{"href":"http:\/\/vertienteglobal.com\/index.php?rest_route=\/wp\/v2\/posts\/186689","targetHints":{"allow":["GET"]}}],"collection":[{"href":"http:\/\/vertienteglobal.com\/index.php?rest_route=\/wp\/v2\/posts"}],"about":[{"href":"http:\/\/vertienteglobal.com\/index.php?rest_route=\/wp\/v2\/types\/post"}],"author":[{"embeddable":true,"href":"http:\/\/vertienteglobal.com\/index.php?rest_route=\/wp\/v2\/users\/1"}],"replies":[{"embeddable":true,"href":"http:\/\/vertienteglobal.com\/index.php?rest_route=%2Fwp%2Fv2%2Fcomments&post=186689"}],"version-history":[{"count":0,"href":"http:\/\/vertienteglobal.com\/index.php?rest_route=\/wp\/v2\/posts\/186689\/revisions"}],"wp:featuredmedia":[{"embeddable":true,"href":"http:\/\/vertienteglobal.com\/index.php?rest_route=\/wp\/v2\/media\/186690"}],"wp:attachment":[{"href":"http:\/\/vertienteglobal.com\/index.php?rest_route=%2Fwp%2Fv2%2Fmedia&parent=186689"}],"wp:term":[{"taxonomy":"category","embeddable":true,"href":"http:\/\/vertienteglobal.com\/index.php?rest_route=%2Fwp%2Fv2%2Fcategories&post=186689"},{"taxonomy":"post_tag","embeddable":true,"href":"http:\/\/vertienteglobal.com\/index.php?rest_route=%2Fwp%2Fv2%2Ftags&post=186689"}],"curies":[{"name":"wp","href":"https:\/\/api.w.org\/{rel}","templated":true}]}}