{"id":186354,"date":"2021-08-15T12:49:00","date_gmt":"2021-08-15T17:49:00","guid":{"rendered":"http:\/\/vertienteglobal.com\/?p=186354"},"modified":"2021-08-15T15:54:53","modified_gmt":"2021-08-15T20:54:53","slug":"gobierno-de-mexico-comienza-proceso-para-edificar-aeropuerto-militar-en-tulum-quintana-roo","status":"publish","type":"post","link":"http:\/\/vertienteglobal.com\/?p=186354","title":{"rendered":"Gobierno de M\u00e9xico comienza proceso para edificar aeropuerto militar en Tulum, Quintana Roo"},"content":{"rendered":"\n<div class=\"twitterbutton\" style=\"float: right; padding-left: 5px;\"><a href=\"http:\/\/twitter.com\/share\" class=\"twitter-share-button\" data-count=\"horizontal\" data-text=\"Gobierno de M\u00e9xico comienza proceso para edificar aeropuerto militar en Tulum, ...\" data-via=\"https:\/\/twitter.com\/VertienteGloba1\" data-url=\"http:\/\/vertienteglobal.com\/?p=186354\" data-lang=\"es\" data-related=\"Informaci\u00f3n general:S\u00edguenos para que est\u00e9ss informado\"><\/a><\/div>\n<figure class=\"wp-block-image size-large\"><img loading=\"lazy\" decoding=\"async\" width=\"1024\" height=\"419\" src=\"http:\/\/vertienteglobal.com\/wp-content\/uploads\/2021\/08\/20210815_143351-1024x419.jpg\" alt=\"\" class=\"wp-image-186355\" srcset=\"http:\/\/vertienteglobal.com\/wp-content\/uploads\/2021\/08\/20210815_143351-1024x419.jpg 1024w, http:\/\/vertienteglobal.com\/wp-content\/uploads\/2021\/08\/20210815_143351-300x123.jpg 300w, http:\/\/vertienteglobal.com\/wp-content\/uploads\/2021\/08\/20210815_143351-150x61.jpg 150w, http:\/\/vertienteglobal.com\/wp-content\/uploads\/2021\/08\/20210815_143351-768x314.jpg 768w, http:\/\/vertienteglobal.com\/wp-content\/uploads\/2021\/08\/20210815_143351.jpg 1260w\" sizes=\"auto, (max-width: 1024px) 100vw, 1024px\" \/><\/figure>\n\n\n\n<p>(Redacci\u00f3n)<\/p>\n\n\n\n<p>El gobierno del pa\u00eds ha se\u00f1alado que la nueva terminal a\u00e9rea reducir\u00e1 el tiempo de traslado de quienes buscan viajar a la Riviera Maya<\/p>\n\n\n\n<p>Ciudad de M\u00e9xico 15 de agosto de 2021.-Este domingo, medios nacionales informaron que el gobierno de M\u00e9xico comenz\u00f3 la edificaci\u00f3n del aeropuerto militar en Tulum, Quintana Roo,obra que estar\u00e1 ubicada en la localidad de Coba.<\/p>\n\n\n\n<p>Las nuevas instalaciones tendr\u00e1n el prop\u00f3sito de incrementar las operaciones que se realizan en esa entidad, a fin de cubrir la demanda de pasajeros que buscan trasladarse al estado.<\/p>\n\n\n\n<p>El gobierno del pa\u00eds ha se\u00f1alado que la nueva terminal a\u00e9rea reducir\u00e1 el tiempo de traslado de quienes buscan viajar a la Riviera Maya.<\/p>\n\n\n\n<p>En la planificaci\u00f3n de la nueva obra, se dar\u00e1 a conocer el dise\u00f1o arquitect\u00f3nico de las instalaciones, y adem\u00e1s se incluir\u00e1 m\u00e1s informaci\u00f3n de los estacionamientos, vialidades y planeaci\u00f3n urbana.(Fuente: Pol\u00edtico MX)<\/p>\n","protected":false},"excerpt":{"rendered":"<p>(Redacci\u00f3n) El gobierno del pa\u00eds ha se\u00f1alado que la nueva terminal a\u00e9rea reducir\u00e1 el tiempo de traslado de quienes buscan viajar a la Riviera Maya Ciudad de M\u00e9xico 15 de agosto de 2021.-Este domingo, medios nacionales informaron que el gobierno de M\u00e9xico comenz\u00f3 la edificaci\u00f3n del aeropuerto militar en Tulum, Quintana Roo,obra que estar\u00e1 ubicada [&hellip;]<\/p>\n","protected":false},"author":1,"featured_media":186355,"comment_status":"open","ping_status":"open","sticky":false,"template":"","format":"standard","meta":{"footnotes":""},"categories":[8,3],"tags":[],"class_list":["post-186354","post","type-post","status-publish","format-standard","has-post-thumbnail","hentry","category-pais","category-quintana-roo","entry","has-media"],"jetpack_featured_media_url":"http:\/\/vertienteglobal.com\/wp-content\/uploads\/2021\/08\/20210815_143351.jpg","_links":{"self":[{"href":"http:\/\/vertienteglobal.com\/index.php?rest_route=\/wp\/v2\/posts\/186354","targetHints":{"allow":["GET"]}}],"collection":[{"href":"http:\/\/vertienteglobal.com\/index.php?rest_route=\/wp\/v2\/posts"}],"about":[{"href":"http:\/\/vertienteglobal.com\/index.php?rest_route=\/wp\/v2\/types\/post"}],"author":[{"embeddable":true,"href":"http:\/\/vertienteglobal.com\/index.php?rest_route=\/wp\/v2\/users\/1"}],"replies":[{"embeddable":true,"href":"http:\/\/vertienteglobal.com\/index.php?rest_route=%2Fwp%2Fv2%2Fcomments&post=186354"}],"version-history":[{"count":0,"href":"http:\/\/vertienteglobal.com\/index.php?rest_route=\/wp\/v2\/posts\/186354\/revisions"}],"wp:featuredmedia":[{"embeddable":true,"href":"http:\/\/vertienteglobal.com\/index.php?rest_route=\/wp\/v2\/media\/186355"}],"wp:attachment":[{"href":"http:\/\/vertienteglobal.com\/index.php?rest_route=%2Fwp%2Fv2%2Fmedia&parent=186354"}],"wp:term":[{"taxonomy":"category","embeddable":true,"href":"http:\/\/vertienteglobal.com\/index.php?rest_route=%2Fwp%2Fv2%2Fcategories&post=186354"},{"taxonomy":"post_tag","embeddable":true,"href":"http:\/\/vertienteglobal.com\/index.php?rest_route=%2Fwp%2Fv2%2Ftags&post=186354"}],"curies":[{"name":"wp","href":"https:\/\/api.w.org\/{rel}","templated":true}]}}