{"id":186212,"date":"2021-08-13T18:06:00","date_gmt":"2021-08-13T23:06:00","guid":{"rendered":"http:\/\/vertienteglobal.com\/?p=186212"},"modified":"2021-08-13T19:08:25","modified_gmt":"2021-08-14T00:08:25","slug":"vicente-fernandez-esta-despierto-aun-depende-de-ventilacion-mecanica-informa-su-familia","status":"publish","type":"post","link":"http:\/\/vertienteglobal.com\/?p=186212","title":{"rendered":"Vicente Fern\u00e1ndez est\u00e1 despierto, a\u00fan depende de ventilaci\u00f3n mec\u00e1nica, informa su familia"},"content":{"rendered":"\n<div class=\"twitterbutton\" style=\"float: right; padding-left: 5px;\"><a href=\"http:\/\/twitter.com\/share\" class=\"twitter-share-button\" data-count=\"horizontal\" data-text=\"Vicente Fern\u00e1ndez est\u00e1 despierto, a\u00fan depende de ventilaci\u00f3n mec\u00e1nica, info...\" data-via=\"https:\/\/twitter.com\/VertienteGloba1\" data-url=\"http:\/\/vertienteglobal.com\/?p=186212\" data-lang=\"es\" data-related=\"Informaci\u00f3n general:S\u00edguenos para que est\u00e9ss informado\"><\/a><\/div>\n<figure class=\"wp-block-image size-large\"><img loading=\"lazy\" decoding=\"async\" width=\"660\" height=\"330\" src=\"http:\/\/vertienteglobal.com\/wp-content\/uploads\/2021\/08\/vicente-fernandez-despierto-comunicado-familia-ultimas-noticias-780x470-1-660x330-1.jpg\" alt=\"\" class=\"wp-image-186213\" srcset=\"http:\/\/vertienteglobal.com\/wp-content\/uploads\/2021\/08\/vicente-fernandez-despierto-comunicado-familia-ultimas-noticias-780x470-1-660x330-1.jpg 660w, http:\/\/vertienteglobal.com\/wp-content\/uploads\/2021\/08\/vicente-fernandez-despierto-comunicado-familia-ultimas-noticias-780x470-1-660x330-1-300x150.jpg 300w, http:\/\/vertienteglobal.com\/wp-content\/uploads\/2021\/08\/vicente-fernandez-despierto-comunicado-familia-ultimas-noticias-780x470-1-660x330-1-150x75.jpg 150w\" sizes=\"auto, (max-width: 660px) 100vw, 660px\" \/><\/figure>\n\n\n\n<p>(Redacci\u00f3n)<\/p>\n\n\n\n<p><em><strong>La familia de&nbsp;Vicente Fern\u00e1ndez&nbsp;inform\u00f3 que el cantante ya est\u00e1 despierto, tras sufrir un&nbsp;accidente&nbsp;en su rancho \u201cLos Tres Potrillos\u201d y ser hospitalizado.<\/strong><\/em><\/p>\n\n\n\n<p>Guadalajara, Jalisco, 13 de agosto de 2021.-Hasta ayer el estado de salud del \u201cCharro de Huentit\u00e1n\u201d era grave pero estable, incluso tuvo que ser intervenido quir\u00fargicamente por una lesi\u00f3n en las cervicales.<\/p>\n\n\n\n<p>Desde que se dio a conocer su percance los fan\u00e1ticos se mantuvieron a la expectativa de la evoluci\u00f3n m\u00e9dica del int\u00e9rprete, pues debido a su edad ya forma parte de la poblaci\u00f3n en riesgo.<\/p>\n\n\n\n<p>Afortunadamente Vicente Fern\u00e1ndez avanza en su recuperaci\u00f3n, prueba de ello es que hoy por fin se asegur\u00f3 que contin\u00faa despierto y conectado a un respirador artificial.<\/p>\n\n\n\n<p>\u201cContin\u00faa despierto. Con analgesia y sedaci\u00f3n m\u00ednima, a\u00fan dependiente de ventilaci\u00f3n mec\u00e1nica. Al momento sin infecci\u00f3n pulmonar\u201d, refirieron los especialistas.<\/p>\n\n\n\n<p>\u201cSu estado cardiovascular es estable, a\u00fan con debilidad en sus extremidades y muy ligera movilizaci\u00f3n espont\u00e1nea al esfuerzo. Contin\u00faa su rehabilitaci\u00f3n f\u00edsica y pulmonar\u201d, se explic\u00f3 en el comunicado difundido v\u00eda<strong>&nbsp;Instagram<\/strong>.<\/p>\n\n\n\n<h3 class=\"wp-block-heading\">Familia Fern\u00e1ndez Abarca agradece las oraciones por Vicente Fern\u00e1ndez<\/h3>\n\n\n\n<p>Al compartir el parte m\u00e9dico sobre la salud de&nbsp;<a href=\"https:\/\/futbol.radioformula.com.mx\/fuera-de-juego\/cuanto-tiempo-podria-tardar-en-recuperarse-vicente-fernandez-esto-dicen-los-medicos\/\"><strong>Vicente Fern\u00e1ndez<\/strong><\/a>, la familia Fern\u00e1ndez Abarca aprovech\u00f3 para agradecer las muestras de cari\u00f1o que el p\u00fablico les ha manifestado.<\/p>\n\n\n\n<p>\u201cGracias a todos por su preocupaci\u00f3n y oraciones. Estamos muy agradecidos por tanto apoyo\u201d, revelaron los miembros de la dinast\u00eda musical.<\/p>\n\n\n\n<p>Cabe recordar que apenas ayer\u00a0<strong>Alejandro Fern\u00e1ndez<\/strong>, el hijo m\u00e1s famoso de\u00a0<strong>Vicente Fern\u00e1ndez<\/strong>, envi\u00f3 un mensaje v\u00eda\u00a0<strong>Instagram\u00a0<\/strong>para expresar su deseo sobre la pronta recuperaci\u00f3n de su progenitor. (Fuente: Radio Formula)<\/p>\n","protected":false},"excerpt":{"rendered":"<p>(Redacci\u00f3n) La familia de&nbsp;Vicente Fern\u00e1ndez&nbsp;inform\u00f3 que el cantante ya est\u00e1 despierto, tras sufrir un&nbsp;accidente&nbsp;en su rancho \u201cLos Tres Potrillos\u201d y ser hospitalizado. Guadalajara, Jalisco, 13 de agosto de 2021.-Hasta ayer el estado de salud del \u201cCharro de Huentit\u00e1n\u201d era grave pero estable, incluso tuvo que ser intervenido quir\u00fargicamente por una lesi\u00f3n en las cervicales. Desde [&hellip;]<\/p>\n","protected":false},"author":1,"featured_media":186213,"comment_status":"open","ping_status":"open","sticky":false,"template":"","format":"standard","meta":{"footnotes":""},"categories":[10],"tags":[],"class_list":["post-186212","post","type-post","status-publish","format-standard","has-post-thumbnail","hentry","category-espectaculos","entry","has-media"],"jetpack_featured_media_url":"http:\/\/vertienteglobal.com\/wp-content\/uploads\/2021\/08\/vicente-fernandez-despierto-comunicado-familia-ultimas-noticias-780x470-1-660x330-1.jpg","_links":{"self":[{"href":"http:\/\/vertienteglobal.com\/index.php?rest_route=\/wp\/v2\/posts\/186212","targetHints":{"allow":["GET"]}}],"collection":[{"href":"http:\/\/vertienteglobal.com\/index.php?rest_route=\/wp\/v2\/posts"}],"about":[{"href":"http:\/\/vertienteglobal.com\/index.php?rest_route=\/wp\/v2\/types\/post"}],"author":[{"embeddable":true,"href":"http:\/\/vertienteglobal.com\/index.php?rest_route=\/wp\/v2\/users\/1"}],"replies":[{"embeddable":true,"href":"http:\/\/vertienteglobal.com\/index.php?rest_route=%2Fwp%2Fv2%2Fcomments&post=186212"}],"version-history":[{"count":0,"href":"http:\/\/vertienteglobal.com\/index.php?rest_route=\/wp\/v2\/posts\/186212\/revisions"}],"wp:featuredmedia":[{"embeddable":true,"href":"http:\/\/vertienteglobal.com\/index.php?rest_route=\/wp\/v2\/media\/186213"}],"wp:attachment":[{"href":"http:\/\/vertienteglobal.com\/index.php?rest_route=%2Fwp%2Fv2%2Fmedia&parent=186212"}],"wp:term":[{"taxonomy":"category","embeddable":true,"href":"http:\/\/vertienteglobal.com\/index.php?rest_route=%2Fwp%2Fv2%2Fcategories&post=186212"},{"taxonomy":"post_tag","embeddable":true,"href":"http:\/\/vertienteglobal.com\/index.php?rest_route=%2Fwp%2Fv2%2Ftags&post=186212"}],"curies":[{"name":"wp","href":"https:\/\/api.w.org\/{rel}","templated":true}]}}