{"id":186131,"date":"2021-08-12T16:49:52","date_gmt":"2021-08-12T21:49:52","guid":{"rendered":"http:\/\/vertienteglobal.com\/?p=186131"},"modified":"2021-08-13T12:21:38","modified_gmt":"2021-08-13T17:21:38","slug":"ninos-ganan-amparo-para-recibir-vacuna-anticovid-y-regresar-a-clases-presenciales","status":"publish","type":"post","link":"http:\/\/vertienteglobal.com\/?p=186131","title":{"rendered":"Ni\u00f1os ganan amparo para recibir vacuna anticovid y regresar a clases presenciales"},"content":{"rendered":"\n<div class=\"twitterbutton\" style=\"float: right; padding-left: 5px;\"><a href=\"http:\/\/twitter.com\/share\" class=\"twitter-share-button\" data-count=\"horizontal\" data-text=\"Ni\u00f1os ganan amparo para recibir vacuna anticovid y regresar a clases presencial...\" data-via=\"https:\/\/twitter.com\/VertienteGloba1\" data-url=\"http:\/\/vertienteglobal.com\/?p=186131\" data-lang=\"es\" data-related=\"Informaci\u00f3n general:S\u00edguenos para que est\u00e9ss informado\"><\/a><\/div>\n<figure class=\"wp-block-image size-large\"><img loading=\"lazy\" decoding=\"async\" width=\"660\" height=\"330\" src=\"http:\/\/vertienteglobal.com\/wp-content\/uploads\/2021\/08\/vacunas-covid-19-amparo-ninos-780x470-1-660x330-1.jpg\" alt=\"\" class=\"wp-image-186132\" srcset=\"http:\/\/vertienteglobal.com\/wp-content\/uploads\/2021\/08\/vacunas-covid-19-amparo-ninos-780x470-1-660x330-1.jpg 660w, http:\/\/vertienteglobal.com\/wp-content\/uploads\/2021\/08\/vacunas-covid-19-amparo-ninos-780x470-1-660x330-1-300x150.jpg 300w, http:\/\/vertienteglobal.com\/wp-content\/uploads\/2021\/08\/vacunas-covid-19-amparo-ninos-780x470-1-660x330-1-150x75.jpg 150w\" sizes=\"auto, (max-width: 660px) 100vw, 660px\" \/><\/figure>\n\n\n\n<p>(Redacci\u00f3n)<\/p>\n\n\n\n<p><strong>En Oaxaca, cuatro menores han logrado que un juzgado les de la autorizaci\u00f3n para recibir el biol\u00f3gico anticovid<\/strong><\/p>\n\n\n\n<p>Oaxaca, Oaxaca, a 12 de agosto de 2021.- El pasado 2 de agosto, en Oaxaca, la abogada Alma Franco interpuso un amparo para que su hijo, un ni\u00f1o de 12 a\u00f1o que quiere regresar a clases presenciales, sea vacunado contra la COVID-19.<\/p>\n\n\n\n<p>Dos d\u00edas despu\u00e9s, el juzgado cuarto de distrito de Oaxaca le otorg\u00f3 la suspensi\u00f3n, para que su hijo sea inoculado con el biol\u00f3gico de Pfizer lo antes posible.<\/p>\n\n\n\n<p>Alma Franco justific\u00f3 su petici\u00f3n en dos razones: la primera, que en junio la Cofepris autoriz\u00f3 la aplicaci\u00f3n de la vacuna anticovid de Pfizer, para mayores de 12 a\u00f1os; la segunda, que el presidente Andr\u00e9s Manuel L\u00f3pez Obrador (AMLO) declar\u00f3 que, \u2018llueve, truene o relampaguee\u2019, los ni\u00f1os deben regresar a clases presenciales el 13 de agosto.<\/p>\n\n\n\n<p>\u201cLo que me motiv\u00f3 aqu\u00ed es que mi hijo me est\u00e1 pidiendo ya ir a la escuela. Yo s\u00ed quiero que vaya, pero quiero que vaya prevenido, para evitar que se me enferme de gravedad o que muera\u201d, declar\u00f3 a la reportera de \u201cPor la ma\u00f1ana\u201d, Miriam Moreno.<\/p>\n\n\n\n<p>\u201cNo quiero que mi hijo sea parte de esa estad\u00edstica, de esos 600 y tantos ni\u00f1os que est\u00e1n muriendo. Son 600 y tantos ni\u00f1os los que ya llevamos muertos. El presidente puede decir, \u2018son muy pocos\u2019; si se le muriera su hijo o se fuera de gravedad, \u00e9l no se la acabar\u00eda como pap\u00e1\u201d, agreg\u00f3.<\/p>\n\n\n\n<p>De acuerdo con la estad\u00edstica del Registro Nacional de Poblaci\u00f3n, han muerto mil 983 personas menores de 20 a\u00f1os por COVID-19 desde el inicio de la pandemia. Mientras que el Secretariado Ejecutivo del Sistema Nacional de Protecci\u00f3n Integral de Ni\u00f1as, Ni\u00f1os y Adolescentes (SIPINNA), con base en la estad\u00edstica de la Secretar\u00eda de Salud federal, se\u00f1ala se han reportado 59 mil 127 casos totales de contagios de coronavirus en personas de entre uno y 17 a\u00f1os, y se han registrado 605 defunciones en dicho sector hasta el primero de agosto.<\/p>\n\n\n\n<p>Hasta el d\u00eda de ayer, las autoridades no hab\u00edan cumplido la orden del juez, por lo cual tuvo que poner una queja ante el juzgado que le otorg\u00f3 la suspensi\u00f3n.<\/p>\n\n\n\n<p>Luego de que Alma interpuso el amparo, familiares y amigos comenzaron a contactarla para que los asesorar\u00e1 al respecto; revel\u00f3 que, hasta este mi\u00e9rcoles, hab\u00eda tramitados 50 amparos, de los cuales fueron aceptados tres m\u00e1s, que se suman al de su hijo. (Fuente:Radio F\u00f3rmula)<\/p>\n","protected":false},"excerpt":{"rendered":"<p>(Redacci\u00f3n) En Oaxaca, cuatro menores han logrado que un juzgado les de la autorizaci\u00f3n para recibir el biol\u00f3gico anticovid Oaxaca, Oaxaca, a 12 de agosto de 2021.- El pasado 2 de agosto, en Oaxaca, la abogada Alma Franco interpuso un amparo para que su hijo, un ni\u00f1o de 12 a\u00f1o que quiere regresar a clases [&hellip;]<\/p>\n","protected":false},"author":1,"featured_media":186132,"comment_status":"open","ping_status":"open","sticky":false,"template":"","format":"standard","meta":{"footnotes":""},"categories":[8],"tags":[],"class_list":["post-186131","post","type-post","status-publish","format-standard","has-post-thumbnail","hentry","category-pais","entry","has-media"],"jetpack_featured_media_url":"http:\/\/vertienteglobal.com\/wp-content\/uploads\/2021\/08\/vacunas-covid-19-amparo-ninos-780x470-1-660x330-1.jpg","_links":{"self":[{"href":"http:\/\/vertienteglobal.com\/index.php?rest_route=\/wp\/v2\/posts\/186131","targetHints":{"allow":["GET"]}}],"collection":[{"href":"http:\/\/vertienteglobal.com\/index.php?rest_route=\/wp\/v2\/posts"}],"about":[{"href":"http:\/\/vertienteglobal.com\/index.php?rest_route=\/wp\/v2\/types\/post"}],"author":[{"embeddable":true,"href":"http:\/\/vertienteglobal.com\/index.php?rest_route=\/wp\/v2\/users\/1"}],"replies":[{"embeddable":true,"href":"http:\/\/vertienteglobal.com\/index.php?rest_route=%2Fwp%2Fv2%2Fcomments&post=186131"}],"version-history":[{"count":0,"href":"http:\/\/vertienteglobal.com\/index.php?rest_route=\/wp\/v2\/posts\/186131\/revisions"}],"wp:featuredmedia":[{"embeddable":true,"href":"http:\/\/vertienteglobal.com\/index.php?rest_route=\/wp\/v2\/media\/186132"}],"wp:attachment":[{"href":"http:\/\/vertienteglobal.com\/index.php?rest_route=%2Fwp%2Fv2%2Fmedia&parent=186131"}],"wp:term":[{"taxonomy":"category","embeddable":true,"href":"http:\/\/vertienteglobal.com\/index.php?rest_route=%2Fwp%2Fv2%2Fcategories&post=186131"},{"taxonomy":"post_tag","embeddable":true,"href":"http:\/\/vertienteglobal.com\/index.php?rest_route=%2Fwp%2Fv2%2Ftags&post=186131"}],"curies":[{"name":"wp","href":"https:\/\/api.w.org\/{rel}","templated":true}]}}