{"id":186125,"date":"2021-08-12T15:14:09","date_gmt":"2021-08-12T20:14:09","guid":{"rendered":"http:\/\/vertienteglobal.com\/?p=186125"},"modified":"2021-08-13T12:15:59","modified_gmt":"2021-08-13T17:15:59","slug":"tormenta-tropical-linda-se-intensifica-a-huracan-categoria-1","status":"publish","type":"post","link":"http:\/\/vertienteglobal.com\/?p=186125","title":{"rendered":"Tormenta tropical Linda se intensifica a hurac\u00e1n categor\u00eda 1"},"content":{"rendered":"\n<div class=\"twitterbutton\" style=\"float: right; padding-left: 5px;\"><a href=\"http:\/\/twitter.com\/share\" class=\"twitter-share-button\" data-count=\"horizontal\" data-text=\"Tormenta tropical Linda se intensifica a hurac\u00e1n categor\u00eda 1\" data-via=\"https:\/\/twitter.com\/VertienteGloba1\" data-url=\"http:\/\/vertienteglobal.com\/?p=186125\" data-lang=\"es\" data-related=\"Informaci\u00f3n general:S\u00edguenos para que est\u00e9ss informado\"><\/a><\/div>\n<figure class=\"wp-block-image size-large\"><img loading=\"lazy\" decoding=\"async\" width=\"660\" height=\"330\" src=\"http:\/\/vertienteglobal.com\/wp-content\/uploads\/2021\/08\/foto-cuartoscuro-10-660x330-1.jpg\" alt=\"\" class=\"wp-image-186126\" srcset=\"http:\/\/vertienteglobal.com\/wp-content\/uploads\/2021\/08\/foto-cuartoscuro-10-660x330-1.jpg 660w, http:\/\/vertienteglobal.com\/wp-content\/uploads\/2021\/08\/foto-cuartoscuro-10-660x330-1-300x150.jpg 300w, http:\/\/vertienteglobal.com\/wp-content\/uploads\/2021\/08\/foto-cuartoscuro-10-660x330-1-150x75.jpg 150w\" sizes=\"auto, (max-width: 660px) 100vw, 660px\" \/><\/figure>\n\n\n\n<p>(Redacci\u00f3n)<\/p>\n\n\n\n<p><em><strong>El hurac\u00e1n Linda se encuentra a 590 kil\u00f3metros del suroeste de Manzanillo y provocar\u00e1 lluvias en Colima, Nayarit, Jalisco, Michoac\u00e1n y Guerrero<\/strong><\/em><\/p>\n\n\n\n<p>Ciudad de M\u00e9xico a 12 dw agosto de 2021.- La Comisi\u00f3n Nacional del Agua (Conagua) inform\u00f3 que la tormenta tropical Linda se intensific\u00f3 a hurac\u00e1n categor\u00eda 1 en escala de Saffir Simpson la ma\u00f1ana de este jueves, 12 de julio de 2021.<\/p>\n\n\n\n<p>El hurac\u00e1n Linda se encuentra a 590 kil\u00f3metros del suroeste de Manzanillo y provocar\u00e1 lluvias en Colima, Nayarit, Jalisco, Michoac\u00e1n y Guerrero.<\/p>\n\n\n\n<p>El hurac\u00e1n viene acompa\u00f1ado de vientos de 120 kil\u00f3metros por hora (km\/h) con rachas de 150 km\/h.<\/p>\n\n\n\n<p>La circulaci\u00f3n de Linda ocasionar\u00e1 un oleaje de uno a dos metros de altura en las costas de Nayarit, Michoac\u00e1n, Jalisco y Colima, los estados tendr\u00e1n rachas de viento de 50 a 60 km\/h.<\/p>\n\n\n\n<p>La Conagua indic\u00f3 que la poblaci\u00f3n de los estados mencionados debe tomar precauciones por las lluvias, el viento y el oleaje, y los exhort\u00f3 a atender las recomendaciones emitidas por el Sistema Nacional de Protecci\u00f3n Civil de cada entidad. (Fuente: Conagua\/Televisa)<\/p>\n","protected":false},"excerpt":{"rendered":"<p>(Redacci\u00f3n) El hurac\u00e1n Linda se encuentra a 590 kil\u00f3metros del suroeste de Manzanillo y provocar\u00e1 lluvias en Colima, Nayarit, Jalisco, Michoac\u00e1n y Guerrero Ciudad de M\u00e9xico a 12 dw agosto de 2021.- La Comisi\u00f3n Nacional del Agua (Conagua) inform\u00f3 que la tormenta tropical Linda se intensific\u00f3 a hurac\u00e1n categor\u00eda 1 en escala de Saffir Simpson [&hellip;]<\/p>\n","protected":false},"author":1,"featured_media":186126,"comment_status":"open","ping_status":"open","sticky":false,"template":"","format":"standard","meta":{"footnotes":""},"categories":[8],"tags":[],"class_list":["post-186125","post","type-post","status-publish","format-standard","has-post-thumbnail","hentry","category-pais","entry","has-media"],"jetpack_featured_media_url":"http:\/\/vertienteglobal.com\/wp-content\/uploads\/2021\/08\/foto-cuartoscuro-10-660x330-1.jpg","_links":{"self":[{"href":"http:\/\/vertienteglobal.com\/index.php?rest_route=\/wp\/v2\/posts\/186125","targetHints":{"allow":["GET"]}}],"collection":[{"href":"http:\/\/vertienteglobal.com\/index.php?rest_route=\/wp\/v2\/posts"}],"about":[{"href":"http:\/\/vertienteglobal.com\/index.php?rest_route=\/wp\/v2\/types\/post"}],"author":[{"embeddable":true,"href":"http:\/\/vertienteglobal.com\/index.php?rest_route=\/wp\/v2\/users\/1"}],"replies":[{"embeddable":true,"href":"http:\/\/vertienteglobal.com\/index.php?rest_route=%2Fwp%2Fv2%2Fcomments&post=186125"}],"version-history":[{"count":0,"href":"http:\/\/vertienteglobal.com\/index.php?rest_route=\/wp\/v2\/posts\/186125\/revisions"}],"wp:featuredmedia":[{"embeddable":true,"href":"http:\/\/vertienteglobal.com\/index.php?rest_route=\/wp\/v2\/media\/186126"}],"wp:attachment":[{"href":"http:\/\/vertienteglobal.com\/index.php?rest_route=%2Fwp%2Fv2%2Fmedia&parent=186125"}],"wp:term":[{"taxonomy":"category","embeddable":true,"href":"http:\/\/vertienteglobal.com\/index.php?rest_route=%2Fwp%2Fv2%2Fcategories&post=186125"},{"taxonomy":"post_tag","embeddable":true,"href":"http:\/\/vertienteglobal.com\/index.php?rest_route=%2Fwp%2Fv2%2Ftags&post=186125"}],"curies":[{"name":"wp","href":"https:\/\/api.w.org\/{rel}","templated":true}]}}