{"id":186090,"date":"2021-08-11T23:24:53","date_gmt":"2021-08-12T04:24:53","guid":{"rendered":"http:\/\/vertienteglobal.com\/?p=186090"},"modified":"2021-08-12T07:08:00","modified_gmt":"2021-08-12T12:08:00","slug":"conagua-declara-inicio-de-emergencia-por-sequia-extrema","status":"publish","type":"post","link":"http:\/\/vertienteglobal.com\/?p=186090","title":{"rendered":"Conagua declara inicio de emergencia por sequ\u00eda extrema"},"content":{"rendered":"\n<div class=\"twitterbutton\" style=\"float: right; padding-left: 5px;\"><a href=\"http:\/\/twitter.com\/share\" class=\"twitter-share-button\" data-count=\"horizontal\" data-text=\"Conagua declara inicio de emergencia por sequ\u00eda extrema\" data-via=\"https:\/\/twitter.com\/VertienteGloba1\" data-url=\"http:\/\/vertienteglobal.com\/?p=186090\" data-lang=\"es\" data-related=\"Informaci\u00f3n general:S\u00edguenos para que est\u00e9ss informado\"><\/a><\/div>\n<figure class=\"wp-block-image size-large\"><img loading=\"lazy\" decoding=\"async\" width=\"1024\" height=\"683\" src=\"http:\/\/vertienteglobal.com\/wp-content\/uploads\/2021\/08\/152156.jpg\" alt=\"\" class=\"wp-image-186091\" srcset=\"http:\/\/vertienteglobal.com\/wp-content\/uploads\/2021\/08\/152156.jpg 1024w, http:\/\/vertienteglobal.com\/wp-content\/uploads\/2021\/08\/152156-300x200.jpg 300w, http:\/\/vertienteglobal.com\/wp-content\/uploads\/2021\/08\/152156-150x100.jpg 150w, http:\/\/vertienteglobal.com\/wp-content\/uploads\/2021\/08\/152156-768x512.jpg 768w\" sizes=\"auto, (max-width: 1024px) 100vw, 1024px\" \/><\/figure>\n\n\n\n<p>(Redacci\u00f3n)<\/p>\n\n\n\n<p>La Conagua podr\u00e1 ejecutar las medidas transitorias concertadas con los representantes de los usuarios en los Consejos de Cuenca que presenten condiciones de sequ\u00eda severa, extrema o excepcional<\/p>\n\n\n\n<p>Ciudad de M\u00e9xico a 11 de agosto de 2021.-La Comisi\u00f3n Nacional del Agua (Conagua) determin\u00f3 la \u00ablimitaci\u00f3n temporal\u00bb del derecho al l\u00edquido ante el inicio de la emergencia por sequ\u00eda en diversas zonas del Pa\u00eds.<\/p>\n\n\n\n<p>En un acuerdo de car\u00e1cter general publicado este mi\u00e9rcoles en el Diario Oficial de la Federaci\u00f3n, el organismo indic\u00f3 que conforme con an\u00e1lisis y dict\u00e1menes realizados por el Monitor de Sequ\u00eda en M\u00e9xico, diversas cuencas del Pa\u00eds se encuentran en condici\u00f3n de sequ\u00eda en las modalidades severa, extrema o excepcional.<\/p>\n\n\n\n<p>La Conagua se\u00f1al\u00f3 que, ante ello, los titulares de las concesiones para la explotaci\u00f3n, uso y aprovechamiento de aguas nacionales deber\u00e1n implementar las medidas preventivas y de mitigaci\u00f3n de la sequ\u00eda previstas en el Programa del Consejo de Cuenca.<\/p>\n\n\n\n<p>Adem\u00e1s, la Conagua podr\u00e1 ejecutar las medidas transitorias concertadas con los representantes de los usuarios en los Consejos de Cuenca que presenten condiciones de sequ\u00eda severa, extrema o excepcional.<\/p>\n\n\n\n<p>Se trata de los Consejos de Cuenca de Baja California, Baja California Sur, Alto Noroeste, R\u00edos Yaqui y M\u00e1tape, R\u00edo Mayo, R\u00edos Fuerte y Sinaloa, R\u00edos Mocorito al Quelite, R\u00edos Presidio al San Pedro, Costa de Guerrero, Costa de Oaxaca, R\u00edo Bravo, R\u00edo Balsas, Nazas-Aguanaval, Del Altiplano, Lerma-Chapala.<\/p>\n\n\n\n<p>Asimismo, de R\u00edo Santiago, Costa Pac\u00edfico Centro, R\u00edos San Fernando-Soto la Marina, R\u00edo P\u00e1nuco, R\u00edos Tuxpan al Jamapa, R\u00edo Papaloapan, R\u00edo Coatzacoalcos, Costa de Chiapas, R\u00edos Grijalva y Usumacinta, Pen\u00ednsula de Yucat\u00e1n y Valle de M\u00e9xico.<\/p>\n\n\n\n<p>Entre estas medidas, se\u00f1ala el acuerdo, se encuentran la reducci\u00f3n de los vol\u00famenes de agua a los usuarios, con el fin de abastecer el l\u00edquido para el uso dom\u00e9stico y p\u00fablico urbano.<\/p>\n\n\n\n<p>\u00abEntre las medidas transitorias concertadas, se prev\u00e9 la limitaci\u00f3n temporal a los derechos de agua existentes, a trav\u00e9s de la reducci\u00f3n provisional de vol\u00famenes a los usuarios de las cuencas que se encuentran en condiciones de sequ\u00eda severa, extrema o excepcional, a fin de abastecer el agua para uso dom\u00e9stico y p\u00fablico urbano a las poblaciones que se encuentran sin este recurso natural por efecto de dicho fen\u00f3meno\u00bb, plantea.<\/p>\n\n\n\n<p>La Conagua exhort\u00f3 a los usuarios de aguas nacionales de los municipios que presentan alguna sequ\u00eda a implementar medidas preventivas y de mitigaci\u00f3n contenidas en el Programa de Medidas Preventivas y de Mitigaci\u00f3n de Sequ\u00eda, as\u00ed como aquellas que podr\u00e1n implementar los usuarios de las aguas nacionales para lograr un uso eficiente del agua durante la sequ\u00eda.<\/p>\n\n\n\n<p>El organismo inform\u00f3 que dar\u00e1 seguimiento a dichas acciones, as\u00ed como de los apoyos para la emergencia, cuya conclusi\u00f3n ser\u00e1 anunciada en el momento en el que las condiciones hidrometeorol\u00f3gicas as\u00ed lo permitan. (Fuente: Comunicado Conagua)<\/p>\n","protected":false},"excerpt":{"rendered":"<p>(Redacci\u00f3n) La Conagua podr\u00e1 ejecutar las medidas transitorias concertadas con los representantes de los usuarios en los Consejos de Cuenca que presenten condiciones de sequ\u00eda severa, extrema o excepcional Ciudad de M\u00e9xico a 11 de agosto de 2021.-La Comisi\u00f3n Nacional del Agua (Conagua) determin\u00f3 la \u00ablimitaci\u00f3n temporal\u00bb del derecho al l\u00edquido ante el inicio de [&hellip;]<\/p>\n","protected":false},"author":1,"featured_media":186091,"comment_status":"open","ping_status":"open","sticky":false,"template":"","format":"standard","meta":{"footnotes":""},"categories":[8],"tags":[],"class_list":["post-186090","post","type-post","status-publish","format-standard","has-post-thumbnail","hentry","category-pais","entry","has-media"],"jetpack_featured_media_url":"http:\/\/vertienteglobal.com\/wp-content\/uploads\/2021\/08\/152156.jpg","_links":{"self":[{"href":"http:\/\/vertienteglobal.com\/index.php?rest_route=\/wp\/v2\/posts\/186090","targetHints":{"allow":["GET"]}}],"collection":[{"href":"http:\/\/vertienteglobal.com\/index.php?rest_route=\/wp\/v2\/posts"}],"about":[{"href":"http:\/\/vertienteglobal.com\/index.php?rest_route=\/wp\/v2\/types\/post"}],"author":[{"embeddable":true,"href":"http:\/\/vertienteglobal.com\/index.php?rest_route=\/wp\/v2\/users\/1"}],"replies":[{"embeddable":true,"href":"http:\/\/vertienteglobal.com\/index.php?rest_route=%2Fwp%2Fv2%2Fcomments&post=186090"}],"version-history":[{"count":0,"href":"http:\/\/vertienteglobal.com\/index.php?rest_route=\/wp\/v2\/posts\/186090\/revisions"}],"wp:featuredmedia":[{"embeddable":true,"href":"http:\/\/vertienteglobal.com\/index.php?rest_route=\/wp\/v2\/media\/186091"}],"wp:attachment":[{"href":"http:\/\/vertienteglobal.com\/index.php?rest_route=%2Fwp%2Fv2%2Fmedia&parent=186090"}],"wp:term":[{"taxonomy":"category","embeddable":true,"href":"http:\/\/vertienteglobal.com\/index.php?rest_route=%2Fwp%2Fv2%2Fcategories&post=186090"},{"taxonomy":"post_tag","embeddable":true,"href":"http:\/\/vertienteglobal.com\/index.php?rest_route=%2Fwp%2Fv2%2Ftags&post=186090"}],"curies":[{"name":"wp","href":"https:\/\/api.w.org\/{rel}","templated":true}]}}