{"id":185933,"date":"2021-08-09T13:19:00","date_gmt":"2021-08-09T18:19:00","guid":{"rendered":"http:\/\/vertienteglobal.com\/?p=185933"},"modified":"2021-08-09T23:22:58","modified_gmt":"2021-08-10T04:22:58","slug":"detalla-gobernador-de-veracruz-fechas-de-vacunacion-para-personas-de-30-a-39-anos-y-de-40-a-49-anos","status":"publish","type":"post","link":"http:\/\/vertienteglobal.com\/?p=185933","title":{"rendered":"Detalla gobernador de Veracruz, fechas de vacunaci\u00f3n para personas de 30 a 39 a\u00f1os y de 40 a 49 a\u00f1os"},"content":{"rendered":"\n<div class=\"twitterbutton\" style=\"float: right; padding-left: 5px;\"><a href=\"http:\/\/twitter.com\/share\" class=\"twitter-share-button\" data-count=\"horizontal\" data-text=\"Detalla gobernador de Veracruz, fechas de vacunaci\u00f3n para personas de 30 a 39 a...\" data-via=\"https:\/\/twitter.com\/VertienteGloba1\" data-url=\"http:\/\/vertienteglobal.com\/?p=185933\" data-lang=\"es\" data-related=\"Informaci\u00f3n general:S\u00edguenos para que est\u00e9ss informado\"><\/a><\/div>\n<figure class=\"wp-block-image size-large\"><img loading=\"lazy\" decoding=\"async\" width=\"1024\" height=\"682\" src=\"http:\/\/vertienteglobal.com\/wp-content\/uploads\/2021\/08\/1171778.jpg\" alt=\"\" class=\"wp-image-185934\" srcset=\"http:\/\/vertienteglobal.com\/wp-content\/uploads\/2021\/08\/1171778.jpg 1024w, http:\/\/vertienteglobal.com\/wp-content\/uploads\/2021\/08\/1171778-300x200.jpg 300w, http:\/\/vertienteglobal.com\/wp-content\/uploads\/2021\/08\/1171778-150x100.jpg 150w, http:\/\/vertienteglobal.com\/wp-content\/uploads\/2021\/08\/1171778-768x512.jpg 768w\" sizes=\"auto, (max-width: 1024px) 100vw, 1024px\" \/><\/figure>\n\n\n\n<p>(Redacci\u00f3n)<\/p>\n\n\n\n<p>El mandatario estatal destac\u00f3 que para la poblaci\u00f3n de 30 a 39 a\u00f1os de los siguientes municipios ser\u00e1 aplicada la primera dosis de vacunaci\u00f3n<\/p>\n\n\n\n<p>Xalapa, Veracruz a 09 de agosto de 2021.- El Plan Nacional de Vacunaci\u00f3n avanza en la entidad con \u00e9xito y de forma acelerada en sus 5 Etapas, seg\u00fan detall\u00f3 el gobernador Cuitl\u00e1huac Garc\u00eda Jim\u00e9nez en conferencia de prensa al presentar las sedes donde se aplicar\u00e1 primera dosis a las personas de 30 a 39 a\u00f1os y de 40 a 49 a\u00f1os en primera y segunda dosis.<\/p>\n\n\n\n<p>El mandatario estatal destac\u00f3 que para la poblaci\u00f3n de 30 a 39 a\u00f1os de los siguientes municipios ser\u00e1 aplicada la primera dosis de vacunaci\u00f3n:<\/p>\n\n\n\n<p>Del 9 al 11 de agosto&nbsp;<\/p>\n\n\n\n<p>\u2022&nbsp;&nbsp; &nbsp;Alvarado.<\/p>\n\n\n\n<p>13 de agosto<\/p>\n\n\n\n<p>\u2022&nbsp;&nbsp; &nbsp;Rafael Lucio.<\/p>\n\n\n\n<p>Del 10 al 12 de agosto&nbsp;<\/p>\n\n\n\n<p>\u2022&nbsp;&nbsp; &nbsp;Medell\u00edn de Bravo.<\/p>\n\n\n\n<p>Para segundas dosis resalt\u00f3 que el calendario queda de \u00e9sta forma:<\/p>\n\n\n\n<p>10 y 11 de agosto<\/p>\n\n\n\n<p>\u2022&nbsp;&nbsp; &nbsp;Acayucan.&nbsp;<\/p>\n\n\n\n<p>\u2022&nbsp;&nbsp; &nbsp;\u00c1lamo.&nbsp;<\/p>\n\n\n\n<p>\u2022&nbsp;&nbsp; &nbsp;Castillo de Teayo.<\/p>\n\n\n\n<p>\u2022&nbsp;&nbsp; &nbsp;Coatepec.<\/p>\n\n\n\n<p>Del 10 al 12 de agosto<\/p>\n\n\n\n<p>\u2022&nbsp;&nbsp; &nbsp;Papantla.&nbsp;<\/p>\n\n\n\n<p>\u2022&nbsp;&nbsp; &nbsp;Zongolica.<\/p>\n\n\n\n<p>11 de agosto<\/p>\n\n\n\n<p>\u2022&nbsp;&nbsp; &nbsp;Tequila.<\/p>\n\n\n\n<p>11 y 12 de agosto<\/p>\n\n\n\n<p>\u2022&nbsp;&nbsp; &nbsp;Espinal.<\/p>\n\n\n\n<p>Del 11 al 13 de agosto <\/p>\n\n\n\n<p>\u2022\u00a0\u00a0 Chicontepec.<\/p>\n\n\n\n<p>12 de agosto<\/p>\n\n\n\n<p>\u2022&nbsp;&nbsp; &nbsp;Xico.<\/p>\n\n\n\n<p>\u2022&nbsp;&nbsp; &nbsp;Oluta.<\/p>\n\n\n\n<p>\u2022&nbsp;&nbsp; &nbsp;Zontecomatl\u00e1n.<\/p>\n\n\n\n<p>12 y 13 de agosto&nbsp;<\/p>\n\n\n\n<p>\u2022&nbsp;&nbsp; &nbsp;Atzacan.<\/p>\n\n\n\n<p>\u2022&nbsp;&nbsp; &nbsp;Vega de Alatorre.<\/p>\n\n\n\n<p>13 de agosto&nbsp;<\/p>\n\n\n\n<p>\u2022&nbsp;&nbsp; &nbsp;Maltrata.<\/p>\n\n\n\n<p>\u2022&nbsp;&nbsp; &nbsp;Soconusco.<\/p>\n\n\n\n<p>\u2022&nbsp;&nbsp; &nbsp;Teocelo.<\/p>\n\n\n\n<p>Del 13 al 16 de agosto<\/p>\n\n\n\n<p>\u2022&nbsp;&nbsp; &nbsp;Lerdo de Tejada.<\/p>\n\n\n\n<p>\u2022&nbsp;&nbsp; &nbsp;Orizaba.&nbsp;<\/p>\n\n\n\n<p>14 de agosto<\/p>\n\n\n\n<p>\u2022&nbsp;&nbsp; &nbsp;Salta Barranca.<\/p>\n\n\n\n<p>\u2022&nbsp;&nbsp; &nbsp;Tlacotalpan.&nbsp;<\/p>\n\n\n\n<p>15 de agosto&nbsp;<\/p>\n\n\n\n<p>\u2022&nbsp;&nbsp; &nbsp;\u00c1ngel R. Cabada.&nbsp;<\/p>\n\n\n\n<p>16 de agosto<\/p>\n\n\n\n<p>\u2022&nbsp;&nbsp; &nbsp;Chalma.&nbsp;<\/p>\n\n\n\n<p>\u2022&nbsp;&nbsp; &nbsp;Chiconamel.<\/p>\n\n\n\n<p>\u2022&nbsp;&nbsp; &nbsp;Plat\u00f3n S\u00e1nchez.<\/p>\n\n\n\n<p>Del 16 al 18 de agosto<\/p>\n\n\n\n<p>\u2022&nbsp;&nbsp; &nbsp;Alvarado.<\/p>\n\n\n\n<p>\u2022&nbsp;&nbsp; &nbsp;Mariano Escobedo.<\/p>\n\n\n\n<p>\u2022&nbsp;&nbsp; &nbsp;R\u00edo Blanco.&nbsp;<\/p>\n\n\n\n<p>Del 17 al 19 de agosto<\/p>\n\n\n\n<p>\u2022&nbsp;&nbsp; &nbsp;La Antigua.&nbsp;<\/p>\n\n\n\n<p>\u2022&nbsp;&nbsp; &nbsp;Paso de Ovejas.&nbsp;<\/p>\n\n\n\n<p>\u2022&nbsp;&nbsp; &nbsp;\u00darsulo Galv\u00e1n.&nbsp;<\/p>\n\n\n\n<p>\u2022&nbsp;&nbsp; &nbsp;Puente Nacional.&nbsp;<\/p>\n\n\n\n<p>Destac\u00f3 que en reuni\u00f3n con los comit\u00e9s estatales de Salud y de Vacunaci\u00f3n reafirmaron las acciones de recepci\u00f3n y aplicaci\u00f3n de las dosis, adem\u00e1s del trabajo que realiza la Secretar\u00eda de la Defensa Nacional (SEDENA) a la par, para la aplicaci\u00f3n de la vacuna CanSino en las zonas habitadas de dif\u00edcil acceso o m\u00e1s alejadas, para alcanzar el mayor porcentaje de vacunaci\u00f3n para cada sector.<\/p>\n\n\n\n<p><\/p>\n\n\n\n<p><\/p>\n\n\n\n<p><\/p>\n","protected":false},"excerpt":{"rendered":"<p>(Redacci\u00f3n) El mandatario estatal destac\u00f3 que para la poblaci\u00f3n de 30 a 39 a\u00f1os de los siguientes municipios ser\u00e1 aplicada la primera dosis de vacunaci\u00f3n Xalapa, Veracruz a 09 de agosto de 2021.- El Plan Nacional de Vacunaci\u00f3n avanza en la entidad con \u00e9xito y de forma acelerada en sus 5 Etapas, seg\u00fan detall\u00f3 el [&hellip;]<\/p>\n","protected":false},"author":1,"featured_media":185934,"comment_status":"open","ping_status":"open","sticky":false,"template":"","format":"standard","meta":{"footnotes":""},"categories":[7],"tags":[],"class_list":["post-185933","post","type-post","status-publish","format-standard","has-post-thumbnail","hentry","category-veracruz","entry","has-media"],"jetpack_featured_media_url":"http:\/\/vertienteglobal.com\/wp-content\/uploads\/2021\/08\/1171778.jpg","_links":{"self":[{"href":"http:\/\/vertienteglobal.com\/index.php?rest_route=\/wp\/v2\/posts\/185933","targetHints":{"allow":["GET"]}}],"collection":[{"href":"http:\/\/vertienteglobal.com\/index.php?rest_route=\/wp\/v2\/posts"}],"about":[{"href":"http:\/\/vertienteglobal.com\/index.php?rest_route=\/wp\/v2\/types\/post"}],"author":[{"embeddable":true,"href":"http:\/\/vertienteglobal.com\/index.php?rest_route=\/wp\/v2\/users\/1"}],"replies":[{"embeddable":true,"href":"http:\/\/vertienteglobal.com\/index.php?rest_route=%2Fwp%2Fv2%2Fcomments&post=185933"}],"version-history":[{"count":0,"href":"http:\/\/vertienteglobal.com\/index.php?rest_route=\/wp\/v2\/posts\/185933\/revisions"}],"wp:featuredmedia":[{"embeddable":true,"href":"http:\/\/vertienteglobal.com\/index.php?rest_route=\/wp\/v2\/media\/185934"}],"wp:attachment":[{"href":"http:\/\/vertienteglobal.com\/index.php?rest_route=%2Fwp%2Fv2%2Fmedia&parent=185933"}],"wp:term":[{"taxonomy":"category","embeddable":true,"href":"http:\/\/vertienteglobal.com\/index.php?rest_route=%2Fwp%2Fv2%2Fcategories&post=185933"},{"taxonomy":"post_tag","embeddable":true,"href":"http:\/\/vertienteglobal.com\/index.php?rest_route=%2Fwp%2Fv2%2Ftags&post=185933"}],"curies":[{"name":"wp","href":"https:\/\/api.w.org\/{rel}","templated":true}]}}