{"id":185797,"date":"2021-08-06T20:31:05","date_gmt":"2021-08-07T01:31:05","guid":{"rendered":"http:\/\/vertienteglobal.com\/?p=185797"},"modified":"2021-08-09T01:32:57","modified_gmt":"2021-08-09T06:32:57","slug":"sep-estan-obligados-los-maestros-a-regresar-a-las-aulas","status":"publish","type":"post","link":"http:\/\/vertienteglobal.com\/?p=185797","title":{"rendered":"SEP: \u00bfEst\u00e1n obligados los maestros a regresar a las aulas?"},"content":{"rendered":"\n<div class=\"twitterbutton\" style=\"float: right; padding-left: 5px;\"><a href=\"http:\/\/twitter.com\/share\" class=\"twitter-share-button\" data-count=\"horizontal\" data-text=\"SEP: \u00bfEst\u00e1n obligados los maestros a regresar a las aulas?\" data-via=\"https:\/\/twitter.com\/VertienteGloba1\" data-url=\"http:\/\/vertienteglobal.com\/?p=185797\" data-lang=\"es\" data-related=\"Informaci\u00f3n general:S\u00edguenos para que est\u00e9ss informado\"><\/a><\/div>\n<figure class=\"wp-block-image size-large\"><img loading=\"lazy\" decoding=\"async\" width=\"640\" height=\"330\" src=\"http:\/\/vertienteglobal.com\/wp-content\/uploads\/2021\/08\/SEP-640x330-1.jpg\" alt=\"\" class=\"wp-image-185798\" srcset=\"http:\/\/vertienteglobal.com\/wp-content\/uploads\/2021\/08\/SEP-640x330-1.jpg 640w, http:\/\/vertienteglobal.com\/wp-content\/uploads\/2021\/08\/SEP-640x330-1-300x155.jpg 300w, http:\/\/vertienteglobal.com\/wp-content\/uploads\/2021\/08\/SEP-640x330-1-150x77.jpg 150w\" sizes=\"auto, (max-width: 640px) 100vw, 640px\" \/><\/figure>\n\n\n\n<p>(Redacci\u00f3n)<\/p>\n\n\n\n<p><em><strong>Los maestros de la Coordinadora Nacional de Trabajadores de la Educaci\u00f3n (CNTE) han advertido que no regresar\u00edan a las aulas en sem\u00e1foro rojo<\/strong><\/em><\/p>\n\n\n\n<p>Ciudad de M\u00e9xico, a 06 de agosto de 2021.- La Secretar\u00eda de Educaci\u00f3n P\u00fablica (SEP) determin\u00f3 que el regreso a clases presenciales el pr\u00f3ximo 30 de agosto ser\u00e1 voluntario para los alumnos, pero obligatorio para los trabajadores de la educaci\u00f3n, quienes ya cuentan con la vacuna contra covid-19.<\/p>\n\n\n\n<p>Durante la reuni\u00f3n con la Conferencia Nacional de Gobernadores (Conago) Delfina G\u00f3mez \u00c1lvarez, secretar\u00eda de Educaci\u00f3n, dio a conocer que el regreso a las escuelas se realizar\u00e1 con respeto a la decisi\u00f3n que haya tomado cada familia. \u201cSer\u00e1 abierta para quienes deseen y decidan regresar\u201d, dijo. Pero para los trabajadores de la educaci\u00f3n la asistencia ser\u00e1 obligatoria.<\/p>\n\n\n\n<p>El gobierno federal plante\u00f3 a los gobernadores la necesidad \u201cimpostergable\u201d del regreso presencial de los estudiantes. El subsecretario Hugo L\u00f3pez-Gatell mencion\u00f3 que se realizar\u00e1n ajustes al sem\u00e1foro epid\u00e9mico para considerar al sector educativo como parte de las actividades esenciales, de modo que no est\u00e9 sujeta a restricciones seg\u00fan el color que se presente en las entidades.<\/p>\n\n\n\n<p>\u201cEs un ajuste que vamos a llevar a cabo para distinguir al sector educativo como de alta prioridad y, de hecho, conceptualmente, el mismo de las actividades esenciales que hab\u00edamos considerado en la jornada de sana distancia\u201d, reiter\u00f3 durante la reuni\u00f3n de la Conago.<\/p>\n\n\n\n<p>Por otro lado, los maestros de la Coordinadora Nacional de Trabajadores de la Educaci\u00f3n (CNTE) han advertido que no regresar\u00edan a las aulas en sem\u00e1foro rojo ya que eso representar\u00eda un riesgo para la vida de la comunidad escolar. Esto implicar\u00eda que en la CDMX alrededor de 45 mil docentes de educaci\u00f3n b\u00e1sica no volver\u00edan. (Fuente: Noticieros Televisa)<\/p>\n","protected":false},"excerpt":{"rendered":"<p>(Redacci\u00f3n) Los maestros de la Coordinadora Nacional de Trabajadores de la Educaci\u00f3n (CNTE) han advertido que no regresar\u00edan a las aulas en sem\u00e1foro rojo Ciudad de M\u00e9xico, a 06 de agosto de 2021.- La Secretar\u00eda de Educaci\u00f3n P\u00fablica (SEP) determin\u00f3 que el regreso a clases presenciales el pr\u00f3ximo 30 de agosto ser\u00e1 voluntario para los [&hellip;]<\/p>\n","protected":false},"author":1,"featured_media":185798,"comment_status":"open","ping_status":"open","sticky":false,"template":"","format":"standard","meta":{"footnotes":""},"categories":[9,8],"tags":[],"class_list":["post-185797","post","type-post","status-publish","format-standard","has-post-thumbnail","hentry","category-educacion","category-pais","entry","has-media"],"jetpack_featured_media_url":"http:\/\/vertienteglobal.com\/wp-content\/uploads\/2021\/08\/SEP-640x330-1.jpg","_links":{"self":[{"href":"http:\/\/vertienteglobal.com\/index.php?rest_route=\/wp\/v2\/posts\/185797","targetHints":{"allow":["GET"]}}],"collection":[{"href":"http:\/\/vertienteglobal.com\/index.php?rest_route=\/wp\/v2\/posts"}],"about":[{"href":"http:\/\/vertienteglobal.com\/index.php?rest_route=\/wp\/v2\/types\/post"}],"author":[{"embeddable":true,"href":"http:\/\/vertienteglobal.com\/index.php?rest_route=\/wp\/v2\/users\/1"}],"replies":[{"embeddable":true,"href":"http:\/\/vertienteglobal.com\/index.php?rest_route=%2Fwp%2Fv2%2Fcomments&post=185797"}],"version-history":[{"count":0,"href":"http:\/\/vertienteglobal.com\/index.php?rest_route=\/wp\/v2\/posts\/185797\/revisions"}],"wp:featuredmedia":[{"embeddable":true,"href":"http:\/\/vertienteglobal.com\/index.php?rest_route=\/wp\/v2\/media\/185798"}],"wp:attachment":[{"href":"http:\/\/vertienteglobal.com\/index.php?rest_route=%2Fwp%2Fv2%2Fmedia&parent=185797"}],"wp:term":[{"taxonomy":"category","embeddable":true,"href":"http:\/\/vertienteglobal.com\/index.php?rest_route=%2Fwp%2Fv2%2Fcategories&post=185797"},{"taxonomy":"post_tag","embeddable":true,"href":"http:\/\/vertienteglobal.com\/index.php?rest_route=%2Fwp%2Fv2%2Ftags&post=185797"}],"curies":[{"name":"wp","href":"https:\/\/api.w.org\/{rel}","templated":true}]}}