{"id":185755,"date":"2021-08-06T17:49:00","date_gmt":"2021-08-06T22:49:00","guid":{"rendered":"http:\/\/vertienteglobal.com\/?p=185755"},"modified":"2021-08-06T19:09:45","modified_gmt":"2021-08-07T00:09:45","slug":"guerrero-regresa-a-semaforo-epidemiologico-color-rojo-intensifica-medidas","status":"publish","type":"post","link":"http:\/\/vertienteglobal.com\/?p=185755","title":{"rendered":"Guerrero regresa a sem\u00e1foro epidemiol\u00f3gico color rojo, intensifica medidas"},"content":{"rendered":"\n<div class=\"twitterbutton\" style=\"float: right; padding-left: 5px;\"><a href=\"http:\/\/twitter.com\/share\" class=\"twitter-share-button\" data-count=\"horizontal\" data-text=\"Guerrero regresa a sem\u00e1foro epidemiol\u00f3gico color rojo, intensifica medidas\" data-via=\"https:\/\/twitter.com\/VertienteGloba1\" data-url=\"http:\/\/vertienteglobal.com\/?p=185755\" data-lang=\"es\" data-related=\"Informaci\u00f3n general:S\u00edguenos para que est\u00e9ss informado\"><\/a><\/div>\n<figure class=\"wp-block-image size-large\"><img loading=\"lazy\" decoding=\"async\" width=\"1024\" height=\"683\" src=\"http:\/\/vertienteglobal.com\/wp-content\/uploads\/2021\/08\/151631.jpg\" alt=\"\" class=\"wp-image-185756\" srcset=\"http:\/\/vertienteglobal.com\/wp-content\/uploads\/2021\/08\/151631.jpg 1024w, http:\/\/vertienteglobal.com\/wp-content\/uploads\/2021\/08\/151631-300x200.jpg 300w, http:\/\/vertienteglobal.com\/wp-content\/uploads\/2021\/08\/151631-150x100.jpg 150w, http:\/\/vertienteglobal.com\/wp-content\/uploads\/2021\/08\/151631-768x512.jpg 768w\" sizes=\"auto, (max-width: 1024px) 100vw, 1024px\" \/><\/figure>\n\n\n\n<p>(Redacci\u00f3n)<\/p>\n\n\n\n<p>Astudillo se\u00f1al\u00f3 que el pr\u00f3ximo domingo dar\u00e1 a conocer las medidas preventivas para evitar la propagaci\u00f3n del virus<\/p>\n\n\n\n<p>Chilpancingo, Guerrero, a 06 de agosto de 2021.- Pese a que a partir del lunes Guerrero cambiar\u00e1 a sem\u00e1foro rojo por el aumento de casos de Covid19 y fallecimientos, no habr\u00e1 cierre de playas, hoteles y bares en los centros tur\u00edsticos, inform\u00f3 el Gobernador H\u00e9ctor Astudillo Flores.<\/p>\n\n\n\n<p>Y es que en la conferencia virtual, junto con el Secretario de Salud estatal, Carlos de la Pe\u00f1a Pintos, Astudillo se\u00f1al\u00f3 que el pr\u00f3ximo domingo dar\u00e1 a conocer las medidas preventivas para evitar la propagaci\u00f3n del virus.<\/p>\n\n\n\n<p>Desde el jueves en la noche, Astudillo hab\u00eda anunciado que el sem\u00e1foro rojo empezar\u00eda a operar a partir del s\u00e1bado, pero dio marcha atr\u00e1s en su propuesta y dijo que iniciar\u00e1 hasta el lunes 9 de agosto.<\/p>\n\n\n\n<p>\u00abEl lunes ya estaremos en sem\u00e1foro rojo y el domingo vamos a dar a conocer las medidas\u00bb, dijo el Mandatario estatal.<\/p>\n\n\n\n<p>Insisti\u00f3 en que no se van a cerrar los destinos tur\u00edsticos de Acapulco y Zihuatanejo.<\/p>\n\n\n\n<p>\u00abA los turistas les pedimos que nos ayuden a proteger a los nuestros, primero es la salud de los guerrerenses, sin olvidar que la gente tambi\u00e9n necesita de empleos\u00bb, se\u00f1al\u00f3.<\/p>\n\n\n\n<p>A su vez, el Secretario de Salud, Carlos de la Pe\u00f1a Pintos, indic\u00f3 que en las \u00faltimas 24 horas se registraron 38 personas fallecidas por Covid.<\/p>\n\n\n\n<p>Mencion\u00f3 que desde el 2020, cuando empez\u00f3 la pandemia, no se hab\u00eda presentado una cifra de 38 muertos en un lapso de 24 horas.<\/p>\n\n\n\n<p>En la tercera ola de Covid, tan solo en los primeros seis d\u00edas de agosto han muerto 169 personas, dijo de la Pe\u00f1a Pintos.<\/p>\n\n\n\n<p>Durante jueves y viernes se han registrado 657 nuevos casos de Covid y el n\u00famero de casos activos es de 4 mil 664.<\/p>\n\n\n\n<p>Chilpancingo, Acapulco, Zihuatanejo, Ometepec y Chilapa son los municipios donde se registra el mayor n\u00famero de enfermos por el virus. (Fuente:Agencia Reforma)<\/p>\n","protected":false},"excerpt":{"rendered":"<p>(Redacci\u00f3n) Astudillo se\u00f1al\u00f3 que el pr\u00f3ximo domingo dar\u00e1 a conocer las medidas preventivas para evitar la propagaci\u00f3n del virus Chilpancingo, Guerrero, a 06 de agosto de 2021.- Pese a que a partir del lunes Guerrero cambiar\u00e1 a sem\u00e1foro rojo por el aumento de casos de Covid19 y fallecimientos, no habr\u00e1 cierre de playas, hoteles y [&hellip;]<\/p>\n","protected":false},"author":1,"featured_media":185756,"comment_status":"open","ping_status":"open","sticky":false,"template":"","format":"standard","meta":{"footnotes":""},"categories":[8],"tags":[],"class_list":["post-185755","post","type-post","status-publish","format-standard","has-post-thumbnail","hentry","category-pais","entry","has-media"],"jetpack_featured_media_url":"http:\/\/vertienteglobal.com\/wp-content\/uploads\/2021\/08\/151631.jpg","_links":{"self":[{"href":"http:\/\/vertienteglobal.com\/index.php?rest_route=\/wp\/v2\/posts\/185755","targetHints":{"allow":["GET"]}}],"collection":[{"href":"http:\/\/vertienteglobal.com\/index.php?rest_route=\/wp\/v2\/posts"}],"about":[{"href":"http:\/\/vertienteglobal.com\/index.php?rest_route=\/wp\/v2\/types\/post"}],"author":[{"embeddable":true,"href":"http:\/\/vertienteglobal.com\/index.php?rest_route=\/wp\/v2\/users\/1"}],"replies":[{"embeddable":true,"href":"http:\/\/vertienteglobal.com\/index.php?rest_route=%2Fwp%2Fv2%2Fcomments&post=185755"}],"version-history":[{"count":0,"href":"http:\/\/vertienteglobal.com\/index.php?rest_route=\/wp\/v2\/posts\/185755\/revisions"}],"wp:featuredmedia":[{"embeddable":true,"href":"http:\/\/vertienteglobal.com\/index.php?rest_route=\/wp\/v2\/media\/185756"}],"wp:attachment":[{"href":"http:\/\/vertienteglobal.com\/index.php?rest_route=%2Fwp%2Fv2%2Fmedia&parent=185755"}],"wp:term":[{"taxonomy":"category","embeddable":true,"href":"http:\/\/vertienteglobal.com\/index.php?rest_route=%2Fwp%2Fv2%2Fcategories&post=185755"},{"taxonomy":"post_tag","embeddable":true,"href":"http:\/\/vertienteglobal.com\/index.php?rest_route=%2Fwp%2Fv2%2Ftags&post=185755"}],"curies":[{"name":"wp","href":"https:\/\/api.w.org\/{rel}","templated":true}]}}