{"id":185732,"date":"2021-08-05T14:34:47","date_gmt":"2021-08-05T19:34:47","guid":{"rendered":"http:\/\/vertienteglobal.com\/?p=185732"},"modified":"2021-08-06T10:47:06","modified_gmt":"2021-08-06T15:47:06","slug":"la-crisis-economica-generada-por-la-pandemia-afecto-a-quintana-roo","status":"publish","type":"post","link":"http:\/\/vertienteglobal.com\/?p=185732","title":{"rendered":"La crisis econ\u00f3mica generada por la pandemia afect\u00f3 a Quintana Roo"},"content":{"rendered":"\n<div class=\"twitterbutton\" style=\"float: right; padding-left: 5px;\"><a href=\"http:\/\/twitter.com\/share\" class=\"twitter-share-button\" data-count=\"horizontal\" data-text=\"La crisis econ\u00f3mica generada por la pandemia afect\u00f3 a Quintana Roo\" data-via=\"https:\/\/twitter.com\/VertienteGloba1\" data-url=\"http:\/\/vertienteglobal.com\/?p=185732\" data-lang=\"es\" data-related=\"Informaci\u00f3n general:S\u00edguenos para que est\u00e9ss informado\"><\/a><\/div>\n<figure class=\"wp-block-image size-large\"><img loading=\"lazy\" decoding=\"async\" width=\"1024\" height=\"682\" src=\"http:\/\/vertienteglobal.com\/wp-content\/uploads\/2021\/08\/CJ-Pandemia-02-1024x682.jpeg\" alt=\"\" class=\"wp-image-185733\" srcset=\"http:\/\/vertienteglobal.com\/wp-content\/uploads\/2021\/08\/CJ-Pandemia-02-1024x682.jpeg 1024w, http:\/\/vertienteglobal.com\/wp-content\/uploads\/2021\/08\/CJ-Pandemia-02-300x200.jpeg 300w, http:\/\/vertienteglobal.com\/wp-content\/uploads\/2021\/08\/CJ-Pandemia-02-150x100.jpeg 150w, http:\/\/vertienteglobal.com\/wp-content\/uploads\/2021\/08\/CJ-Pandemia-02-768x512.jpeg 768w, http:\/\/vertienteglobal.com\/wp-content\/uploads\/2021\/08\/CJ-Pandemia-02.jpeg 1280w\" sizes=\"auto, (max-width: 1024px) 100vw, 1024px\" \/><\/figure>\n\n\n\n<p>(Redacci\u00f3n)<\/p>\n\n\n\n<p>Tras la emergencia sanitaria, el gobierno de Quintana Roo reanud\u00f3 la recuperaci\u00f3n econ\u00f3mica<br><\/p>\n\n\n\n<p>La principal actividad econ\u00f3mica del Estado, el turismo, colaps\u00f3 y se perdieron miles de empleos<\/p>\n\n\n\n<p>Chetumal, Quintana Roo a 05 de agosto de 2021.- Quintana Roo es un estado eminentemente tur\u00edstico que resinti\u00f3 en su desarrollo econ\u00f3mico la inactividad desde el inicio de la pandemia hace ya a\u00f1o y medio, pero que poco a poco con el retorno de las actividades econ\u00f3micas.<\/p>\n\n\n\n<p>Con el respaldo del gobierno del estado al sector empresarial y la atenci\u00f3n oportuna en el sector salud a las familias, recupera su crecimiento en actividades laborales y por ende en el bienestar de su gente, destac\u00f3 la titular de la Secretar\u00eda de Desarrollo Social en el estado, Roc\u00edo Moreno Mendoza.<\/p>\n\n\n\n<p>Dijo que el inicio de la pandemia a causa del COVID19, afect\u00f3 a los estados que b\u00e1sicamente fincan su econom\u00eda en el turismo, pues con el cierre de aeropuertos, hoteles, restaurantes, servicios n\u00e1uticos y dem\u00e1s actividades de las que dependen la gran mayor\u00eda de las familias, la econom\u00eda de la entidad sufri\u00f3 una baja que durante los \u00faltimos meses ha ido recuperando.<\/p>\n\n\n\n<p>Al referirse al informe del Consejo Nacional de Evaluaci\u00f3n de la Pol\u00edtica de Desarrollo Social (Coneval) en su reporte de Medici\u00f3n de la Pobreza 2020, la funcionaria explic\u00f3 que el incremento de la pobreza reportado en el mismo fue de un estudio realizado entre agosto de y noviembre de 2020, fechas en las que por cuestiones del cuidado de la salud los negocios permanecieron cerrados.<\/p>\n\n\n\n<p>Las consecuencias fueron las que refleja el estudio, el sistema estatal de salud nacional no estaba preparado para atender la contingencia ante el COVID19, la p\u00e9rdida de empleo redujo los ingresos en las familias, decreci\u00f3 el acceso a la seguridad social, a los servicios de salud, la deserci\u00f3n escolar por la falta infraestructura.<\/p>\n\n\n\n<p>Sin embargo, se muestra una disminuci\u00f3n en las carencias relacionadas con los indicadores de calidad, espacios y servicios en la vivienda.<\/p>\n\n\n\n<p>La emergencia sanitaria y la crisis econ\u00f3mica generada por la pandemia por Covid-19 durante 2020 impactaron las pol\u00edticas sociales de Quintana Roo. Sin embargo, hoy se han retomado las actividades y reanudado los programas que contribuyen a la recuperaci\u00f3n econ\u00f3mica del Estado.<\/p>\n","protected":false},"excerpt":{"rendered":"<p>(Redacci\u00f3n) Tras la emergencia sanitaria, el gobierno de Quintana Roo reanud\u00f3 la recuperaci\u00f3n econ\u00f3mica La principal actividad econ\u00f3mica del Estado, el turismo, colaps\u00f3 y se perdieron miles de empleos Chetumal, Quintana Roo a 05 de agosto de 2021.- Quintana Roo es un estado eminentemente tur\u00edstico que resinti\u00f3 en su desarrollo econ\u00f3mico la inactividad desde el [&hellip;]<\/p>\n","protected":false},"author":1,"featured_media":185734,"comment_status":"open","ping_status":"open","sticky":false,"template":"","format":"standard","meta":{"footnotes":""},"categories":[3],"tags":[],"class_list":["post-185732","post","type-post","status-publish","format-standard","has-post-thumbnail","hentry","category-quintana-roo","entry","has-media"],"jetpack_featured_media_url":"http:\/\/vertienteglobal.com\/wp-content\/uploads\/2021\/08\/CJ-Pandemia-02-1.jpeg","_links":{"self":[{"href":"http:\/\/vertienteglobal.com\/index.php?rest_route=\/wp\/v2\/posts\/185732","targetHints":{"allow":["GET"]}}],"collection":[{"href":"http:\/\/vertienteglobal.com\/index.php?rest_route=\/wp\/v2\/posts"}],"about":[{"href":"http:\/\/vertienteglobal.com\/index.php?rest_route=\/wp\/v2\/types\/post"}],"author":[{"embeddable":true,"href":"http:\/\/vertienteglobal.com\/index.php?rest_route=\/wp\/v2\/users\/1"}],"replies":[{"embeddable":true,"href":"http:\/\/vertienteglobal.com\/index.php?rest_route=%2Fwp%2Fv2%2Fcomments&post=185732"}],"version-history":[{"count":0,"href":"http:\/\/vertienteglobal.com\/index.php?rest_route=\/wp\/v2\/posts\/185732\/revisions"}],"wp:featuredmedia":[{"embeddable":true,"href":"http:\/\/vertienteglobal.com\/index.php?rest_route=\/wp\/v2\/media\/185734"}],"wp:attachment":[{"href":"http:\/\/vertienteglobal.com\/index.php?rest_route=%2Fwp%2Fv2%2Fmedia&parent=185732"}],"wp:term":[{"taxonomy":"category","embeddable":true,"href":"http:\/\/vertienteglobal.com\/index.php?rest_route=%2Fwp%2Fv2%2Fcategories&post=185732"},{"taxonomy":"post_tag","embeddable":true,"href":"http:\/\/vertienteglobal.com\/index.php?rest_route=%2Fwp%2Fv2%2Ftags&post=185732"}],"curies":[{"name":"wp","href":"https:\/\/api.w.org\/{rel}","templated":true}]}}