{"id":185606,"date":"2021-08-03T16:28:00","date_gmt":"2021-08-03T21:28:00","guid":{"rendered":"http:\/\/vertienteglobal.com\/?p=185606"},"modified":"2021-08-03T23:30:54","modified_gmt":"2021-08-04T04:30:54","slug":"air-canada-anuncia-mas-vuelos-a-cancun-desde-quebec","status":"publish","type":"post","link":"http:\/\/vertienteglobal.com\/?p=185606","title":{"rendered":"Air Canad\u00e1 anuncia m\u00e1s vuelos a Canc\u00fan desde Quebec"},"content":{"rendered":"\n<div class=\"twitterbutton\" style=\"float: right; padding-left: 5px;\"><a href=\"http:\/\/twitter.com\/share\" class=\"twitter-share-button\" data-count=\"horizontal\" data-text=\"Air Canad\u00e1 anuncia m\u00e1s vuelos a Canc\u00fan desde Quebec\" data-via=\"https:\/\/twitter.com\/VertienteGloba1\" data-url=\"http:\/\/vertienteglobal.com\/?p=185606\" data-lang=\"es\" data-related=\"Informaci\u00f3n general:S\u00edguenos para que est\u00e9ss informado\"><\/a><\/div>\n<figure class=\"wp-block-image size-large\"><img loading=\"lazy\" decoding=\"async\" width=\"800\" height=\"533\" src=\"http:\/\/vertienteglobal.com\/wp-content\/uploads\/2021\/08\/20210803_173225.jpg\" alt=\"\" class=\"wp-image-185607\" srcset=\"http:\/\/vertienteglobal.com\/wp-content\/uploads\/2021\/08\/20210803_173225.jpg 800w, http:\/\/vertienteglobal.com\/wp-content\/uploads\/2021\/08\/20210803_173225-300x200.jpg 300w, http:\/\/vertienteglobal.com\/wp-content\/uploads\/2021\/08\/20210803_173225-150x100.jpg 150w, http:\/\/vertienteglobal.com\/wp-content\/uploads\/2021\/08\/20210803_173225-768x512.jpg 768w\" sizes=\"auto, (max-width: 800px) 100vw, 800px\" \/><\/figure>\n\n\n\n<p>(Redacci\u00f3n)<\/p>\n\n\n\n<p>La emblem\u00e1tica aerol\u00ednea canadiense precis\u00f3 que los vuelos a Fort Lauderdale comenzar\u00e1n el 19 de noviembre y los vuelos a Orlando el 17 de diciembre, mientras que a partir del 4 de diciembre, tambi\u00e9n ofrecer\u00e1 m\u00e1s vuelos a Punta Cana, Rep\u00fablica Dominicana y Canc\u00fan, en M\u00e9xico, a donde usualmente llega desde Toronto<\/p>\n\n\n\n<p>Canc\u00fan, Quintana Roo a 03 de agosto de 2021.-La aerol\u00ednea, Air Canad\u00e1 anunci\u00f3 hoy dos nuevos servicios de invierno con salida desde el Aeropuerto Internacional Jean Lesage (YQB) a Orlando y Fort Lauderdale, dos destinos de sol muy populares en Florida, muy favorecidos por los quebequenses, as\u00ed como frecuencias adicionales a Canc\u00fan, el balneario m\u00e1s concurrido de Am\u00e9rica.<\/p>\n\n\n\n<p>En un comunicado, la emblem\u00e1tica aerol\u00ednea canadiense precis\u00f3 que los vuelos a Fort Lauderdale comenzar\u00e1n el 19 de noviembre y los vuelos a Orlando el 17 de diciembre, mientras que a partir del 4 de diciembre, tambi\u00e9n ofrecer\u00e1 m\u00e1s vuelos a Punta Cana, Rep\u00fablica Dominicana y Canc\u00fan, en M\u00e9xico, a donde usualmente llega desde Toronto.<\/p>\n\n\n\n<p>\u201cEstamos entusiasmados con el lanzamiento de estas dos nuevas rutas a Florida desde la ciudad de Quebec, una primicia para Air Canad\u00e1.<\/p>\n\n\n\n<p>\u201cSabemos que, para muchos quebequenses, Florida es un lugar popular para las vacaciones de invierno. Punta Cana y Canc\u00fan tambi\u00e9n est\u00e1n entre los destinos tropicales m\u00e1s populares, y estamos contentos de poder recuperar estas conexiones. Estas rutas no s\u00f3lo proporcionar\u00e1n m\u00e1s opciones de vuelo para los residentes de la ciudad de Quebec, sino que tambi\u00e9n reforzar\u00e1n nuestra posici\u00f3n en un mercado en crecimiento y servir\u00e1n mejor al Aeropuerto Internacional Jean Lesage, nuestro socio desde hace mucho tiempo. Ahora que las restricciones disminuyen, es hora de volver a viajar y reservar su escapada al sol. Estamos impacientes por verles de nuevo a bordo\u201d, dijo el Vicepresidente Senior de Planificaci\u00f3n de Red y Gesti\u00f3n de Ingresos de Air Canad\u00e1, Mark Galardo.<\/p>\n\n\n\n<p>La aerol\u00ednea insignia de Canad\u00e1 no s\u00f3lo decidi\u00f3 recuperar algunas conexiones anteriores a la pandemia, sino que tambi\u00e9n invertir en el mercado quebequense aumentando la frecuencia y a\u00f1adiendo dos nuevos destinos a la programaci\u00f3n para el invierno de 2021.<\/p>\n\n\n\n<p>\u201cEstamos encantados de que Air Canad\u00e1 reanude sus vuelos internacionales desde la ciudad de Quebec a destinos tan populares como Canc\u00fan, Punta Cana, Orlando y Fort Lauderdale.<\/p>\n\n\n\n<p>\u201cAhora que por fin podemos volver a viajar, es fundamental que los habitantes del Gran Quebec puedan salir desde YQB. Este anuncio es el resultado de una fruct\u00edfera y beneficiosa colaboraci\u00f3n entre Air Canad\u00e1 y YQB\u201d, dijo el Presidente y Director General del Aeropuerto Internacional Jean Lesage (YQB), St\u00e9phane Piirier.<\/p>\n\n\n\n<p>De acuerdo con informaci\u00f3n que se proporcion\u00f3, los vuelos de Air Canad\u00e1 desde la ciudad de Quebec ser\u00e1n operados en aviones Airbus A319 con capacidad para 136 pasajeros.<\/p>\n","protected":false},"excerpt":{"rendered":"<p>(Redacci\u00f3n) La emblem\u00e1tica aerol\u00ednea canadiense precis\u00f3 que los vuelos a Fort Lauderdale comenzar\u00e1n el 19 de noviembre y los vuelos a Orlando el 17 de diciembre, mientras que a partir del 4 de diciembre, tambi\u00e9n ofrecer\u00e1 m\u00e1s vuelos a Punta Cana, Rep\u00fablica Dominicana y Canc\u00fan, en M\u00e9xico, a donde usualmente llega desde Toronto Canc\u00fan, Quintana [&hellip;]<\/p>\n","protected":false},"author":1,"featured_media":185607,"comment_status":"open","ping_status":"open","sticky":false,"template":"","format":"standard","meta":{"footnotes":""},"categories":[3],"tags":[],"class_list":["post-185606","post","type-post","status-publish","format-standard","has-post-thumbnail","hentry","category-quintana-roo","entry","has-media"],"jetpack_featured_media_url":"http:\/\/vertienteglobal.com\/wp-content\/uploads\/2021\/08\/20210803_173225.jpg","_links":{"self":[{"href":"http:\/\/vertienteglobal.com\/index.php?rest_route=\/wp\/v2\/posts\/185606","targetHints":{"allow":["GET"]}}],"collection":[{"href":"http:\/\/vertienteglobal.com\/index.php?rest_route=\/wp\/v2\/posts"}],"about":[{"href":"http:\/\/vertienteglobal.com\/index.php?rest_route=\/wp\/v2\/types\/post"}],"author":[{"embeddable":true,"href":"http:\/\/vertienteglobal.com\/index.php?rest_route=\/wp\/v2\/users\/1"}],"replies":[{"embeddable":true,"href":"http:\/\/vertienteglobal.com\/index.php?rest_route=%2Fwp%2Fv2%2Fcomments&post=185606"}],"version-history":[{"count":0,"href":"http:\/\/vertienteglobal.com\/index.php?rest_route=\/wp\/v2\/posts\/185606\/revisions"}],"wp:featuredmedia":[{"embeddable":true,"href":"http:\/\/vertienteglobal.com\/index.php?rest_route=\/wp\/v2\/media\/185607"}],"wp:attachment":[{"href":"http:\/\/vertienteglobal.com\/index.php?rest_route=%2Fwp%2Fv2%2Fmedia&parent=185606"}],"wp:term":[{"taxonomy":"category","embeddable":true,"href":"http:\/\/vertienteglobal.com\/index.php?rest_route=%2Fwp%2Fv2%2Fcategories&post=185606"},{"taxonomy":"post_tag","embeddable":true,"href":"http:\/\/vertienteglobal.com\/index.php?rest_route=%2Fwp%2Fv2%2Ftags&post=185606"}],"curies":[{"name":"wp","href":"https:\/\/api.w.org\/{rel}","templated":true}]}}