{"id":185571,"date":"2021-08-03T06:24:00","date_gmt":"2021-08-03T11:24:00","guid":{"rendered":"http:\/\/vertienteglobal.com\/?p=185571"},"modified":"2021-08-03T06:54:22","modified_gmt":"2021-08-03T11:54:22","slug":"suben-tarifas-electricas-domesticas-de-alto-consumo-mas-de-20-por-ciento","status":"publish","type":"post","link":"http:\/\/vertienteglobal.com\/?p=185571","title":{"rendered":"Suben tarifas el\u00e9ctricas dom\u00e9sticas de Alto Consumo m\u00e1s de 20 por ciento"},"content":{"rendered":"\n<div class=\"twitterbutton\" style=\"float: right; padding-left: 5px;\"><a href=\"http:\/\/twitter.com\/share\" class=\"twitter-share-button\" data-count=\"horizontal\" data-text=\"Suben tarifas el\u00e9ctricas dom\u00e9sticas de Alto Consumo m\u00e1s de 20 por ciento\" data-via=\"https:\/\/twitter.com\/VertienteGloba1\" data-url=\"http:\/\/vertienteglobal.com\/?p=185571\" data-lang=\"es\" data-related=\"Informaci\u00f3n general:S\u00edguenos para que est\u00e9ss informado\"><\/a><\/div>\n<figure class=\"wp-block-image size-large\"><img loading=\"lazy\" decoding=\"async\" width=\"1024\" height=\"681\" src=\"http:\/\/vertienteglobal.com\/wp-content\/uploads\/2021\/08\/1170790.jpg\" alt=\"\" class=\"wp-image-185572\" srcset=\"http:\/\/vertienteglobal.com\/wp-content\/uploads\/2021\/08\/1170790.jpg 1024w, http:\/\/vertienteglobal.com\/wp-content\/uploads\/2021\/08\/1170790-300x200.jpg 300w, http:\/\/vertienteglobal.com\/wp-content\/uploads\/2021\/08\/1170790-150x100.jpg 150w, http:\/\/vertienteglobal.com\/wp-content\/uploads\/2021\/08\/1170790-768x511.jpg 768w\" sizes=\"auto, (max-width: 1024px) 100vw, 1024px\" \/><\/figure>\n\n\n\n<p>(Redacci\u00f3n\/Agencias)<\/p>\n\n\n\n<p>Informa que entre m\u00e1s energ\u00eda consumida por un DAC, el importe del recibo tendr\u00e1 un aumento cada vez m\u00e1s cercano al 21.0 por ciento anual<\/p>\n\n\n\n<p>Ciudad de M\u00e9xico a 03 de agosto de 2021.- Las tarifas el\u00e9ctricas dom\u00e9sticas de Alto Consumo han subido hasta un 20 por ciento a la fecha, de acuerdo con datos de la Comisi\u00f3n federal de Electricidad (CFE).<\/p>\n\n\n\n<p>El diario Reforma document\u00f3 casos de la tarifa DAC, que se aplica a los hogares donde el consumo promedio rebasa los 250 kilowatt-hora mensuales durante un a\u00f1o, en la Ciudad de M\u00e9xico y el Estado de M\u00e9xico, con incrementos de 20.9 en comparaci\u00f3n con 2021, los cuales se\u00f1ala que deben estar ocurriendo en todo el pa\u00eds.<\/p>\n\n\n\n<p>Reforma subraya que entre m\u00e1s energ\u00eda consumida por un DAC, el importe del recibo tendr\u00e1 un aumento cada vez m\u00e1s cercano al 21.0 por ciento anual.<\/p>\n\n\n\n<p>Asimismo, destaca que especialistas pronostican que estos aumentos continuar\u00e1n de manera gradual a lo largo del 2021, ante el incremento en los precios del gas en Estados Unidos que han venido d\u00e1ndose desde febrero pasado, debido a que el gas natural es uno de los principales insumos para la generaci\u00f3n de electricidad. (Fuente: Reforma)<\/p>\n","protected":false},"excerpt":{"rendered":"<p>(Redacci\u00f3n\/Agencias) Informa que entre m\u00e1s energ\u00eda consumida por un DAC, el importe del recibo tendr\u00e1 un aumento cada vez m\u00e1s cercano al 21.0 por ciento anual Ciudad de M\u00e9xico a 03 de agosto de 2021.- Las tarifas el\u00e9ctricas dom\u00e9sticas de Alto Consumo han subido hasta un 20 por ciento a la fecha, de acuerdo con [&hellip;]<\/p>\n","protected":false},"author":1,"featured_media":185572,"comment_status":"open","ping_status":"open","sticky":false,"template":"","format":"standard","meta":{"footnotes":""},"categories":[8],"tags":[],"class_list":["post-185571","post","type-post","status-publish","format-standard","has-post-thumbnail","hentry","category-pais","entry","has-media"],"jetpack_featured_media_url":"http:\/\/vertienteglobal.com\/wp-content\/uploads\/2021\/08\/1170790.jpg","_links":{"self":[{"href":"http:\/\/vertienteglobal.com\/index.php?rest_route=\/wp\/v2\/posts\/185571","targetHints":{"allow":["GET"]}}],"collection":[{"href":"http:\/\/vertienteglobal.com\/index.php?rest_route=\/wp\/v2\/posts"}],"about":[{"href":"http:\/\/vertienteglobal.com\/index.php?rest_route=\/wp\/v2\/types\/post"}],"author":[{"embeddable":true,"href":"http:\/\/vertienteglobal.com\/index.php?rest_route=\/wp\/v2\/users\/1"}],"replies":[{"embeddable":true,"href":"http:\/\/vertienteglobal.com\/index.php?rest_route=%2Fwp%2Fv2%2Fcomments&post=185571"}],"version-history":[{"count":0,"href":"http:\/\/vertienteglobal.com\/index.php?rest_route=\/wp\/v2\/posts\/185571\/revisions"}],"wp:featuredmedia":[{"embeddable":true,"href":"http:\/\/vertienteglobal.com\/index.php?rest_route=\/wp\/v2\/media\/185572"}],"wp:attachment":[{"href":"http:\/\/vertienteglobal.com\/index.php?rest_route=%2Fwp%2Fv2%2Fmedia&parent=185571"}],"wp:term":[{"taxonomy":"category","embeddable":true,"href":"http:\/\/vertienteglobal.com\/index.php?rest_route=%2Fwp%2Fv2%2Fcategories&post=185571"},{"taxonomy":"post_tag","embeddable":true,"href":"http:\/\/vertienteglobal.com\/index.php?rest_route=%2Fwp%2Fv2%2Ftags&post=185571"}],"curies":[{"name":"wp","href":"https:\/\/api.w.org\/{rel}","templated":true}]}}