{"id":185476,"date":"2021-08-01T12:50:00","date_gmt":"2021-08-01T17:50:00","guid":{"rendered":"http:\/\/vertienteglobal.com\/?p=185476"},"modified":"2021-08-01T14:53:57","modified_gmt":"2021-08-01T19:53:57","slug":"amlo-declina-hacer-declaraciones-sobre-consulta-popular","status":"publish","type":"post","link":"http:\/\/vertienteglobal.com\/?p=185476","title":{"rendered":"AMLO declina hacer declaraciones sobre consulta popular"},"content":{"rendered":"\n<div class=\"twitterbutton\" style=\"float: right; padding-left: 5px;\"><a href=\"http:\/\/twitter.com\/share\" class=\"twitter-share-button\" data-count=\"horizontal\" data-text=\"AMLO declina hacer declaraciones sobre consulta popular\" data-via=\"https:\/\/twitter.com\/VertienteGloba1\" data-url=\"http:\/\/vertienteglobal.com\/?p=185476\" data-lang=\"es\" data-related=\"Informaci\u00f3n general:S\u00edguenos para que est\u00e9ss informado\"><\/a><\/div>\n<figure class=\"wp-block-image size-large\"><img loading=\"lazy\" decoding=\"async\" width=\"1024\" height=\"683\" src=\"http:\/\/vertienteglobal.com\/wp-content\/uploads\/2021\/08\/151032.jpg\" alt=\"\" class=\"wp-image-185477\" srcset=\"http:\/\/vertienteglobal.com\/wp-content\/uploads\/2021\/08\/151032.jpg 1024w, http:\/\/vertienteglobal.com\/wp-content\/uploads\/2021\/08\/151032-300x200.jpg 300w, http:\/\/vertienteglobal.com\/wp-content\/uploads\/2021\/08\/151032-150x100.jpg 150w, http:\/\/vertienteglobal.com\/wp-content\/uploads\/2021\/08\/151032-768x512.jpg 768w\" sizes=\"auto, (max-width: 1024px) 100vw, 1024px\" \/><\/figure>\n\n\n\n<p>(Redacci\u00f3n)<\/p>\n\n\n\n<p>El mandatario nacional evit\u00f3 hablar sobre la consulta, pues dijo que recorrer\u00eda obras en La Yesca y Compostela<\/p>\n\n\n\n<p>Tepic Nayarit, a 01 de agosto de 2021.- Al encabezar su gira de trabajo por el estado de Nayarit, el presidente de M\u00e9xico, Andr\u00e9s Manuel L\u00f3pez Obrador afirm\u00f3 que \u2018no est\u00e1 metido\u2019 en la consulta popular actividad democr\u00e1tica que se lleva a cabo este domingo.<\/p>\n\n\n\n<p>Luego de dejar el hotel donde se encontraba, el mandatario nacional evit\u00f3 hablar sobre la consulta, pues dijo que recorrer\u00eda obras en La Yesca y Compostela.<\/p>\n\n\n\n<p>Previo a la gira de trabajo, L\u00f3pez Obrador sostuvo una reuni\u00f3n con Geraldine Ponce, presidenta municipal electa, quien dijo que participar\u00eda en la consulta.<\/p>\n\n\n\n<p>\u201c(Hablamos) de las necesidades de Tepic y bueno que ahorita ya me voy a la consulta popular. Empezaron a abrir a las ocho, esta vez no hay casillas especiales y hay que ir a votar donde est\u00e1 nuestro domicilio y ah\u00ed vamos a estar votando, en el Fovissste\u201d, se\u00f1al\u00f3 Ponce. (Fuente: Milenio)<\/p>\n","protected":false},"excerpt":{"rendered":"<p>(Redacci\u00f3n) El mandatario nacional evit\u00f3 hablar sobre la consulta, pues dijo que recorrer\u00eda obras en La Yesca y Compostela Tepic Nayarit, a 01 de agosto de 2021.- Al encabezar su gira de trabajo por el estado de Nayarit, el presidente de M\u00e9xico, Andr\u00e9s Manuel L\u00f3pez Obrador afirm\u00f3 que \u2018no est\u00e1 metido\u2019 en la consulta popular [&hellip;]<\/p>\n","protected":false},"author":1,"featured_media":185477,"comment_status":"open","ping_status":"open","sticky":false,"template":"","format":"standard","meta":{"footnotes":""},"categories":[8],"tags":[],"class_list":["post-185476","post","type-post","status-publish","format-standard","has-post-thumbnail","hentry","category-pais","entry","has-media"],"jetpack_featured_media_url":"http:\/\/vertienteglobal.com\/wp-content\/uploads\/2021\/08\/151032.jpg","_links":{"self":[{"href":"http:\/\/vertienteglobal.com\/index.php?rest_route=\/wp\/v2\/posts\/185476","targetHints":{"allow":["GET"]}}],"collection":[{"href":"http:\/\/vertienteglobal.com\/index.php?rest_route=\/wp\/v2\/posts"}],"about":[{"href":"http:\/\/vertienteglobal.com\/index.php?rest_route=\/wp\/v2\/types\/post"}],"author":[{"embeddable":true,"href":"http:\/\/vertienteglobal.com\/index.php?rest_route=\/wp\/v2\/users\/1"}],"replies":[{"embeddable":true,"href":"http:\/\/vertienteglobal.com\/index.php?rest_route=%2Fwp%2Fv2%2Fcomments&post=185476"}],"version-history":[{"count":0,"href":"http:\/\/vertienteglobal.com\/index.php?rest_route=\/wp\/v2\/posts\/185476\/revisions"}],"wp:featuredmedia":[{"embeddable":true,"href":"http:\/\/vertienteglobal.com\/index.php?rest_route=\/wp\/v2\/media\/185477"}],"wp:attachment":[{"href":"http:\/\/vertienteglobal.com\/index.php?rest_route=%2Fwp%2Fv2%2Fmedia&parent=185476"}],"wp:term":[{"taxonomy":"category","embeddable":true,"href":"http:\/\/vertienteglobal.com\/index.php?rest_route=%2Fwp%2Fv2%2Fcategories&post=185476"},{"taxonomy":"post_tag","embeddable":true,"href":"http:\/\/vertienteglobal.com\/index.php?rest_route=%2Fwp%2Fv2%2Ftags&post=185476"}],"curies":[{"name":"wp","href":"https:\/\/api.w.org\/{rel}","templated":true}]}}