{"id":185364,"date":"2021-07-30T16:24:00","date_gmt":"2021-07-30T21:24:00","guid":{"rendered":"http:\/\/vertienteglobal.com\/?p=185364"},"modified":"2021-07-30T17:00:17","modified_gmt":"2021-07-30T22:00:17","slug":"asiste-mara-lezama-a-la-entrega-de-la-medalla-al-merito-indigena-maya-cecilio-chi","status":"publish","type":"post","link":"http:\/\/vertienteglobal.com\/?p=185364","title":{"rendered":"Asiste Mara Lezama a la entrega de la medalla al merito Indigena Maya \u00abCecilio Chi\u00bb"},"content":{"rendered":"\n<div class=\"twitterbutton\" style=\"float: right; padding-left: 5px;\"><a href=\"http:\/\/twitter.com\/share\" class=\"twitter-share-button\" data-count=\"horizontal\" data-text=\"Asiste Mara Lezama a la entrega de la medalla al merito Indigena Maya \u00abCecilio ...\" data-via=\"https:\/\/twitter.com\/VertienteGloba1\" data-url=\"http:\/\/vertienteglobal.com\/?p=185364\" data-lang=\"es\" data-related=\"Informaci\u00f3n general:S\u00edguenos para que est\u00e9ss informado\"><\/a><\/div>\n<figure class=\"wp-block-image size-large\"><img loading=\"lazy\" decoding=\"async\" width=\"768\" height=\"439\" src=\"http:\/\/vertienteglobal.com\/wp-content\/uploads\/2021\/07\/WhatsApp-Image-2021-07-30-at-3.37.49-PM-1-768x439-1.jpeg\" alt=\"\" class=\"wp-image-185365\" srcset=\"http:\/\/vertienteglobal.com\/wp-content\/uploads\/2021\/07\/WhatsApp-Image-2021-07-30-at-3.37.49-PM-1-768x439-1.jpeg 768w, http:\/\/vertienteglobal.com\/wp-content\/uploads\/2021\/07\/WhatsApp-Image-2021-07-30-at-3.37.49-PM-1-768x439-1-300x171.jpeg 300w, http:\/\/vertienteglobal.com\/wp-content\/uploads\/2021\/07\/WhatsApp-Image-2021-07-30-at-3.37.49-PM-1-768x439-1-150x86.jpeg 150w\" sizes=\"auto, (max-width: 768px) 100vw, 768px\" \/><\/figure>\n\n\n\n<p>(Redacci\u00f3n)<\/p>\n\n\n\n<p>Mara Lezama, atestigu\u00f3 la entrega de la condecoraci\u00f3n a Maritza del Carmen Yeh Chan, por su destacada labor realizada a favor de la promoci\u00f3n y protecci\u00f3n de la identidad, as\u00ed como del patrimonio cultural de la etnia maya en sus distintas expresiones<\/p>\n\n\n\n<p>Chetumal, Quintana Roo a 30 de julio de 2021.-Las Autoridades municipales de Benito Ju\u00e1rez asistieron a la Sesi\u00f3n Solemne de la XVI Legislatura para la entrega de la Medalla al M\u00e9rito Ind\u00edgena Maya \u201cCecilio Chi\u201d, realizada en el recinto oficial del Poder Legislativo en Chetumal.<\/p>\n\n\n\n<p>Y es que la Presidenta Municipal, Mara Lezama, atestigu\u00f3 la entrega de la condecoraci\u00f3n a Maritza del Carmen Yeh Chan, por su destacada labor realizada a favor de la promoci\u00f3n y protecci\u00f3n de la identidad, as\u00ed como del patrimonio cultural de la etnia maya en sus distintas expresiones.<\/p>\n\n\n\n<p>Se ley\u00f3 el Decreto por el que se instituye dicha medalla para premiar a ciudadanos, agrupaciones sociales e instituciones sociales y privadas que se hayan destacado tanto en el \u00e1mbito local, nacional e internacional, por el fomento y promoci\u00f3n de la cultura maya y el mejoramiento de sus condiciones de vida, desde el campo social, cient\u00edfico, econ\u00f3mico y pol\u00edtico.<\/p>\n\n\n\n<p>La Sesi\u00f3n Solemne se instal\u00f3 despu\u00e9s de las 11:00 horas y como parte del protocolo, tras recibir al Gobernador del Estado y al Presidente del Tribunal Superior de Justicia del Estado, se realizaron honores a la Bandera Nacional y del Estado.<\/p>\n\n\n\n<p>En su oportunidad, la condecorada pronunci\u00f3 su mensaje en maya y espa\u00f1ol, en el cual dedic\u00f3 la medalla a su pueblo que dijo sigue vivo gracias a la lucha de sus ancestros y de las mujeres que son dignas representantes de esa cultura.<\/p>\n\n\n\n<p>De igual forma asistieron presidentes municipales en funciones y electos de varias demarcaciones, representantes de las fuerzas armadas y del sector acad\u00e9mico, diputados federales, funcionarios del Gobierno del Estado, dignatarios mayas, entre otros invitados.<\/p>\n\n\n\n<p>Cabe destacar que en el recinto se respetaron los protocolos sanitarios como la sana distancia, uso del gel antibacterial y obligatorio de cubrebocas.<\/p>\n\n\n\n<figure class=\"wp-block-image size-large\"><img loading=\"lazy\" decoding=\"async\" width=\"768\" height=\"512\" src=\"http:\/\/vertienteglobal.com\/wp-content\/uploads\/2021\/07\/WhatsApp-Image-2021-07-30-at-3.37.50-PM-768x512-1.jpeg\" alt=\"\" class=\"wp-image-185366\" srcset=\"http:\/\/vertienteglobal.com\/wp-content\/uploads\/2021\/07\/WhatsApp-Image-2021-07-30-at-3.37.50-PM-768x512-1.jpeg 768w, http:\/\/vertienteglobal.com\/wp-content\/uploads\/2021\/07\/WhatsApp-Image-2021-07-30-at-3.37.50-PM-768x512-1-300x200.jpeg 300w, http:\/\/vertienteglobal.com\/wp-content\/uploads\/2021\/07\/WhatsApp-Image-2021-07-30-at-3.37.50-PM-768x512-1-150x100.jpeg 150w\" sizes=\"auto, (max-width: 768px) 100vw, 768px\" \/><\/figure>\n\n\n\n<figure class=\"wp-block-image size-large\"><img loading=\"lazy\" decoding=\"async\" width=\"768\" height=\"521\" src=\"http:\/\/vertienteglobal.com\/wp-content\/uploads\/2021\/07\/WhatsApp-Image-2021-07-30-at-3.37.52-PM-768x521-1.jpeg\" alt=\"\" class=\"wp-image-185367\" srcset=\"http:\/\/vertienteglobal.com\/wp-content\/uploads\/2021\/07\/WhatsApp-Image-2021-07-30-at-3.37.52-PM-768x521-1.jpeg 768w, http:\/\/vertienteglobal.com\/wp-content\/uploads\/2021\/07\/WhatsApp-Image-2021-07-30-at-3.37.52-PM-768x521-1-300x204.jpeg 300w, http:\/\/vertienteglobal.com\/wp-content\/uploads\/2021\/07\/WhatsApp-Image-2021-07-30-at-3.37.52-PM-768x521-1-150x102.jpeg 150w\" sizes=\"auto, (max-width: 768px) 100vw, 768px\" \/><\/figure>\n","protected":false},"excerpt":{"rendered":"<p>(Redacci\u00f3n) Mara Lezama, atestigu\u00f3 la entrega de la condecoraci\u00f3n a Maritza del Carmen Yeh Chan, por su destacada labor realizada a favor de la promoci\u00f3n y protecci\u00f3n de la identidad, as\u00ed como del patrimonio cultural de la etnia maya en sus distintas expresiones Chetumal, Quintana Roo a 30 de julio de 2021.-Las Autoridades municipales de [&hellip;]<\/p>\n","protected":false},"author":1,"featured_media":185367,"comment_status":"open","ping_status":"open","sticky":false,"template":"","format":"standard","meta":{"footnotes":""},"categories":[3],"tags":[],"class_list":["post-185364","post","type-post","status-publish","format-standard","has-post-thumbnail","hentry","category-quintana-roo","entry","has-media"],"jetpack_featured_media_url":"http:\/\/vertienteglobal.com\/wp-content\/uploads\/2021\/07\/WhatsApp-Image-2021-07-30-at-3.37.52-PM-768x521-1.jpeg","_links":{"self":[{"href":"http:\/\/vertienteglobal.com\/index.php?rest_route=\/wp\/v2\/posts\/185364","targetHints":{"allow":["GET"]}}],"collection":[{"href":"http:\/\/vertienteglobal.com\/index.php?rest_route=\/wp\/v2\/posts"}],"about":[{"href":"http:\/\/vertienteglobal.com\/index.php?rest_route=\/wp\/v2\/types\/post"}],"author":[{"embeddable":true,"href":"http:\/\/vertienteglobal.com\/index.php?rest_route=\/wp\/v2\/users\/1"}],"replies":[{"embeddable":true,"href":"http:\/\/vertienteglobal.com\/index.php?rest_route=%2Fwp%2Fv2%2Fcomments&post=185364"}],"version-history":[{"count":0,"href":"http:\/\/vertienteglobal.com\/index.php?rest_route=\/wp\/v2\/posts\/185364\/revisions"}],"wp:featuredmedia":[{"embeddable":true,"href":"http:\/\/vertienteglobal.com\/index.php?rest_route=\/wp\/v2\/media\/185367"}],"wp:attachment":[{"href":"http:\/\/vertienteglobal.com\/index.php?rest_route=%2Fwp%2Fv2%2Fmedia&parent=185364"}],"wp:term":[{"taxonomy":"category","embeddable":true,"href":"http:\/\/vertienteglobal.com\/index.php?rest_route=%2Fwp%2Fv2%2Fcategories&post=185364"},{"taxonomy":"post_tag","embeddable":true,"href":"http:\/\/vertienteglobal.com\/index.php?rest_route=%2Fwp%2Fv2%2Ftags&post=185364"}],"curies":[{"name":"wp","href":"https:\/\/api.w.org\/{rel}","templated":true}]}}