{"id":185135,"date":"2021-07-27T11:19:00","date_gmt":"2021-07-27T16:19:00","guid":{"rendered":"http:\/\/vertienteglobal.com\/?p=185135"},"modified":"2021-07-27T13:06:18","modified_gmt":"2021-07-27T18:06:18","slug":"tres-anos-de-lucha-forjaron-solidaridad-en-un-municipio-con-vision-de-futuro-gracias-a-sus-fundadores-marciano-chano-toledo-sanchez","status":"publish","type":"post","link":"http:\/\/vertienteglobal.com\/?p=185135","title":{"rendered":"Tres a\u00f1os de lucha forjaron Solidaridad en un municipio con visi\u00f3n de futuro, gracias a sus fundadores: Marciano \u00abChano\u00bb Toledo Sanchez"},"content":{"rendered":"\n<div class=\"twitterbutton\" style=\"float: right; padding-left: 5px;\"><a href=\"http:\/\/twitter.com\/share\" class=\"twitter-share-button\" data-count=\"horizontal\" data-text=\"Tres a\u00f1os de lucha forjaron Solidaridad en un municipio con visi\u00f3n de futuro, ...\" data-via=\"https:\/\/twitter.com\/VertienteGloba1\" data-url=\"http:\/\/vertienteglobal.com\/?p=185135\" data-lang=\"es\" data-related=\"Informaci\u00f3n general:S\u00edguenos para que est\u00e9ss informado\"><\/a><\/div>\n<figure class=\"wp-block-image size-large\"><img loading=\"lazy\" decoding=\"async\" width=\"1024\" height=\"768\" src=\"http:\/\/vertienteglobal.com\/wp-content\/uploads\/2021\/07\/IMG-20210727-WA0002-1024x768.jpg\" alt=\"\" class=\"wp-image-185136\" srcset=\"http:\/\/vertienteglobal.com\/wp-content\/uploads\/2021\/07\/IMG-20210727-WA0002-1024x768.jpg 1024w, http:\/\/vertienteglobal.com\/wp-content\/uploads\/2021\/07\/IMG-20210727-WA0002-300x225.jpg 300w, http:\/\/vertienteglobal.com\/wp-content\/uploads\/2021\/07\/IMG-20210727-WA0002-150x113.jpg 150w, http:\/\/vertienteglobal.com\/wp-content\/uploads\/2021\/07\/IMG-20210727-WA0002-768x576.jpg 768w, http:\/\/vertienteglobal.com\/wp-content\/uploads\/2021\/07\/IMG-20210727-WA0002-1536x1152.jpg 1536w, http:\/\/vertienteglobal.com\/wp-content\/uploads\/2021\/07\/IMG-20210727-WA0002.jpg 1600w\" sizes=\"auto, (max-width: 1024px) 100vw, 1024px\" \/><\/figure>\n\n\n\n<p>(Antonio Rivera)<\/p>\n\n\n\n<p>Un 27 de julio de 1993 el Congreso del Estado de Quintana Roo, decreto nuevo municipio de Solidaridad con sede en Playa del Carmen<\/p>\n\n\n\n<p>Playa del Carmen, Solidaridad, Quintana Roo, a 27 de julio de 2021.- Fueron tres a\u00f1os de lucha, cabildeo y por iniciativa del gobernador, Mario Villanueva Madrid y del presidente de la Gran Comisi\u00f3n, Fausto Leonel Villanueva Marrufo, la VI Legislatura del Congreso del Estado de Quintana Roo, dieron lectura el 27 de julio al decreto de la creaci\u00f3n del octavo municipio de Solidaridad.<\/p>\n\n\n\n<p>Y es que la lucha incansable de sus fundadores, Marciano \u00abChano\u00bb Toledo S\u00e1nchez, Diego Guemes, Miguel Santos, Jacinto Aguilar, entre otros pobladores, se vio cristalizada un d\u00eda como hoy, cuando el Congreso del Estado, envio para que se publicara en el diario oficial de la federaci\u00f3n el decreto que oficializaba a Playa del Carmen como municipio de Solidaridad, siendo establecido un 28 de julio de 1993.<\/p>\n\n\n\n<p>Marciano \u00abChano\u00bb Toledo Sanchez, el promotor indiscutible de la creaci\u00f3n de Solidaridad.<\/p>\n\n\n\n<p>La publicaci\u00f3n en el Diario Oficial de la Federaci\u00f3n qued\u00f3 decretado el d\u00eda 28 de julio de 1993 en el municipio n\u00famero ocho, denominado Solidaridad.<\/p>\n\n\n\n<figure class=\"wp-block-image size-large\"><img loading=\"lazy\" decoding=\"async\" width=\"560\" height=\"1024\" src=\"http:\/\/vertienteglobal.com\/wp-content\/uploads\/2021\/07\/Screenshot_20210727-002809_Chrome2-560x1024.jpg\" alt=\"\" class=\"wp-image-185137\" srcset=\"http:\/\/vertienteglobal.com\/wp-content\/uploads\/2021\/07\/Screenshot_20210727-002809_Chrome2-560x1024.jpg 560w, http:\/\/vertienteglobal.com\/wp-content\/uploads\/2021\/07\/Screenshot_20210727-002809_Chrome2-164x300.jpg 164w, http:\/\/vertienteglobal.com\/wp-content\/uploads\/2021\/07\/Screenshot_20210727-002809_Chrome2-82x150.jpg 82w, http:\/\/vertienteglobal.com\/wp-content\/uploads\/2021\/07\/Screenshot_20210727-002809_Chrome2.jpg 718w\" sizes=\"auto, (max-width: 560px) 100vw, 560px\" \/><\/figure>\n\n\n\n<figure class=\"wp-block-image size-large\"><img loading=\"lazy\" decoding=\"async\" width=\"1024\" height=\"743\" src=\"http:\/\/vertienteglobal.com\/wp-content\/uploads\/2021\/07\/20210727_0705023-1024x743.jpg\" alt=\"\" class=\"wp-image-185138\" srcset=\"http:\/\/vertienteglobal.com\/wp-content\/uploads\/2021\/07\/20210727_0705023-1024x743.jpg 1024w, http:\/\/vertienteglobal.com\/wp-content\/uploads\/2021\/07\/20210727_0705023-300x218.jpg 300w, http:\/\/vertienteglobal.com\/wp-content\/uploads\/2021\/07\/20210727_0705023-150x109.jpg 150w, http:\/\/vertienteglobal.com\/wp-content\/uploads\/2021\/07\/20210727_0705023-768x557.jpg 768w, http:\/\/vertienteglobal.com\/wp-content\/uploads\/2021\/07\/20210727_0705023-1536x1115.jpg 1536w, http:\/\/vertienteglobal.com\/wp-content\/uploads\/2021\/07\/20210727_0705023-2048x1486.jpg 2048w\" sizes=\"auto, (max-width: 1024px) 100vw, 1024px\" \/><\/figure>\n\n\n\n<figure class=\"wp-block-image size-large\"><img loading=\"lazy\" decoding=\"async\" width=\"1024\" height=\"768\" src=\"http:\/\/vertienteglobal.com\/wp-content\/uploads\/2021\/07\/20210727_0705572-1024x768.jpg\" alt=\"\" class=\"wp-image-185139\" srcset=\"http:\/\/vertienteglobal.com\/wp-content\/uploads\/2021\/07\/20210727_0705572-1024x768.jpg 1024w, http:\/\/vertienteglobal.com\/wp-content\/uploads\/2021\/07\/20210727_0705572-300x225.jpg 300w, http:\/\/vertienteglobal.com\/wp-content\/uploads\/2021\/07\/20210727_0705572-150x113.jpg 150w, http:\/\/vertienteglobal.com\/wp-content\/uploads\/2021\/07\/20210727_0705572-768x576.jpg 768w, http:\/\/vertienteglobal.com\/wp-content\/uploads\/2021\/07\/20210727_0705572-1536x1152.jpg 1536w, http:\/\/vertienteglobal.com\/wp-content\/uploads\/2021\/07\/20210727_0705572-2048x1536.jpg 2048w\" sizes=\"auto, (max-width: 1024px) 100vw, 1024px\" \/><\/figure>\n","protected":false},"excerpt":{"rendered":"<p>(Antonio Rivera) Un 27 de julio de 1993 el Congreso del Estado de Quintana Roo, decreto nuevo municipio de Solidaridad con sede en Playa del Carmen Playa del Carmen, Solidaridad, Quintana Roo, a 27 de julio de 2021.- Fueron tres a\u00f1os de lucha, cabildeo y por iniciativa del gobernador, Mario Villanueva Madrid y del presidente [&hellip;]<\/p>\n","protected":false},"author":1,"featured_media":185136,"comment_status":"open","ping_status":"open","sticky":false,"template":"","format":"standard","meta":{"footnotes":""},"categories":[3],"tags":[],"class_list":["post-185135","post","type-post","status-publish","format-standard","has-post-thumbnail","hentry","category-quintana-roo","entry","has-media"],"jetpack_featured_media_url":"http:\/\/vertienteglobal.com\/wp-content\/uploads\/2021\/07\/IMG-20210727-WA0002.jpg","_links":{"self":[{"href":"http:\/\/vertienteglobal.com\/index.php?rest_route=\/wp\/v2\/posts\/185135","targetHints":{"allow":["GET"]}}],"collection":[{"href":"http:\/\/vertienteglobal.com\/index.php?rest_route=\/wp\/v2\/posts"}],"about":[{"href":"http:\/\/vertienteglobal.com\/index.php?rest_route=\/wp\/v2\/types\/post"}],"author":[{"embeddable":true,"href":"http:\/\/vertienteglobal.com\/index.php?rest_route=\/wp\/v2\/users\/1"}],"replies":[{"embeddable":true,"href":"http:\/\/vertienteglobal.com\/index.php?rest_route=%2Fwp%2Fv2%2Fcomments&post=185135"}],"version-history":[{"count":0,"href":"http:\/\/vertienteglobal.com\/index.php?rest_route=\/wp\/v2\/posts\/185135\/revisions"}],"wp:featuredmedia":[{"embeddable":true,"href":"http:\/\/vertienteglobal.com\/index.php?rest_route=\/wp\/v2\/media\/185136"}],"wp:attachment":[{"href":"http:\/\/vertienteglobal.com\/index.php?rest_route=%2Fwp%2Fv2%2Fmedia&parent=185135"}],"wp:term":[{"taxonomy":"category","embeddable":true,"href":"http:\/\/vertienteglobal.com\/index.php?rest_route=%2Fwp%2Fv2%2Fcategories&post=185135"},{"taxonomy":"post_tag","embeddable":true,"href":"http:\/\/vertienteglobal.com\/index.php?rest_route=%2Fwp%2Fv2%2Ftags&post=185135"}],"curies":[{"name":"wp","href":"https:\/\/api.w.org\/{rel}","templated":true}]}}