{"id":184899,"date":"2021-07-24T16:49:34","date_gmt":"2021-07-24T21:49:34","guid":{"rendered":"http:\/\/vertienteglobal.com\/?p=184899"},"modified":"2021-07-25T08:23:13","modified_gmt":"2021-07-25T13:23:13","slug":"invita-imss-yucatan-a-no-bajar-la-guardia-contra-el-covid-19-y-tener-un-verano-seguro","status":"publish","type":"post","link":"http:\/\/vertienteglobal.com\/?p=184899","title":{"rendered":"Invita IMSS Yucat\u00e1n a no bajar la guardia contra el Covid 19 y tener un Verano Seguro"},"content":{"rendered":"\n<div class=\"twitterbutton\" style=\"float: right; padding-left: 5px;\"><a href=\"http:\/\/twitter.com\/share\" class=\"twitter-share-button\" data-count=\"horizontal\" data-text=\"Invita IMSS Yucat\u00e1n a no bajar la guardia contra el Covid 19 y tener un Verano ...\" data-via=\"https:\/\/twitter.com\/VertienteGloba1\" data-url=\"http:\/\/vertienteglobal.com\/?p=184899\" data-lang=\"es\" data-related=\"Informaci\u00f3n general:S\u00edguenos para que est\u00e9ss informado\"><\/a><\/div>\n<p><\/p>\n\n\n\n<p>(Redacci\u00f3n)<\/p>\n\n\n\n<p>Mantener la sana distancia es una de las medidas preventivas para disminuir la propagaci\u00f3n de enfermedades transmisibles como el COVID-19<\/p>\n\n\n\n<p>El verano est\u00e1 aqu\u00ed y el COVID-19 tambi\u00e9n<\/p>\n\n\n\n<p>M\u00e9rida, Yucat\u00e1n a 24 de julio de 2021.- Con la finalidad de salvaguardar la salud de cada uno de los integrantes de las familias, ante el Verano Seguro en vacaciones, el Instituto Mexicano del Seguro Social (IMSS) en Yucat\u00e1n invita a no bajar la guardia en la implementaci\u00f3n de acciones preventivas, como la sana distancia de al menos 1.5 metros entre personas, ya que es una de las medidas sociales m\u00e1s importantes para reducir el riesgo en la propagaci\u00f3n de enfermedades transmisibles como el COVID-19.<\/p>\n\n\n\n<p>La coordinadora de Segundo Nivel del Instituto, doctora Melina Cahuich Canto, indic\u00f3 que para romper las cadenas de contagio por el virus SARS-CoV-2 se deben respetar cada una de las medidas preventivas emitidas por las autoridades de Salud.<\/p>\n\n\n\n<p>De igual forma, como parte de la sana distancia tambi\u00e9n se sugiere llevar a cabo el saludo de lejos, es decir, evitar dar la mano, abrazar y dar besos.<\/p>\n\n\n\n<p>Por otro lado, para estar comunicados de manera segura con otros familiares que habitan en hogares diferentes se recomienda realizar llamadas telef\u00f3nicas o videollamadas, ya que la emergencia sanitaria contin\u00faa y quedarse en casa es cuidarse a uno mismo y a los seres queridos.<\/p>\n\n\n\n<p>Otras de las medidas de prevenci\u00f3n que se deben fortalecer son: no salir de casa a menos de que sea necesario o requiera atenci\u00f3n m\u00e9dica; continuar en todo momento con el lavado frecuente de manos o utilizar gel a base de alcohol al 70 por ciento.<\/p>\n\n\n\n<p>Evitar tocarse la cara, en especial ojos, nariz y boca, no compartir objetos de uso personal, limpiar y desinfectar constantemente los objetos de uso com\u00fan (celulares\\llaves); acudir a vacunarse con todas las medidas de prevenci\u00f3n y manterse informados \u00fanicamente de fuentes oficiales.<\/p>\n\n\n\n<p>En caso de dudas sobre medidas preventivas o s\u00edntomas de COVID-19, el Instituto cuenta con la l\u00ednea de Orientaci\u00f3n M\u00e9dica Telef\u00f3nica 800 2222 668, donde personal de Salud informa sobre diversos temas.<\/p>\n\n\n\n<p>Para finalizar, las Unidades de Medicina Familiar (UMF) del IMSS cuentan con atenci\u00f3n las 24 horas en los M\u00f3dulos de Atenci\u00f3n Respiratoria del Seguro Social (MARSS), donde se otorga atenci\u00f3n a pacientes con s\u00edntomas de enfermedades o problemas respiratorios.<\/p>\n","protected":false},"excerpt":{"rendered":"<p>(Redacci\u00f3n) Mantener la sana distancia es una de las medidas preventivas para disminuir la propagaci\u00f3n de enfermedades transmisibles como el COVID-19 El verano est\u00e1 aqu\u00ed y el COVID-19 tambi\u00e9n M\u00e9rida, Yucat\u00e1n a 24 de julio de 2021.- Con la finalidad de salvaguardar la salud de cada uno de los integrantes de las familias, ante el [&hellip;]<\/p>\n","protected":false},"author":1,"featured_media":184900,"comment_status":"open","ping_status":"open","sticky":false,"template":"","format":"standard","meta":{"footnotes":""},"categories":[2],"tags":[],"class_list":["post-184899","post","type-post","status-publish","format-standard","has-post-thumbnail","hentry","category-yucatan","entry","has-media"],"jetpack_featured_media_url":"http:\/\/vertienteglobal.com\/wp-content\/uploads\/2021\/07\/IMSSVerano2-660x330-1.jpg","_links":{"self":[{"href":"http:\/\/vertienteglobal.com\/index.php?rest_route=\/wp\/v2\/posts\/184899","targetHints":{"allow":["GET"]}}],"collection":[{"href":"http:\/\/vertienteglobal.com\/index.php?rest_route=\/wp\/v2\/posts"}],"about":[{"href":"http:\/\/vertienteglobal.com\/index.php?rest_route=\/wp\/v2\/types\/post"}],"author":[{"embeddable":true,"href":"http:\/\/vertienteglobal.com\/index.php?rest_route=\/wp\/v2\/users\/1"}],"replies":[{"embeddable":true,"href":"http:\/\/vertienteglobal.com\/index.php?rest_route=%2Fwp%2Fv2%2Fcomments&post=184899"}],"version-history":[{"count":0,"href":"http:\/\/vertienteglobal.com\/index.php?rest_route=\/wp\/v2\/posts\/184899\/revisions"}],"wp:featuredmedia":[{"embeddable":true,"href":"http:\/\/vertienteglobal.com\/index.php?rest_route=\/wp\/v2\/media\/184900"}],"wp:attachment":[{"href":"http:\/\/vertienteglobal.com\/index.php?rest_route=%2Fwp%2Fv2%2Fmedia&parent=184899"}],"wp:term":[{"taxonomy":"category","embeddable":true,"href":"http:\/\/vertienteglobal.com\/index.php?rest_route=%2Fwp%2Fv2%2Fcategories&post=184899"},{"taxonomy":"post_tag","embeddable":true,"href":"http:\/\/vertienteglobal.com\/index.php?rest_route=%2Fwp%2Fv2%2Ftags&post=184899"}],"curies":[{"name":"wp","href":"https:\/\/api.w.org\/{rel}","templated":true}]}}