{"id":184778,"date":"2021-07-22T08:37:00","date_gmt":"2021-07-22T13:37:00","guid":{"rendered":"http:\/\/vertienteglobal.com\/?p=184778"},"modified":"2021-07-22T09:40:03","modified_gmt":"2021-07-22T14:40:03","slug":"lopez-obrador-reitera-compromiso-de-descentralizar-al-gobierno-de-mexico","status":"publish","type":"post","link":"http:\/\/vertienteglobal.com\/?p=184778","title":{"rendered":"L\u00f3pez Obrador reitera compromiso de descentralizar al gobierno de M\u00e9xico"},"content":{"rendered":"\n<div class=\"twitterbutton\" style=\"float: right; padding-left: 5px;\"><a href=\"http:\/\/twitter.com\/share\" class=\"twitter-share-button\" data-count=\"horizontal\" data-text=\"L\u00f3pez Obrador reitera compromiso de descentralizar al gobierno de M\u00e9xico\" data-via=\"https:\/\/twitter.com\/VertienteGloba1\" data-url=\"http:\/\/vertienteglobal.com\/?p=184778\" data-lang=\"es\" data-related=\"Informaci\u00f3n general:S\u00edguenos para que est\u00e9ss informado\"><\/a><\/div>\n<figure class=\"wp-block-image size-large\"><img loading=\"lazy\" decoding=\"async\" width=\"1024\" height=\"683\" src=\"http:\/\/vertienteglobal.com\/wp-content\/uploads\/2021\/07\/150060.jpg\" alt=\"\" class=\"wp-image-184779\" srcset=\"http:\/\/vertienteglobal.com\/wp-content\/uploads\/2021\/07\/150060.jpg 1024w, http:\/\/vertienteglobal.com\/wp-content\/uploads\/2021\/07\/150060-300x200.jpg 300w, http:\/\/vertienteglobal.com\/wp-content\/uploads\/2021\/07\/150060-150x100.jpg 150w, http:\/\/vertienteglobal.com\/wp-content\/uploads\/2021\/07\/150060-768x512.jpg 768w\" sizes=\"auto, (max-width: 1024px) 100vw, 1024px\" \/><\/figure>\n\n\n\n<p>(Redacci\u00f3n)<\/p>\n\n\n\n<p>Inform\u00f3 que la Secretar\u00eda de Bienestar estar\u00e1 en Oaxaca, Educaci\u00f3n en Puebla, Turismo en Quintana Roo y Pemex en Ciudad del Carmen, Campeche<\/p>\n\n\n\n<p>Ciudad de M\u00e9xico a 22 de julio de 2021.- El presidente de M\u00e9xico, Andr\u00e9s Manuel L\u00f3pez Obrador, se\u00f1al\u00f3 que la descentralizaci\u00f3n del gobierno federal ha sido uno de los compromisos que no ha logrado cumplir, especialmente por la pandemia de Covid-19.<\/p>\n\n\n\n<p>Y es que en la conferencia de prensa matutina, sostuvo que de las 100 promesas que plante\u00f3 al comienzo de su administraci\u00f3n, ha podido realizar 98 para el bienestar del pa\u00eds.<\/p>\n\n\n\n<p>El mandatario nacional record\u00f3 que el fin de semana visit\u00f3 el edificio de Acapulco, Guerrero, donde estar\u00e1 la Secretar\u00eda de Salud, a fin de verificar las instalaciones donde se prev\u00e9 que se traslade la dependencia.<\/p>\n\n\n\n<p>Agreg\u00f3 que la Secretar\u00eda de Bienestar estar\u00e1 en Oaxaca, Educaci\u00f3n en Puebla, Turismo en Quintana Roo y Pemex en Ciudad del Carmen, Campeche. (Fuente: Conferencia de prensa)<\/p>\n","protected":false},"excerpt":{"rendered":"<p>(Redacci\u00f3n) Inform\u00f3 que la Secretar\u00eda de Bienestar estar\u00e1 en Oaxaca, Educaci\u00f3n en Puebla, Turismo en Quintana Roo y Pemex en Ciudad del Carmen, Campeche Ciudad de M\u00e9xico a 22 de julio de 2021.- El presidente de M\u00e9xico, Andr\u00e9s Manuel L\u00f3pez Obrador, se\u00f1al\u00f3 que la descentralizaci\u00f3n del gobierno federal ha sido uno de los compromisos que [&hellip;]<\/p>\n","protected":false},"author":1,"featured_media":184779,"comment_status":"open","ping_status":"open","sticky":false,"template":"","format":"standard","meta":{"footnotes":""},"categories":[8],"tags":[],"class_list":["post-184778","post","type-post","status-publish","format-standard","has-post-thumbnail","hentry","category-pais","entry","has-media"],"jetpack_featured_media_url":"http:\/\/vertienteglobal.com\/wp-content\/uploads\/2021\/07\/150060.jpg","_links":{"self":[{"href":"http:\/\/vertienteglobal.com\/index.php?rest_route=\/wp\/v2\/posts\/184778","targetHints":{"allow":["GET"]}}],"collection":[{"href":"http:\/\/vertienteglobal.com\/index.php?rest_route=\/wp\/v2\/posts"}],"about":[{"href":"http:\/\/vertienteglobal.com\/index.php?rest_route=\/wp\/v2\/types\/post"}],"author":[{"embeddable":true,"href":"http:\/\/vertienteglobal.com\/index.php?rest_route=\/wp\/v2\/users\/1"}],"replies":[{"embeddable":true,"href":"http:\/\/vertienteglobal.com\/index.php?rest_route=%2Fwp%2Fv2%2Fcomments&post=184778"}],"version-history":[{"count":0,"href":"http:\/\/vertienteglobal.com\/index.php?rest_route=\/wp\/v2\/posts\/184778\/revisions"}],"wp:featuredmedia":[{"embeddable":true,"href":"http:\/\/vertienteglobal.com\/index.php?rest_route=\/wp\/v2\/media\/184779"}],"wp:attachment":[{"href":"http:\/\/vertienteglobal.com\/index.php?rest_route=%2Fwp%2Fv2%2Fmedia&parent=184778"}],"wp:term":[{"taxonomy":"category","embeddable":true,"href":"http:\/\/vertienteglobal.com\/index.php?rest_route=%2Fwp%2Fv2%2Fcategories&post=184778"},{"taxonomy":"post_tag","embeddable":true,"href":"http:\/\/vertienteglobal.com\/index.php?rest_route=%2Fwp%2Fv2%2Ftags&post=184778"}],"curies":[{"name":"wp","href":"https:\/\/api.w.org\/{rel}","templated":true}]}}