{"id":184631,"date":"2021-07-20T14:49:00","date_gmt":"2021-07-20T19:49:00","guid":{"rendered":"http:\/\/vertienteglobal.com\/?p=184631"},"modified":"2021-07-20T18:20:45","modified_gmt":"2021-07-20T23:20:45","slug":"cancunnominado-en-ocho-categorias-de-los-word-travel-awards","status":"publish","type":"post","link":"http:\/\/vertienteglobal.com\/?p=184631","title":{"rendered":"Canc\u00fan,nominado en ocho categor\u00edas de los Word Travel Awards"},"content":{"rendered":"\n<div class=\"twitterbutton\" style=\"float: right; padding-left: 5px;\"><a href=\"http:\/\/twitter.com\/share\" class=\"twitter-share-button\" data-count=\"horizontal\" data-text=\"Canc\u00fan,nominado en ocho categor\u00edas de los Word Travel Awards\" data-via=\"https:\/\/twitter.com\/VertienteGloba1\" data-url=\"http:\/\/vertienteglobal.com\/?p=184631\" data-lang=\"es\" data-related=\"Informaci\u00f3n general:S\u00edguenos para que est\u00e9ss informado\"><\/a><\/div>\n<figure class=\"wp-block-image size-large\"><img loading=\"lazy\" decoding=\"async\" width=\"737\" height=\"416\" src=\"http:\/\/vertienteglobal.com\/wp-content\/uploads\/2021\/07\/images-3.jpeg\" alt=\"\" class=\"wp-image-184632\" srcset=\"http:\/\/vertienteglobal.com\/wp-content\/uploads\/2021\/07\/images-3.jpeg 737w, http:\/\/vertienteglobal.com\/wp-content\/uploads\/2021\/07\/images-3-300x169.jpeg 300w, http:\/\/vertienteglobal.com\/wp-content\/uploads\/2021\/07\/images-3-150x85.jpeg 150w\" sizes=\"auto, (max-width: 737px) 100vw, 737px\" \/><\/figure>\n\n\n\n<p>(Redacci\u00f3n)<\/p>\n\n\n\n<p>Las votaciones permanecen abiertas desde el 30 de marzo y hasta el 26 de julio del presente a\u00f1o<\/p>\n\n\n\n<p>Canc\u00fan, Quintana Roo a 20 de julio de 2021.- En ocho categor\u00edas de la 28va edici\u00f3n de los World Travel Awards, tambi\u00e9n conocidos como los \u201cOscars\u201d del turismo mundial, fue nominado Canc\u00fan.<\/p>\n\n\n\n<p>Y es que el caribe mexicano, representado por Canc\u00fan est\u00e1 postulado como Destino de Playa l\u00edder en M\u00e9xico y Am\u00e9rica Central 2021, Destino de Viajes de Negocio L\u00edder en M\u00e9xico y Am\u00e9rica Central 2021, Destino de Escapada Urbana L\u00edder en M\u00e9xico y Am\u00e9rica Central 2021, Ciudad de Destino L\u00edder en M\u00e9xico y Am\u00e9rica Central 2021, y Destino de Reuniones y Conferencias L\u00edder en M\u00e9xico y Am\u00e9rica Central 2021.<\/p>\n\n\n\n<p>Tambien est\u00e1 nominado como Destino de Playa L\u00edder en M\u00e9xico 2021, Destino de Escapada Urbana L\u00edder en M\u00e9xico 2021 y Destino L\u00edder en M\u00e9xico 2021.<\/p>\n\n\n\n<p>Asimismo, Canc\u00fan ha ganado de forma consecutiva, durante los \u00faltimos dos a\u00f1os, la categor\u00eda correspondiente como Destino de Playa L\u00edder en M\u00e9xico.<\/p>\n\n\n\n<p>De igual forma, el Aeropuerto Internacional de Canc\u00fan tambi\u00e9n se encuentra postulado como Aeropuerto L\u00edder en M\u00e9xico y Am\u00e9rica Central en 2021.<\/p>\n\n\n\n<p>Adem\u00e1s de la Oficina de Visitantes y Convenciones de Canc\u00fan est\u00e1 nominada como Oficina de Turismo de la Ciudad L\u00edder de M\u00e9xico y Centroam\u00e9rica 2021.<\/p>\n\n\n\n<p>El Canc\u00fan ICC se encuentra nominado en la categor\u00eda como Centro de Conferencias y reuniones l\u00edder en M\u00e9xico y en Am\u00e9rica Central en 2021.<\/p>\n\n\n\n<p>Tambi\u00e9n seis hoteles de Canc\u00fan est\u00e1n postulados en diversas categor\u00edas: Hard Rock Hotel Canc\u00fan, Hyatt Zilara Canc\u00fan, Hyatt Ziva Canc\u00fan, Grand Fiesta Americana Coral Beach Canc\u00fan, JW Marriott Cancun Resort &amp; Spa y Dreams Vista Canc\u00fan Golf &amp; Spa Resort.<\/p>\n\n\n\n<p>Las votaciones permanecen abiertas desde el 30 de marzo y hasta el 26 de julio del presente a\u00f1o.<\/p>\n\n\n\n<p>Cualquier persona puede registrarse con un correo electr\u00f3nico y votar por su destino favorito en el enlace: https:\/\/www.worldtravelawards.com\/vote.<\/p>\n\n\n\n<figure class=\"wp-block-image size-large\"><img loading=\"lazy\" decoding=\"async\" width=\"640\" height=\"480\" src=\"http:\/\/vertienteglobal.com\/wp-content\/uploads\/2021\/07\/images-4.jpeg\" alt=\"\" class=\"wp-image-184633\" srcset=\"http:\/\/vertienteglobal.com\/wp-content\/uploads\/2021\/07\/images-4.jpeg 640w, http:\/\/vertienteglobal.com\/wp-content\/uploads\/2021\/07\/images-4-300x225.jpeg 300w, http:\/\/vertienteglobal.com\/wp-content\/uploads\/2021\/07\/images-4-150x113.jpeg 150w\" sizes=\"auto, (max-width: 640px) 100vw, 640px\" \/><\/figure>\n","protected":false},"excerpt":{"rendered":"<p>(Redacci\u00f3n) Las votaciones permanecen abiertas desde el 30 de marzo y hasta el 26 de julio del presente a\u00f1o Canc\u00fan, Quintana Roo a 20 de julio de 2021.- En ocho categor\u00edas de la 28va edici\u00f3n de los World Travel Awards, tambi\u00e9n conocidos como los \u201cOscars\u201d del turismo mundial, fue nominado Canc\u00fan. Y es que el [&hellip;]<\/p>\n","protected":false},"author":1,"featured_media":184632,"comment_status":"open","ping_status":"open","sticky":false,"template":"","format":"standard","meta":{"footnotes":""},"categories":[3],"tags":[],"class_list":["post-184631","post","type-post","status-publish","format-standard","has-post-thumbnail","hentry","category-quintana-roo","entry","has-media"],"jetpack_featured_media_url":"http:\/\/vertienteglobal.com\/wp-content\/uploads\/2021\/07\/images-3.jpeg","_links":{"self":[{"href":"http:\/\/vertienteglobal.com\/index.php?rest_route=\/wp\/v2\/posts\/184631","targetHints":{"allow":["GET"]}}],"collection":[{"href":"http:\/\/vertienteglobal.com\/index.php?rest_route=\/wp\/v2\/posts"}],"about":[{"href":"http:\/\/vertienteglobal.com\/index.php?rest_route=\/wp\/v2\/types\/post"}],"author":[{"embeddable":true,"href":"http:\/\/vertienteglobal.com\/index.php?rest_route=\/wp\/v2\/users\/1"}],"replies":[{"embeddable":true,"href":"http:\/\/vertienteglobal.com\/index.php?rest_route=%2Fwp%2Fv2%2Fcomments&post=184631"}],"version-history":[{"count":0,"href":"http:\/\/vertienteglobal.com\/index.php?rest_route=\/wp\/v2\/posts\/184631\/revisions"}],"wp:featuredmedia":[{"embeddable":true,"href":"http:\/\/vertienteglobal.com\/index.php?rest_route=\/wp\/v2\/media\/184632"}],"wp:attachment":[{"href":"http:\/\/vertienteglobal.com\/index.php?rest_route=%2Fwp%2Fv2%2Fmedia&parent=184631"}],"wp:term":[{"taxonomy":"category","embeddable":true,"href":"http:\/\/vertienteglobal.com\/index.php?rest_route=%2Fwp%2Fv2%2Fcategories&post=184631"},{"taxonomy":"post_tag","embeddable":true,"href":"http:\/\/vertienteglobal.com\/index.php?rest_route=%2Fwp%2Fv2%2Ftags&post=184631"}],"curies":[{"name":"wp","href":"https:\/\/api.w.org\/{rel}","templated":true}]}}