{"id":184578,"date":"2021-07-19T19:54:00","date_gmt":"2021-07-20T00:54:00","guid":{"rendered":"http:\/\/vertienteglobal.com\/?p=184578"},"modified":"2021-07-19T20:56:28","modified_gmt":"2021-07-20T01:56:28","slug":"venados-sinodal-de-cancun-fc-previo-a-su-debut","status":"publish","type":"post","link":"http:\/\/vertienteglobal.com\/?p=184578","title":{"rendered":"Venados, sinodal de Canc\u00fan FC previo a su debut"},"content":{"rendered":"\n<div class=\"twitterbutton\" style=\"float: right; padding-left: 5px;\"><a href=\"http:\/\/twitter.com\/share\" class=\"twitter-share-button\" data-count=\"horizontal\" data-text=\"Venados, sinodal de Canc\u00fan FC previo a su debut\" data-via=\"https:\/\/twitter.com\/VertienteGloba1\" data-url=\"http:\/\/vertienteglobal.com\/?p=184578\" data-lang=\"es\" data-related=\"Informaci\u00f3n general:S\u00edguenos para que est\u00e9ss informado\"><\/a><\/div>\n<figure class=\"wp-block-image size-large\"><img loading=\"lazy\" decoding=\"async\" width=\"660\" height=\"330\" src=\"http:\/\/vertienteglobal.com\/wp-content\/uploads\/2021\/07\/unnamed-6-660x330-1.jpg\" alt=\"\" class=\"wp-image-184579\" srcset=\"http:\/\/vertienteglobal.com\/wp-content\/uploads\/2021\/07\/unnamed-6-660x330-1.jpg 660w, http:\/\/vertienteglobal.com\/wp-content\/uploads\/2021\/07\/unnamed-6-660x330-1-300x150.jpg 300w, http:\/\/vertienteglobal.com\/wp-content\/uploads\/2021\/07\/unnamed-6-660x330-1-150x75.jpg 150w\" sizes=\"auto, (max-width: 660px) 100vw, 660px\" \/><\/figure>\n\n\n\n<p>(Redacci\u00f3n)<\/p>\n\n\n\n<p>\u2018La Ola Futbolera\u2019 chocar\u00e1 este martes por la noche ante su rival peninsular de cara a su presentaci\u00f3n en el Apertura 2021 de la Liga de Expansi\u00f3n contra Raya2, el mi\u00e9rcoles 28 en Monterrey.<\/p>\n\n\n\n<p>Canc\u00fan, Quintana Roo 19 de Julio de 2021.- El equipo de Canc\u00fan FC sortear\u00e1 en M\u00e9rida ante Venados, en el cl\u00e1sico peninsular, su examen de cara al duelo ante Raya2, el mi\u00e9rcoles 28 en Monterrey.<\/p>\n\n\n\n<p>El amistoso contra Yucat\u00e1n, significar\u00e1 para los dirigidos por Federico Vilar un buen sinodal, previo a su presentaci\u00f3n en el Torneo Apertura 2021 de la Liga de Expansi\u00f3n MX.<\/p>\n\n\n\n<p>El encuentro est\u00e1 programado para este martes a las 19:00 horas en el estadio \u2018Carlos Iturralde\u2019, la sede justamente donde los astados debutar\u00e1n la pr\u00f3xima semana frente a los Toros del Atl\u00e9tico Celaya.<\/p>\n\n\n\n<p>Los caribe\u00f1os enfrentaron a Raya2, su primer rival en el Apertura 2021, el 26 de junio en el estadio \u2018Andr\u00e9s Quintana Roo\u2019, ya que posteriormente realiz\u00f3 diversos interescuadras que permitieron al director t\u00e9cnico, Federico Vilar, observar al plantel y definir la que ser\u00e1 su alineaci\u00f3n para el compromiso en el \u2018Gigante de Acero\u2019.<\/p>\n\n\n\n<p>La lista de viajeros para este martes la integran elementos, como Cristian Campestrini, Obeth Rojas, Ricardo Cruz, Nicol\u00e1s Lugano, Carlos Prieto, Heriberto Aguayo, Luis Guillermo Alonso, Alex Torres, Luciano Bocco, Manuel Sibaja, Michael P\u00e9rez, Francisco Estrada, Pa\u00fal Uscanga, Alexander Valencia, Armando Zamorano, Ad\u00e1n Zaragoza, Steven Almeida, Jes\u00fas Vargas, Luis Felipe Hermosillo, Igor Neves y Yair Delgadillo, respectivamente.<\/p>\n\n\n\n<p>Ya en la temporada, Canc\u00fan FC y Venados chocar\u00e1n el 1 de septiembre a las 21:00 horas en el estadio \u2018Andr\u00e9s Quintana Roo\u2019, en la s\u00e9ptima fecha.<\/p>\n","protected":false},"excerpt":{"rendered":"<p>(Redacci\u00f3n) \u2018La Ola Futbolera\u2019 chocar\u00e1 este martes por la noche ante su rival peninsular de cara a su presentaci\u00f3n en el Apertura 2021 de la Liga de Expansi\u00f3n contra Raya2, el mi\u00e9rcoles 28 en Monterrey. Canc\u00fan, Quintana Roo 19 de Julio de 2021.- El equipo de Canc\u00fan FC sortear\u00e1 en M\u00e9rida ante Venados, en el [&hellip;]<\/p>\n","protected":false},"author":1,"featured_media":184579,"comment_status":"open","ping_status":"open","sticky":false,"template":"","format":"standard","meta":{"footnotes":""},"categories":[11,3,2],"tags":[],"class_list":["post-184578","post","type-post","status-publish","format-standard","has-post-thumbnail","hentry","category-deportes","category-quintana-roo","category-yucatan","entry","has-media"],"jetpack_featured_media_url":"http:\/\/vertienteglobal.com\/wp-content\/uploads\/2021\/07\/unnamed-6-660x330-1.jpg","_links":{"self":[{"href":"http:\/\/vertienteglobal.com\/index.php?rest_route=\/wp\/v2\/posts\/184578","targetHints":{"allow":["GET"]}}],"collection":[{"href":"http:\/\/vertienteglobal.com\/index.php?rest_route=\/wp\/v2\/posts"}],"about":[{"href":"http:\/\/vertienteglobal.com\/index.php?rest_route=\/wp\/v2\/types\/post"}],"author":[{"embeddable":true,"href":"http:\/\/vertienteglobal.com\/index.php?rest_route=\/wp\/v2\/users\/1"}],"replies":[{"embeddable":true,"href":"http:\/\/vertienteglobal.com\/index.php?rest_route=%2Fwp%2Fv2%2Fcomments&post=184578"}],"version-history":[{"count":0,"href":"http:\/\/vertienteglobal.com\/index.php?rest_route=\/wp\/v2\/posts\/184578\/revisions"}],"wp:featuredmedia":[{"embeddable":true,"href":"http:\/\/vertienteglobal.com\/index.php?rest_route=\/wp\/v2\/media\/184579"}],"wp:attachment":[{"href":"http:\/\/vertienteglobal.com\/index.php?rest_route=%2Fwp%2Fv2%2Fmedia&parent=184578"}],"wp:term":[{"taxonomy":"category","embeddable":true,"href":"http:\/\/vertienteglobal.com\/index.php?rest_route=%2Fwp%2Fv2%2Fcategories&post=184578"},{"taxonomy":"post_tag","embeddable":true,"href":"http:\/\/vertienteglobal.com\/index.php?rest_route=%2Fwp%2Fv2%2Ftags&post=184578"}],"curies":[{"name":"wp","href":"https:\/\/api.w.org\/{rel}","templated":true}]}}