{"id":184545,"date":"2021-07-19T15:16:00","date_gmt":"2021-07-19T20:16:00","guid":{"rendered":"http:\/\/vertienteglobal.com\/?p=184545"},"modified":"2021-07-19T17:19:06","modified_gmt":"2021-07-19T22:19:06","slug":"sube-la-ocupacion-al-95-en-residencias-veraniegas-de-progreso-en-yucatan","status":"publish","type":"post","link":"http:\/\/vertienteglobal.com\/?p=184545","title":{"rendered":"Sube la ocupaci\u00f3n al 95% en residencias veraniegas de Progreso en Yucat\u00e1n"},"content":{"rendered":"\n<div class=\"twitterbutton\" style=\"float: right; padding-left: 5px;\"><a href=\"http:\/\/twitter.com\/share\" class=\"twitter-share-button\" data-count=\"horizontal\" data-text=\"Sube la ocupaci\u00f3n al 95% en residencias veraniegas de Progreso en Yucat\u00e1n\" data-via=\"https:\/\/twitter.com\/VertienteGloba1\" data-url=\"http:\/\/vertienteglobal.com\/?p=184545\" data-lang=\"es\" data-related=\"Informaci\u00f3n general:S\u00edguenos para que est\u00e9ss informado\"><\/a><\/div>\n<figure class=\"wp-block-image size-large\"><img loading=\"lazy\" decoding=\"async\" width=\"608\" height=\"330\" src=\"http:\/\/vertienteglobal.com\/wp-content\/uploads\/2021\/07\/f608x342-101287_131010_15-608x330-1.jpg\" alt=\"\" class=\"wp-image-184546\" srcset=\"http:\/\/vertienteglobal.com\/wp-content\/uploads\/2021\/07\/f608x342-101287_131010_15-608x330-1.jpg 608w, http:\/\/vertienteglobal.com\/wp-content\/uploads\/2021\/07\/f608x342-101287_131010_15-608x330-1-300x163.jpg 300w, http:\/\/vertienteglobal.com\/wp-content\/uploads\/2021\/07\/f608x342-101287_131010_15-608x330-1-150x81.jpg 150w\" sizes=\"auto, (max-width: 608px) 100vw, 608px\" \/><\/figure>\n\n\n\n<p>(Redacci\u00f3n)<\/p>\n\n\n\n<p><em><strong>Esta semana los hu\u00e9spedes de las casas y condominios a la orilla del mar de Yucat\u00e1n arribaron casi en su totalidad<\/strong><\/em><\/p>\n\n\n\n<p>M\u00c9RIDA, Yucat\u00e1n, a 19 de julio de 2021.- Las zonas veraniegas con las casas de playa, de Chuburn\u00e1 a Chicxulub Puerto presentan una ocupaci\u00f3n aproximada del 95 por ciento de la totalidad de los predios de dicha, en donde Chicxulub presenta m\u00e1s del 60 por ciento del tr\u00e1nsito mar\u00edtimo de recreo en toda la costa.<\/p>\n\n\n\n<p>Esta semana los ocupantes de verano de las casas y condominios a la orilla del mar en el puerto de Progreso y sus comisar\u00edas, llevaron a cabo casi la totalidad de su arribo al sitio, ocup\u00e1ndose la mayor parte de los predios de la zona, ante el \u00e9xodo de miles de veh\u00edculos de alto valor comercial, que desfilaron hasta los sitios en donde las familias vacacionistas radicar\u00e1n en las pr\u00f3ximas semanas.<\/p>\n\n\n\n<p>Esta presencia caus\u00f3 un crecimiento poblacional y automovil\u00edstico en la zona, gener\u00e1ndose problemas con el tr\u00e1nsito vehicular, debido a embotellamientos en calles principales de la cabecera municipal, as\u00ed como en las comisar\u00edas, estas \u00faltimas a lo largo de todo el d\u00eda, debido a la actividad diurna y nocturna que presentan estos sitios, con la presencia de las ferias ubicadas en estos lugares.<\/p>\n\n\n\n<p>El tr\u00e1nsito mar\u00edtimo creci\u00f3 en la actividad de naves de recreo por la propia temporada. (Gerardo Keb\/Novedades Yucat\u00e1n)<br>Ante dichos problemas, elementos de seguridad p\u00fablica han tenido que ser colocados en \u00e1reas de gran caos vial, para agilizar el movimiento de los veh\u00edculos y evitar los embotellamientos, esto con el objetivo de hacer menos pesado el tr\u00e1nsito del sitio, al mismo tiempo que se busca reducir accidentes viales de gravedad en la zona; debido a ello el director de la polic\u00eda de Progreso, Emilio Caamal Guti\u00e9rrez, exhort\u00f3 a los paseantes a conducir con precauci\u00f3n dentro y fuera del puerto y sus demarcaciones, a fin de evitar tener accidentes durante esta temporada vacacional.<\/p>\n\n\n\n<p>Por su parte el tr\u00e1nsito mar\u00edtimo, ante el crecimiento en la actividad de naves de recreo por la propia temporada vacacional, present\u00f3 mayor actividad en la zona de Chicxulub puerto, con m\u00e1s lanchas.<\/p>\n\n\n\n<p>\u201cEl Corchito\u201d, al natural<\/p>\n\n\n\n<p>Con una afluencia de m\u00e1s de m\u00e1s de 300 personas diarias los d\u00edas viernes, s\u00e1bado y domingo, el mirador ecotur\u00edstico y reserva ecol\u00f3gica \u201cEl Corchito\u201d, inici\u00f3 su temporada vacacional con mucha popularidad.<\/p>\n\n\n\n<p>Turistas, tanto locales como nacionales y extranjeros, visitan con m\u00e1s frecuencia el sitio, debido a su alto cuidado natural, sus magn\u00edficos ojos de agua, su flora y su fauna; siendo un sitio seguro para visitar debido al respeto que se tiene de las medidas sanitarias.<\/p>\n\n\n\n<p>Los visitantes desde su entrada, comienzan a observar las maravillas del sitio, con completamente natural, seg\u00fan dieron a conocer los propios turistas. (Fuente: Novedades Yucat\u00e1n)<\/p>\n","protected":false},"excerpt":{"rendered":"<p>(Redacci\u00f3n) Esta semana los hu\u00e9spedes de las casas y condominios a la orilla del mar de Yucat\u00e1n arribaron casi en su totalidad M\u00c9RIDA, Yucat\u00e1n, a 19 de julio de 2021.- Las zonas veraniegas con las casas de playa, de Chuburn\u00e1 a Chicxulub Puerto presentan una ocupaci\u00f3n aproximada del 95 por ciento de la totalidad de [&hellip;]<\/p>\n","protected":false},"author":1,"featured_media":184546,"comment_status":"open","ping_status":"open","sticky":false,"template":"","format":"standard","meta":{"footnotes":""},"categories":[2],"tags":[],"class_list":["post-184545","post","type-post","status-publish","format-standard","has-post-thumbnail","hentry","category-yucatan","entry","has-media"],"jetpack_featured_media_url":"http:\/\/vertienteglobal.com\/wp-content\/uploads\/2021\/07\/f608x342-101287_131010_15-608x330-1.jpg","_links":{"self":[{"href":"http:\/\/vertienteglobal.com\/index.php?rest_route=\/wp\/v2\/posts\/184545","targetHints":{"allow":["GET"]}}],"collection":[{"href":"http:\/\/vertienteglobal.com\/index.php?rest_route=\/wp\/v2\/posts"}],"about":[{"href":"http:\/\/vertienteglobal.com\/index.php?rest_route=\/wp\/v2\/types\/post"}],"author":[{"embeddable":true,"href":"http:\/\/vertienteglobal.com\/index.php?rest_route=\/wp\/v2\/users\/1"}],"replies":[{"embeddable":true,"href":"http:\/\/vertienteglobal.com\/index.php?rest_route=%2Fwp%2Fv2%2Fcomments&post=184545"}],"version-history":[{"count":0,"href":"http:\/\/vertienteglobal.com\/index.php?rest_route=\/wp\/v2\/posts\/184545\/revisions"}],"wp:featuredmedia":[{"embeddable":true,"href":"http:\/\/vertienteglobal.com\/index.php?rest_route=\/wp\/v2\/media\/184546"}],"wp:attachment":[{"href":"http:\/\/vertienteglobal.com\/index.php?rest_route=%2Fwp%2Fv2%2Fmedia&parent=184545"}],"wp:term":[{"taxonomy":"category","embeddable":true,"href":"http:\/\/vertienteglobal.com\/index.php?rest_route=%2Fwp%2Fv2%2Fcategories&post=184545"},{"taxonomy":"post_tag","embeddable":true,"href":"http:\/\/vertienteglobal.com\/index.php?rest_route=%2Fwp%2Fv2%2Ftags&post=184545"}],"curies":[{"name":"wp","href":"https:\/\/api.w.org\/{rel}","templated":true}]}}