{"id":184501,"date":"2021-07-18T18:49:05","date_gmt":"2021-07-18T23:49:05","guid":{"rendered":"http:\/\/vertienteglobal.com\/?p=184501"},"modified":"2021-07-19T09:36:51","modified_gmt":"2021-07-19T14:36:51","slug":"advierte-semar-arribo-masivo-del-alga-en-proximas-semanas","status":"publish","type":"post","link":"http:\/\/vertienteglobal.com\/?p=184501","title":{"rendered":"Advierte SEMAR arribo masivo del alga en pr\u00f3ximas semanas"},"content":{"rendered":"\n<div class=\"twitterbutton\" style=\"float: right; padding-left: 5px;\"><a href=\"http:\/\/twitter.com\/share\" class=\"twitter-share-button\" data-count=\"horizontal\" data-text=\"Advierte SEMAR arribo masivo del alga en pr\u00f3ximas semanas\" data-via=\"https:\/\/twitter.com\/VertienteGloba1\" data-url=\"http:\/\/vertienteglobal.com\/?p=184501\" data-lang=\"es\" data-related=\"Informaci\u00f3n general:S\u00edguenos para que est\u00e9ss informado\"><\/a><\/div>\n<figure class=\"wp-block-image size-large\"><img loading=\"lazy\" decoding=\"async\" width=\"950\" height=\"560\" src=\"http:\/\/vertienteglobal.com\/wp-content\/uploads\/2021\/07\/20210718_194725.jpg\" alt=\"\" class=\"wp-image-184502\" srcset=\"http:\/\/vertienteglobal.com\/wp-content\/uploads\/2021\/07\/20210718_194725.jpg 950w, http:\/\/vertienteglobal.com\/wp-content\/uploads\/2021\/07\/20210718_194725-300x177.jpg 300w, http:\/\/vertienteglobal.com\/wp-content\/uploads\/2021\/07\/20210718_194725-150x88.jpg 150w, http:\/\/vertienteglobal.com\/wp-content\/uploads\/2021\/07\/20210718_194725-768x453.jpg 768w\" sizes=\"auto, (max-width: 950px) 100vw, 950px\" \/><\/figure>\n\n\n\n<p>(Redacci\u00f3n)<\/p>\n\n\n\n<p>En lo que va de la temporada la SEMAR ha recolectado en el mar, 993.19 toneladas y en playas 23.307.80 toneladas<\/p>\n\n\n\n<p>Canc\u00fan, Quintana Roo, a 18 de julio de 2021 .- Los municipios de Cozumel y Tulum contin\u00faan registrando \u2018alto\u2019 recale de sargazo de acuerdo al reporte emitido por la Secretar\u00eda de Marina (SEMAR) este 18 de julio, mientras que los municipios de, Solidaridad, Benito Ju\u00e1rez, Puerto Morelos y Oth\u00f3n P. Blanco registran niveles \u201cmoderado\u201d, en tanto que Isla Mujeres se mantiene en \u201cescaso moderado\u201d.<\/p>\n\n\n\n<p>En el reporte emitido por la dependencia federal aparentemente esta macro alga est\u00e1 dando una tregua a las costas de Quintana Roo, pero se mantiene la advertencia de que contin\u00faen registr\u00e1ndose recales importantes para: Xcalak, Mahahual, Sian Ka\u2019an, Tulum, Playa del Carmen, Costa Sur y Este de Isla de Cozumel, as\u00ed como las inmediaciones de Puerto Morelos.<\/p>\n\n\n\n<p>\u201cLos recales excesivos continuar\u00e1n durante el resto de mes de julio y los primeros d\u00edas de agosto, la cantidad de sargazo observable puede variar en funci\u00f3n de la densidad nubosa, mientras que en la cantidad de sargazo Real podr\u00eda sufrir cambios debido a la reproducci\u00f3n de esta alga, as\u00ed como la incorporaci\u00f3n de nuevos conglomerados provenientes del Caribe central, por lo que es probable que de manera posterior al mes de julio los recales contin\u00faen\u201d, advierte SEMAR.<\/p>\n\n\n\n<p>En lo que va de la temporada la SEMAR ha recolectado en el mar, 993.19 toneladas y en playas 23.307.80 toneladas.<\/p>\n\n\n\n<p>Asimismo, en Canc\u00fan de acuerdo al reporte emitido por la direcci\u00f3n de Zona Federal Mar\u00edtimo Terrestre (ZOFEMAT), Playa Chac Mool y Playa Ballenas, registran un recale \u201cmuy bajo\u201d, y Playa del Ni\u00f1o, Las Perlas, Marl\u00edn y Delfines, registran un recale \u201cmoderado\u201d, siendo playa Coral la de mayor preocupaci\u00f3n porque sigue concentrando \u201cabundante\u201d recale desde el inicio de la temporada.<\/p>\n\n\n\n<figure class=\"wp-block-image size-large\"><img loading=\"lazy\" decoding=\"async\" width=\"696\" height=\"522\" src=\"http:\/\/vertienteglobal.com\/wp-content\/uploads\/2021\/07\/WhatsApp-Image-2021-07-18-at-4.14.11-PM-696x522-1.jpeg\" alt=\"\" class=\"wp-image-184503\" srcset=\"http:\/\/vertienteglobal.com\/wp-content\/uploads\/2021\/07\/WhatsApp-Image-2021-07-18-at-4.14.11-PM-696x522-1.jpeg 696w, http:\/\/vertienteglobal.com\/wp-content\/uploads\/2021\/07\/WhatsApp-Image-2021-07-18-at-4.14.11-PM-696x522-1-300x225.jpeg 300w, http:\/\/vertienteglobal.com\/wp-content\/uploads\/2021\/07\/WhatsApp-Image-2021-07-18-at-4.14.11-PM-696x522-1-150x113.jpeg 150w\" sizes=\"auto, (max-width: 696px) 100vw, 696px\" \/><\/figure>\n","protected":false},"excerpt":{"rendered":"<p>(Redacci\u00f3n) En lo que va de la temporada la SEMAR ha recolectado en el mar, 993.19 toneladas y en playas 23.307.80 toneladas Canc\u00fan, Quintana Roo, a 18 de julio de 2021 .- Los municipios de Cozumel y Tulum contin\u00faan registrando \u2018alto\u2019 recale de sargazo de acuerdo al reporte emitido por la Secretar\u00eda de Marina (SEMAR) [&hellip;]<\/p>\n","protected":false},"author":1,"featured_media":184502,"comment_status":"open","ping_status":"open","sticky":false,"template":"","format":"standard","meta":{"footnotes":""},"categories":[3],"tags":[],"class_list":["post-184501","post","type-post","status-publish","format-standard","has-post-thumbnail","hentry","category-quintana-roo","entry","has-media"],"jetpack_featured_media_url":"http:\/\/vertienteglobal.com\/wp-content\/uploads\/2021\/07\/20210718_194725.jpg","_links":{"self":[{"href":"http:\/\/vertienteglobal.com\/index.php?rest_route=\/wp\/v2\/posts\/184501","targetHints":{"allow":["GET"]}}],"collection":[{"href":"http:\/\/vertienteglobal.com\/index.php?rest_route=\/wp\/v2\/posts"}],"about":[{"href":"http:\/\/vertienteglobal.com\/index.php?rest_route=\/wp\/v2\/types\/post"}],"author":[{"embeddable":true,"href":"http:\/\/vertienteglobal.com\/index.php?rest_route=\/wp\/v2\/users\/1"}],"replies":[{"embeddable":true,"href":"http:\/\/vertienteglobal.com\/index.php?rest_route=%2Fwp%2Fv2%2Fcomments&post=184501"}],"version-history":[{"count":0,"href":"http:\/\/vertienteglobal.com\/index.php?rest_route=\/wp\/v2\/posts\/184501\/revisions"}],"wp:featuredmedia":[{"embeddable":true,"href":"http:\/\/vertienteglobal.com\/index.php?rest_route=\/wp\/v2\/media\/184502"}],"wp:attachment":[{"href":"http:\/\/vertienteglobal.com\/index.php?rest_route=%2Fwp%2Fv2%2Fmedia&parent=184501"}],"wp:term":[{"taxonomy":"category","embeddable":true,"href":"http:\/\/vertienteglobal.com\/index.php?rest_route=%2Fwp%2Fv2%2Fcategories&post=184501"},{"taxonomy":"post_tag","embeddable":true,"href":"http:\/\/vertienteglobal.com\/index.php?rest_route=%2Fwp%2Fv2%2Ftags&post=184501"}],"curies":[{"name":"wp","href":"https:\/\/api.w.org\/{rel}","templated":true}]}}