{"id":184460,"date":"2021-07-18T12:36:00","date_gmt":"2021-07-18T17:36:00","guid":{"rendered":"http:\/\/vertienteglobal.com\/?p=184460"},"modified":"2021-07-18T12:38:48","modified_gmt":"2021-07-18T17:38:48","slug":"el-curso-de-verano-en-linea-2021-ofrecera-actividades-virtuales-a-ninas-y-ninos-de-yucatan","status":"publish","type":"post","link":"http:\/\/vertienteglobal.com\/?p=184460","title":{"rendered":"El Curso de Verano en L\u00ednea 2021 ofrecer\u00e1 actividades virtuales a ni\u00f1as y ni\u00f1os de Yucat\u00e1n"},"content":{"rendered":"\n<div class=\"twitterbutton\" style=\"float: right; padding-left: 5px;\"><a href=\"http:\/\/twitter.com\/share\" class=\"twitter-share-button\" data-count=\"horizontal\" data-text=\"El Curso de Verano en L\u00ednea 2021 ofrecer\u00e1 actividades virtuales a ni\u00f1as y ni?...\" data-via=\"https:\/\/twitter.com\/VertienteGloba1\" data-url=\"http:\/\/vertienteglobal.com\/?p=184460\" data-lang=\"es\" data-related=\"Informaci\u00f3n general:S\u00edguenos para que est\u00e9ss informado\"><\/a><\/div>\n<figure class=\"wp-block-image size-large\"><img loading=\"lazy\" decoding=\"async\" width=\"660\" height=\"330\" src=\"http:\/\/vertienteglobal.com\/wp-content\/uploads\/2021\/07\/IMG-20210718-WA0019-660x330-1.jpg\" alt=\"\" class=\"wp-image-184461\" srcset=\"http:\/\/vertienteglobal.com\/wp-content\/uploads\/2021\/07\/IMG-20210718-WA0019-660x330-1.jpg 660w, http:\/\/vertienteglobal.com\/wp-content\/uploads\/2021\/07\/IMG-20210718-WA0019-660x330-1-300x150.jpg 300w, http:\/\/vertienteglobal.com\/wp-content\/uploads\/2021\/07\/IMG-20210718-WA0019-660x330-1-150x75.jpg 150w\" sizes=\"auto, (max-width: 660px) 100vw, 660px\" \/><\/figure>\n\n\n\n<p>(Redacci\u00f3n)<\/p>\n\n\n\n<p>El esquema se realizar\u00e1 del 2 al 13 de agosto y est\u00e1 dirigido a infantes de 5 a 12 a\u00f1os de edad.<\/p>\n\n\n\n<p>M\u00e9rida, Yucat\u00e1n, 18 de julio de 2021.- El Gobernador Mauricio Vila Dosal invita a todas las ni\u00f1as y ni\u00f1os de 5 a 12 a\u00f1os de edad a participar en el Curso de Verano en L\u00ednea 2021, el cual se realizar\u00e1 por segundo a\u00f1o consecutivo, a fin de ofrecer actividades gratuitas que contribuyan al cuidado de la salud de las y los ni\u00f1os de Yucat\u00e1n.<\/p>\n\n\n\n<p>Las actividades incluyen activaci\u00f3n f\u00edsica, danza, manualidades, teatro, m\u00fasica e iniciaci\u00f3n deportiva, adem\u00e1s de talleres de manualidades y recreaci\u00f3n, entre otras. Las inscripciones est\u00e1n disponibles desde hoy domingo 18 de julio a trav\u00e9s de la p\u00e1gina www.yucatan.gob.mx\/cursoverano, y es totalmente gratuito.<\/p>\n\n\n\n<p>Este esquema, que se dirige a infantes de 5 a 12 a\u00f1os de edad, se realizar\u00e1 del 2 al 13 de agosto con la participaci\u00f3n de las Secretar\u00edas de Educaci\u00f3n (Segey), Salud (SSY), de Desarrollo Sustentable (SDS), el Instituto del Deporte (IDEY), y para la Inclusi\u00f3n de las Personas con Discapacidad (Iipedey), de la Cultura y las Artes (Sedeculta) y el Sistema para el Desarrollo Integral de la Familia (DIF) Yucat\u00e1n.<\/p>\n\n\n\n<p>Asimismo, el Centro Estatal de Prevenci\u00f3n del Delito y Participaci\u00f3n Ciudadana (Cepredey), el Forever Circus de Pope Pope y los equipos profesionales de f\u00fatbol y b\u00e9isbol, Venados y Leones de Yucat\u00e1n respectivamente, para presentar un contenido m\u00e1s seguro, divertido e interactivo.<\/p>\n\n\n\n<p>El objetivo es promover actividades deportivas y de salud a trav\u00e9s de c\u00e1psulas guiadas por expertos. La din\u00e1mica consiste en cinco m\u00f3dulos cada d\u00eda de 20 minutos, que se transmitir\u00e1n por Tele Yucat\u00e1n desde las 10:30 horas y por Telesur y Facebook Live de la p\u00e1gina del IDEY desde las 9:00 horas.<\/p>\n\n\n\n<figure class=\"wp-block-image\"><img decoding=\"async\" src=\"https:\/\/www.yucatanalinstante.com\/wp-content\/uploads\/2021\/07\/IMG-20210718-WA0020.jpg\" alt=\"\" class=\"wp-image-340516\"\/><\/figure>\n\n\n\n<p>En 2020, este curso de verano se realiz\u00f3 del 27 de julio al 7 de agosto y tuvo una respuesta de 600 mil personas a trav\u00e9s de Tele Yucat\u00e1n en canal abierto, y 30 mil personas por Telesur.<\/p>\n\n\n\n<p><\/p>\n","protected":false},"excerpt":{"rendered":"<p>(Redacci\u00f3n) El esquema se realizar\u00e1 del 2 al 13 de agosto y est\u00e1 dirigido a infantes de 5 a 12 a\u00f1os de edad. M\u00e9rida, Yucat\u00e1n, 18 de julio de 2021.- El Gobernador Mauricio Vila Dosal invita a todas las ni\u00f1as y ni\u00f1os de 5 a 12 a\u00f1os de edad a participar en el Curso de [&hellip;]<\/p>\n","protected":false},"author":6,"featured_media":184461,"comment_status":"open","ping_status":"open","sticky":false,"template":"","format":"standard","meta":{"footnotes":""},"categories":[9,2],"tags":[],"class_list":["post-184460","post","type-post","status-publish","format-standard","has-post-thumbnail","hentry","category-educacion","category-yucatan","entry","has-media"],"jetpack_featured_media_url":"http:\/\/vertienteglobal.com\/wp-content\/uploads\/2021\/07\/IMG-20210718-WA0019-660x330-1.jpg","_links":{"self":[{"href":"http:\/\/vertienteglobal.com\/index.php?rest_route=\/wp\/v2\/posts\/184460","targetHints":{"allow":["GET"]}}],"collection":[{"href":"http:\/\/vertienteglobal.com\/index.php?rest_route=\/wp\/v2\/posts"}],"about":[{"href":"http:\/\/vertienteglobal.com\/index.php?rest_route=\/wp\/v2\/types\/post"}],"author":[{"embeddable":true,"href":"http:\/\/vertienteglobal.com\/index.php?rest_route=\/wp\/v2\/users\/6"}],"replies":[{"embeddable":true,"href":"http:\/\/vertienteglobal.com\/index.php?rest_route=%2Fwp%2Fv2%2Fcomments&post=184460"}],"version-history":[{"count":0,"href":"http:\/\/vertienteglobal.com\/index.php?rest_route=\/wp\/v2\/posts\/184460\/revisions"}],"wp:featuredmedia":[{"embeddable":true,"href":"http:\/\/vertienteglobal.com\/index.php?rest_route=\/wp\/v2\/media\/184461"}],"wp:attachment":[{"href":"http:\/\/vertienteglobal.com\/index.php?rest_route=%2Fwp%2Fv2%2Fmedia&parent=184460"}],"wp:term":[{"taxonomy":"category","embeddable":true,"href":"http:\/\/vertienteglobal.com\/index.php?rest_route=%2Fwp%2Fv2%2Fcategories&post=184460"},{"taxonomy":"post_tag","embeddable":true,"href":"http:\/\/vertienteglobal.com\/index.php?rest_route=%2Fwp%2Fv2%2Ftags&post=184460"}],"curies":[{"name":"wp","href":"https:\/\/api.w.org\/{rel}","templated":true}]}}