{"id":184296,"date":"2021-07-16T09:19:00","date_gmt":"2021-07-16T14:19:00","guid":{"rendered":"http:\/\/vertienteglobal.com\/?p=184296"},"modified":"2021-07-16T11:31:41","modified_gmt":"2021-07-16T16:31:41","slug":"aeropuerto-de-tulum-tendra-capacidad-para-4-millones-de-turistas-amlo","status":"publish","type":"post","link":"http:\/\/vertienteglobal.com\/?p=184296","title":{"rendered":"Aeropuerto de Tulum tendr\u00e1 capacidad para 4 millones de turistas: AMLO"},"content":{"rendered":"\n<div class=\"twitterbutton\" style=\"float: right; padding-left: 5px;\"><a href=\"http:\/\/twitter.com\/share\" class=\"twitter-share-button\" data-count=\"horizontal\" data-text=\"Aeropuerto de Tulum tendr\u00e1 capacidad para 4 millones de turistas: AMLO\" data-via=\"https:\/\/twitter.com\/VertienteGloba1\" data-url=\"http:\/\/vertienteglobal.com\/?p=184296\" data-lang=\"es\" data-related=\"Informaci\u00f3n general:S\u00edguenos para que est\u00e9ss informado\"><\/a><\/div>\n<figure class=\"wp-block-image size-large\"><img loading=\"lazy\" decoding=\"async\" width=\"1024\" height=\"504\" src=\"http:\/\/vertienteglobal.com\/wp-content\/uploads\/2021\/07\/20210716_102103-1024x504.jpg\" alt=\"\" class=\"wp-image-184300\" srcset=\"http:\/\/vertienteglobal.com\/wp-content\/uploads\/2021\/07\/20210716_102103-1024x504.jpg 1024w, http:\/\/vertienteglobal.com\/wp-content\/uploads\/2021\/07\/20210716_102103-300x148.jpg 300w, http:\/\/vertienteglobal.com\/wp-content\/uploads\/2021\/07\/20210716_102103-150x74.jpg 150w, http:\/\/vertienteglobal.com\/wp-content\/uploads\/2021\/07\/20210716_102103-768x378.jpg 768w, http:\/\/vertienteglobal.com\/wp-content\/uploads\/2021\/07\/20210716_102103.jpg 1366w\" sizes=\"auto, (max-width: 1024px) 100vw, 1024px\" \/><\/figure>\n\n\n\n<p>(Redacci\u00f3n)<\/p>\n\n\n\n<p>Explic\u00f3 que el tramo 4 de la obra es un viaducto \u2018en una zona bell\u00edsima\u2019 del mar Caribe, lo cual es una atracci\u00f3n para todos los visitantes<\/p>\n\n\n\n<p>Ciudad de M\u00e9xico a 16 de julio de 2021.- En la \u2018ma\u00f1anera\u2019 de este viernes, el presidente de M\u00e9xico, Andr\u00e9s Manuel L\u00f3pez Obrador, inform\u00f3 que el Aeropuerto de Tulum, Quintana Roo, tendr\u00e1 una capacidad para recibir a 4 millones de turistas.<\/p>\n\n\n\n<p>Detall\u00f3 que las instalaciones aeroportuarias de Canc\u00fan ya est\u00e1n llenas, por lo cual se edificar\u00e1 una nueva instalaci\u00f3n para recibir al turismo nacional e internacional.<\/p>\n\n\n\n<p>Al dar detalles sobre el Tren Maya, el mandatario explic\u00f3 que el tramo 4 de la obra es un viaducto \u2018en una zona bell\u00edsima\u2019 del mar Caribe, lo cual es una atracci\u00f3n para todos los visitantes.<\/p>\n\n\n\n<p>Por \u00faltimo agreg\u00f3 que a Canc\u00fan llegan m\u00e1s de 10 millones de visitantes extranjeros, por lo cual se buscar\u00e1 que el tren pueda trasladarlos a la regi\u00f3n Maya. (Fuente: Pol\u00edtico MX)<\/p>\n","protected":false},"excerpt":{"rendered":"<p>(Redacci\u00f3n) Explic\u00f3 que el tramo 4 de la obra es un viaducto \u2018en una zona bell\u00edsima\u2019 del mar Caribe, lo cual es una atracci\u00f3n para todos los visitantes Ciudad de M\u00e9xico a 16 de julio de 2021.- En la \u2018ma\u00f1anera\u2019 de este viernes, el presidente de M\u00e9xico, Andr\u00e9s Manuel L\u00f3pez Obrador, inform\u00f3 que el Aeropuerto [&hellip;]<\/p>\n","protected":false},"author":1,"featured_media":184300,"comment_status":"open","ping_status":"open","sticky":false,"template":"","format":"standard","meta":{"footnotes":""},"categories":[8,3],"tags":[],"class_list":["post-184296","post","type-post","status-publish","format-standard","has-post-thumbnail","hentry","category-pais","category-quintana-roo","entry","has-media"],"jetpack_featured_media_url":"http:\/\/vertienteglobal.com\/wp-content\/uploads\/2021\/07\/20210716_102103.jpg","_links":{"self":[{"href":"http:\/\/vertienteglobal.com\/index.php?rest_route=\/wp\/v2\/posts\/184296","targetHints":{"allow":["GET"]}}],"collection":[{"href":"http:\/\/vertienteglobal.com\/index.php?rest_route=\/wp\/v2\/posts"}],"about":[{"href":"http:\/\/vertienteglobal.com\/index.php?rest_route=\/wp\/v2\/types\/post"}],"author":[{"embeddable":true,"href":"http:\/\/vertienteglobal.com\/index.php?rest_route=\/wp\/v2\/users\/1"}],"replies":[{"embeddable":true,"href":"http:\/\/vertienteglobal.com\/index.php?rest_route=%2Fwp%2Fv2%2Fcomments&post=184296"}],"version-history":[{"count":0,"href":"http:\/\/vertienteglobal.com\/index.php?rest_route=\/wp\/v2\/posts\/184296\/revisions"}],"wp:featuredmedia":[{"embeddable":true,"href":"http:\/\/vertienteglobal.com\/index.php?rest_route=\/wp\/v2\/media\/184300"}],"wp:attachment":[{"href":"http:\/\/vertienteglobal.com\/index.php?rest_route=%2Fwp%2Fv2%2Fmedia&parent=184296"}],"wp:term":[{"taxonomy":"category","embeddable":true,"href":"http:\/\/vertienteglobal.com\/index.php?rest_route=%2Fwp%2Fv2%2Fcategories&post=184296"},{"taxonomy":"post_tag","embeddable":true,"href":"http:\/\/vertienteglobal.com\/index.php?rest_route=%2Fwp%2Fv2%2Ftags&post=184296"}],"curies":[{"name":"wp","href":"https:\/\/api.w.org\/{rel}","templated":true}]}}