{"id":184281,"date":"2021-07-16T07:03:00","date_gmt":"2021-07-16T12:03:00","guid":{"rendered":"http:\/\/vertienteglobal.com\/?p=184281"},"modified":"2021-07-16T09:05:51","modified_gmt":"2021-07-16T14:05:51","slug":"reduccion-de-carriles-en-autopista-cordoba-veracruz-esta-manana-tome-precauciones-informa-capufe","status":"publish","type":"post","link":"http:\/\/vertienteglobal.com\/?p=184281","title":{"rendered":"Reducci\u00f3n de carriles en autopista C\u00f3rdoba-Veracruz, esta ma\u00f1ana, tome precauciones, informa Capufe"},"content":{"rendered":"\n<div class=\"twitterbutton\" style=\"float: right; padding-left: 5px;\"><a href=\"http:\/\/twitter.com\/share\" class=\"twitter-share-button\" data-count=\"horizontal\" data-text=\"Reducci\u00f3n de carriles en autopista C\u00f3rdoba-Veracruz, esta ma\u00f1ana, tome precau...\" data-via=\"https:\/\/twitter.com\/VertienteGloba1\" data-url=\"http:\/\/vertienteglobal.com\/?p=184281\" data-lang=\"es\" data-related=\"Informaci\u00f3n general:S\u00edguenos para que est\u00e9ss informado\"><\/a><\/div>\n<figure class=\"wp-block-image size-large\"><img loading=\"lazy\" decoding=\"async\" width=\"1024\" height=\"643\" src=\"http:\/\/vertienteglobal.com\/wp-content\/uploads\/2021\/07\/1167818.jpg\" alt=\"\" class=\"wp-image-184282\" srcset=\"http:\/\/vertienteglobal.com\/wp-content\/uploads\/2021\/07\/1167818.jpg 1024w, http:\/\/vertienteglobal.com\/wp-content\/uploads\/2021\/07\/1167818-300x188.jpg 300w, http:\/\/vertienteglobal.com\/wp-content\/uploads\/2021\/07\/1167818-150x94.jpg 150w, http:\/\/vertienteglobal.com\/wp-content\/uploads\/2021\/07\/1167818-768x482.jpg 768w\" sizes=\"auto, (max-width: 1024px) 100vw, 1024px\" \/><\/figure>\n\n\n\n<p>(Redacci\u00f3n)<\/p>\n\n\n\n<p>Informa a fin de evitar accidentes que el cierre ocurre justo sobre el kil\u00f3metro 66 con direcci\u00f3n hacia C\u00f3rdoba<\/p>\n\n\n\n<p>C\u00f3rdoba, Veracruz a 16 de julio de 2021.- Caminos y Puentes Federales (Capufe) reporta reducci\u00f3n de carriles por atenci\u00f3n a un incidente sobre la autopista C\u00f3rdoba-Veracruz, esta ma\u00f1ana.<\/p>\n\n\n\n<p>Informa a fin de evitar accidentes que el cierre ocurre justo sobre el kil\u00f3metro 66 con direcci\u00f3n hacia C\u00f3rdoba.<\/p>\n\n\n\n<p>Llama a circular con precauci\u00f3n por esta zona y a respetar la indicaci\u00f3n vial.<\/p>\n","protected":false},"excerpt":{"rendered":"<p>(Redacci\u00f3n) Informa a fin de evitar accidentes que el cierre ocurre justo sobre el kil\u00f3metro 66 con direcci\u00f3n hacia C\u00f3rdoba C\u00f3rdoba, Veracruz a 16 de julio de 2021.- Caminos y Puentes Federales (Capufe) reporta reducci\u00f3n de carriles por atenci\u00f3n a un incidente sobre la autopista C\u00f3rdoba-Veracruz, esta ma\u00f1ana. Informa a fin de evitar accidentes que [&hellip;]<\/p>\n","protected":false},"author":1,"featured_media":184282,"comment_status":"open","ping_status":"open","sticky":false,"template":"","format":"standard","meta":{"footnotes":""},"categories":[7],"tags":[],"class_list":["post-184281","post","type-post","status-publish","format-standard","has-post-thumbnail","hentry","category-veracruz","entry","has-media"],"jetpack_featured_media_url":"http:\/\/vertienteglobal.com\/wp-content\/uploads\/2021\/07\/1167818.jpg","_links":{"self":[{"href":"http:\/\/vertienteglobal.com\/index.php?rest_route=\/wp\/v2\/posts\/184281","targetHints":{"allow":["GET"]}}],"collection":[{"href":"http:\/\/vertienteglobal.com\/index.php?rest_route=\/wp\/v2\/posts"}],"about":[{"href":"http:\/\/vertienteglobal.com\/index.php?rest_route=\/wp\/v2\/types\/post"}],"author":[{"embeddable":true,"href":"http:\/\/vertienteglobal.com\/index.php?rest_route=\/wp\/v2\/users\/1"}],"replies":[{"embeddable":true,"href":"http:\/\/vertienteglobal.com\/index.php?rest_route=%2Fwp%2Fv2%2Fcomments&post=184281"}],"version-history":[{"count":0,"href":"http:\/\/vertienteglobal.com\/index.php?rest_route=\/wp\/v2\/posts\/184281\/revisions"}],"wp:featuredmedia":[{"embeddable":true,"href":"http:\/\/vertienteglobal.com\/index.php?rest_route=\/wp\/v2\/media\/184282"}],"wp:attachment":[{"href":"http:\/\/vertienteglobal.com\/index.php?rest_route=%2Fwp%2Fv2%2Fmedia&parent=184281"}],"wp:term":[{"taxonomy":"category","embeddable":true,"href":"http:\/\/vertienteglobal.com\/index.php?rest_route=%2Fwp%2Fv2%2Fcategories&post=184281"},{"taxonomy":"post_tag","embeddable":true,"href":"http:\/\/vertienteglobal.com\/index.php?rest_route=%2Fwp%2Fv2%2Ftags&post=184281"}],"curies":[{"name":"wp","href":"https:\/\/api.w.org\/{rel}","templated":true}]}}