{"id":183989,"date":"2021-07-12T14:49:00","date_gmt":"2021-07-12T19:49:00","guid":{"rendered":"http:\/\/vertienteglobal.com\/?p=183989"},"modified":"2021-07-12T18:49:28","modified_gmt":"2021-07-12T23:49:28","slug":"avanza-gestion-ante-el-gobierno-de-mexico-para-modernizar-bulevar-colosio","status":"publish","type":"post","link":"http:\/\/vertienteglobal.com\/?p=183989","title":{"rendered":"Avanza gesti\u00f3n ante el gobierno de M\u00e9xico para modernizar bulevar Colosio"},"content":{"rendered":"\n<div class=\"twitterbutton\" style=\"float: right; padding-left: 5px;\"><a href=\"http:\/\/twitter.com\/share\" class=\"twitter-share-button\" data-count=\"horizontal\" data-text=\"Avanza gesti\u00f3n ante el gobierno de M\u00e9xico para modernizar bulevar Colosio\" data-via=\"https:\/\/twitter.com\/VertienteGloba1\" data-url=\"http:\/\/vertienteglobal.com\/?p=183989\" data-lang=\"es\" data-related=\"Informaci\u00f3n general:S\u00edguenos para que est\u00e9ss informado\"><\/a><\/div>\n<figure class=\"wp-block-image size-large\"><img loading=\"lazy\" decoding=\"async\" width=\"805\" height=\"1024\" src=\"http:\/\/vertienteglobal.com\/wp-content\/uploads\/2021\/07\/01-1-scaled-1-805x1024.jpeg\" alt=\"\" class=\"wp-image-183990\" srcset=\"http:\/\/vertienteglobal.com\/wp-content\/uploads\/2021\/07\/01-1-scaled-1-805x1024.jpeg 805w, http:\/\/vertienteglobal.com\/wp-content\/uploads\/2021\/07\/01-1-scaled-1-236x300.jpeg 236w, http:\/\/vertienteglobal.com\/wp-content\/uploads\/2021\/07\/01-1-scaled-1-118x150.jpeg 118w, http:\/\/vertienteglobal.com\/wp-content\/uploads\/2021\/07\/01-1-scaled-1-768x977.jpeg 768w, http:\/\/vertienteglobal.com\/wp-content\/uploads\/2021\/07\/01-1-scaled-1-1207x1536.jpeg 1207w, http:\/\/vertienteglobal.com\/wp-content\/uploads\/2021\/07\/01-1-scaled-1.jpeg 1336w\" sizes=\"auto, (max-width: 805px) 100vw, 805px\" \/><\/figure>\n\n\n\n<p>(Redacci\u00f3n)<\/p>\n\n\n\n<p>El proyecto que impulsa el gobierno municipal, beneficiar\u00e1 a miles de personas tanto locales como turistas nacionales y extranjeros al convertirse en una vialidad a la altura del destino tur\u00edstico<\/p>\n\n\n\n<p>Canc\u00fan, Quntada Roo, a 12 de julio de 2021.- El Ayuntamiento de Benito Ju\u00e1rez que encabeza la Presidenta Municipal, Mara Lezama, avanza en las gestiones ante el Gobierno de M\u00e9xico para la modernizaci\u00f3n y repavimentaci\u00f3n del bulevar Luis Donaldo Colosio de Canc\u00fan por lo que, este fin de semana se reuni\u00f3 con el Presidente de la Rep\u00fablica, Andr\u00e9s Manuel L\u00f3pez Obrador.<\/p>\n\n\n\n<p>El proyecto que impulsa el gobierno municipal, beneficiar\u00e1 a miles de personas tanto locales como turistas nacionales y extranjeros al convertirse en una vialidad a la altura del destino tur\u00edstico.<\/p>\n\n\n\n<p>En entrevista, Mara Lezama destac\u00f3 que en la reciente visita del Presidente de la Rep\u00fablica, Andr\u00e9s Manuel L\u00f3pez Obrador, a Quintana Roo para la supervisi\u00f3n de obras importantes para la regi\u00f3n como el Tren Maya, tuvo la oportunidad de dialogar con \u00e9l para reforzar la gesti\u00f3n que permita concretar este proyecto de gran importancia para el polo vacacional.<\/p>\n\n\n\n<p>\u201cYa lo hab\u00eda platicado con el titular de Fonatur, Rogelio Jim\u00e9nez Pons, y con el titular de Comunicaciones y Transportes, Jorge Arganis D\u00edaz Leal, y con mucho gusto nos dio un total apoyo, por lo que la entrada del bulevar hacia el centro de la ciudad significa para todos los sectores\u201d, afirm\u00f3.<\/p>\n\n\n\n<p>Mara Lezama reiter\u00f3 que el gobierno municipal inici\u00f3 desde meses atr\u00e1s la gesti\u00f3n ante el Gobierno de M\u00e9xico para impulsar esta acci\u00f3n de obra p\u00fablica, ya que forma parte del compromiso de consolidar una mejor ciudad para sus habitantes.<\/p>\n\n\n\n<p>\u201cEs por donde pasan muchos benitojuarenses, mujeres, hombres, estudiantes, comerciantes; es una necesidad urgente, porque adem\u00e1s es hablar del Canc\u00fan que viene y poner en la mesa la historia que vamos a escribir de los pr\u00f3ximos 50 a\u00f1os del lugar donde vivimos\u201d, dijo.<\/p>\n\n\n\n<p>La Presidenta Municipal expres\u00f3 que ya se hab\u00eda trabajado en las adecuaciones del proyecto, que se pretende sea de concreto hidr\u00e1ulico para que no se vuelva a abrir y tenga una duraci\u00f3n de por lo menos 20 a\u00f1os.<\/p>\n\n\n\n<p>\u201cSe est\u00e1 trabajando en lo que ya ten\u00edamos y seguiremos en ese mismo canal hasta que sea una realidad\u201d, se\u00f1al\u00f3.<\/p>\n\n\n\n<figure class=\"wp-block-image size-large\"><img loading=\"lazy\" decoding=\"async\" width=\"1024\" height=\"601\" src=\"http:\/\/vertienteglobal.com\/wp-content\/uploads\/2021\/07\/02-1-1024x601.jpeg\" alt=\"\" class=\"wp-image-183991\" srcset=\"http:\/\/vertienteglobal.com\/wp-content\/uploads\/2021\/07\/02-1-1024x601.jpeg 1024w, http:\/\/vertienteglobal.com\/wp-content\/uploads\/2021\/07\/02-1-300x176.jpeg 300w, http:\/\/vertienteglobal.com\/wp-content\/uploads\/2021\/07\/02-1-150x88.jpeg 150w, http:\/\/vertienteglobal.com\/wp-content\/uploads\/2021\/07\/02-1-768x451.jpeg 768w, http:\/\/vertienteglobal.com\/wp-content\/uploads\/2021\/07\/02-1.jpeg 1280w\" sizes=\"auto, (max-width: 1024px) 100vw, 1024px\" \/><\/figure>\n","protected":false},"excerpt":{"rendered":"<p>(Redacci\u00f3n) El proyecto que impulsa el gobierno municipal, beneficiar\u00e1 a miles de personas tanto locales como turistas nacionales y extranjeros al convertirse en una vialidad a la altura del destino tur\u00edstico Canc\u00fan, Quntada Roo, a 12 de julio de 2021.- El Ayuntamiento de Benito Ju\u00e1rez que encabeza la Presidenta Municipal, Mara Lezama, avanza en las [&hellip;]<\/p>\n","protected":false},"author":1,"featured_media":183990,"comment_status":"open","ping_status":"open","sticky":false,"template":"","format":"standard","meta":{"footnotes":""},"categories":[3],"tags":[],"class_list":["post-183989","post","type-post","status-publish","format-standard","has-post-thumbnail","hentry","category-quintana-roo","entry","has-media"],"jetpack_featured_media_url":"http:\/\/vertienteglobal.com\/wp-content\/uploads\/2021\/07\/01-1-scaled-1.jpeg","_links":{"self":[{"href":"http:\/\/vertienteglobal.com\/index.php?rest_route=\/wp\/v2\/posts\/183989","targetHints":{"allow":["GET"]}}],"collection":[{"href":"http:\/\/vertienteglobal.com\/index.php?rest_route=\/wp\/v2\/posts"}],"about":[{"href":"http:\/\/vertienteglobal.com\/index.php?rest_route=\/wp\/v2\/types\/post"}],"author":[{"embeddable":true,"href":"http:\/\/vertienteglobal.com\/index.php?rest_route=\/wp\/v2\/users\/1"}],"replies":[{"embeddable":true,"href":"http:\/\/vertienteglobal.com\/index.php?rest_route=%2Fwp%2Fv2%2Fcomments&post=183989"}],"version-history":[{"count":0,"href":"http:\/\/vertienteglobal.com\/index.php?rest_route=\/wp\/v2\/posts\/183989\/revisions"}],"wp:featuredmedia":[{"embeddable":true,"href":"http:\/\/vertienteglobal.com\/index.php?rest_route=\/wp\/v2\/media\/183990"}],"wp:attachment":[{"href":"http:\/\/vertienteglobal.com\/index.php?rest_route=%2Fwp%2Fv2%2Fmedia&parent=183989"}],"wp:term":[{"taxonomy":"category","embeddable":true,"href":"http:\/\/vertienteglobal.com\/index.php?rest_route=%2Fwp%2Fv2%2Fcategories&post=183989"},{"taxonomy":"post_tag","embeddable":true,"href":"http:\/\/vertienteglobal.com\/index.php?rest_route=%2Fwp%2Fv2%2Ftags&post=183989"}],"curies":[{"name":"wp","href":"https:\/\/api.w.org\/{rel}","templated":true}]}}