{"id":183962,"date":"2021-07-11T22:51:00","date_gmt":"2021-07-12T03:51:00","guid":{"rendered":"http:\/\/vertienteglobal.com\/?p=183962"},"modified":"2021-07-12T00:50:00","modified_gmt":"2021-07-12T05:50:00","slug":"no-te-pierdas-la-conjuncion-de-marte-y-venus-manana-12-de-julio","status":"publish","type":"post","link":"http:\/\/vertienteglobal.com\/?p=183962","title":{"rendered":"No te pierdas la conjunci\u00f3n de Marte y Venus este 12 de julio"},"content":{"rendered":"\n<div class=\"twitterbutton\" style=\"float: right; padding-left: 5px;\"><a href=\"http:\/\/twitter.com\/share\" class=\"twitter-share-button\" data-count=\"horizontal\" data-text=\"No te pierdas la conjunci\u00f3n de Marte y Venus este 12 de julio\" data-via=\"https:\/\/twitter.com\/VertienteGloba1\" data-url=\"http:\/\/vertienteglobal.com\/?p=183962\" data-lang=\"es\" data-related=\"Informaci\u00f3n general:S\u00edguenos para que est\u00e9ss informado\"><\/a><\/div>\n<figure class=\"wp-block-image size-large\"><img loading=\"lazy\" decoding=\"async\" width=\"960\" height=\"540\" src=\"http:\/\/vertienteglobal.com\/wp-content\/uploads\/2021\/07\/f960x540-394505_468580_0.jpg\" alt=\"\" class=\"wp-image-183963\" srcset=\"http:\/\/vertienteglobal.com\/wp-content\/uploads\/2021\/07\/f960x540-394505_468580_0.jpg 960w, http:\/\/vertienteglobal.com\/wp-content\/uploads\/2021\/07\/f960x540-394505_468580_0-300x169.jpg 300w, http:\/\/vertienteglobal.com\/wp-content\/uploads\/2021\/07\/f960x540-394505_468580_0-150x84.jpg 150w, http:\/\/vertienteglobal.com\/wp-content\/uploads\/2021\/07\/f960x540-394505_468580_0-768x432.jpg 768w\" sizes=\"auto, (max-width: 960px) 100vw, 960px\" \/><\/figure>\n\n\n\n<p>(Redacci\u00f3n)<\/p>\n\n\n\n<p>Venus se ve como un objeto brillante que asoma al oeste en el atardecer y se lo conoce como el lucero de la tarde. \u201cEn esta \u00e9poca del a\u00f1o, el sol cae en el horizonte minutos antes&nbsp;<strong>de las 18:00 horas y hasta las 19:15 horas&nbsp;<\/strong>todav\u00eda se puede ver a Venus. Es un objeto que brilla con mucha intensidad porque est\u00e1 cercano al sol y lo vemos muy cerca del lugar donde ha ca\u00eddo el sol\u201d, detall\u00f3 Fanti<\/p>\n\n\n\n<p>Ciudad de M\u00e9xico, a 11 de julio de 2021.- Los amantes del espacio y las estrellas estar\u00e1n contentos de saber que el pr\u00f3ximo&nbsp;<strong>lunes 12 de julio<\/strong>&nbsp;habr\u00e1 un interesante evento astron\u00f3mico que podr\u00e1 ser visto desde cualquier parte del planeta y sin art\u00edculos sofisticados: la&nbsp;<strong>conjunci\u00f3n entre los planetas Marte y Venus<\/strong>, cerca del atardecer.<\/p>\n\n\n\n<p>En astronom\u00eda, una conjunci\u00f3n es un encuentro entre dos cuerpos celestes que tienen un acercamiento visual, adem\u00e1s, desde la perspectiva<strong>&nbsp;desde la Tierra&nbsp;<\/strong>nos permitir\u00e1 ver ambos planetas&nbsp;<strong>uno al lado del otro a simple vista<\/strong>, siempre y cuando el cielo no est\u00e9 nublado o no haya mucha contaminaci\u00f3n lum\u00ednica.&nbsp;<\/p>\n\n\n\n<p>\u201cDebido a la \u00f3rbita que lleva cada uno de los planetas en su recorrido alrededor del sol, se acercar\u00e1n visualmente este lunes 12 de julio. Ese ser\u00e1 el d\u00eda de mayor acercamiento, pero si empezamos a mirarlos desde hoy en adelante, d\u00eda a d\u00eda vamos a ir viendo que&nbsp;<strong>Venus<\/strong>&nbsp;se va a ir acercando gradualmente hasta ponerse<strong>&nbsp;<a href=\"https:\/\/heraldodemexico.com.mx\/mundo\/2021\/7\/3\/publican-primeras-imagenes-de-una-aurora-boreal-en-marte-312680.html\">muy cerca de Marte<\/a><\/strong>\u201d, coment\u00f3&nbsp;<strong>Daniel Fanti,<\/strong>&nbsp;integrante de la Fundaci\u00f3n Amigos de la Astronom\u00eda de Argentina.&nbsp;<\/p>\n\n\n\n<p>De acuerdo con los expertos, Venus se ve como un objeto brillante que asoma al oeste en el atardecer y se lo conoce como el lucero de la tarde. \u201cEn esta \u00e9poca del a\u00f1o, el sol cae en el horizonte minutos antes&nbsp;<strong>de las 18:00 horas y hasta las 19:15 horas&nbsp;<\/strong>todav\u00eda se puede ver a Venus. Es un objeto que brilla con mucha intensidad porque est\u00e1 cercano al sol y lo vemos muy cerca del lugar donde ha ca\u00eddo el sol\u201d, detall\u00f3 Fanti.<\/p>\n\n\n\n<p>Un poco m\u00e1s arriba de Venus estar\u00e1 Marte: \u201cSe ver\u00e1 como&nbsp;<strong>un objeto rojizo y&nbsp;<a href=\"https:\/\/heraldodemexico.com.mx\/mundo\/2021\/6\/29\/cientificos-descartan-vida-en-venus-pero-podriamos-migrar-jupiter-311105.html\">brilla menos que Venus<\/a>,<\/strong>&nbsp;porque est\u00e1 m\u00e1s lejos\u201d, pero por su color es reconocible. Adem\u00e1s, tambi\u00e9n se podr\u00e1 ver la Luna, porque tambi\u00e9n el mismo d\u00eda de la conjunci\u00f3n, un poco m\u00e1s hacia la derecha, veremos la fina silueta de la luna en fase creciente. De manera que podremos apreciar a Venus, Marte y la luna en un mismo plano del cielo. As\u00ed que prepara tu c\u00e1mara para sacar&nbsp;<strong>las mejores postales<\/strong>&nbsp;de este evento astron\u00f3mico. (Fuente: El. Heraldo de M\u00e9xico)<\/p>\n","protected":false},"excerpt":{"rendered":"<p>(Redacci\u00f3n) Venus se ve como un objeto brillante que asoma al oeste en el atardecer y se lo conoce como el lucero de la tarde. \u201cEn esta \u00e9poca del a\u00f1o, el sol cae en el horizonte minutos antes&nbsp;de las 18:00 horas y hasta las 19:15 horas&nbsp;todav\u00eda se puede ver a Venus. Es un objeto que [&hellip;]<\/p>\n","protected":false},"author":1,"featured_media":183963,"comment_status":"open","ping_status":"open","sticky":false,"template":"","format":"standard","meta":{"footnotes":""},"categories":[8],"tags":[],"class_list":["post-183962","post","type-post","status-publish","format-standard","has-post-thumbnail","hentry","category-pais","entry","has-media"],"jetpack_featured_media_url":"http:\/\/vertienteglobal.com\/wp-content\/uploads\/2021\/07\/f960x540-394505_468580_0.jpg","_links":{"self":[{"href":"http:\/\/vertienteglobal.com\/index.php?rest_route=\/wp\/v2\/posts\/183962","targetHints":{"allow":["GET"]}}],"collection":[{"href":"http:\/\/vertienteglobal.com\/index.php?rest_route=\/wp\/v2\/posts"}],"about":[{"href":"http:\/\/vertienteglobal.com\/index.php?rest_route=\/wp\/v2\/types\/post"}],"author":[{"embeddable":true,"href":"http:\/\/vertienteglobal.com\/index.php?rest_route=\/wp\/v2\/users\/1"}],"replies":[{"embeddable":true,"href":"http:\/\/vertienteglobal.com\/index.php?rest_route=%2Fwp%2Fv2%2Fcomments&post=183962"}],"version-history":[{"count":0,"href":"http:\/\/vertienteglobal.com\/index.php?rest_route=\/wp\/v2\/posts\/183962\/revisions"}],"wp:featuredmedia":[{"embeddable":true,"href":"http:\/\/vertienteglobal.com\/index.php?rest_route=\/wp\/v2\/media\/183963"}],"wp:attachment":[{"href":"http:\/\/vertienteglobal.com\/index.php?rest_route=%2Fwp%2Fv2%2Fmedia&parent=183962"}],"wp:term":[{"taxonomy":"category","embeddable":true,"href":"http:\/\/vertienteglobal.com\/index.php?rest_route=%2Fwp%2Fv2%2Fcategories&post=183962"},{"taxonomy":"post_tag","embeddable":true,"href":"http:\/\/vertienteglobal.com\/index.php?rest_route=%2Fwp%2Fv2%2Ftags&post=183962"}],"curies":[{"name":"wp","href":"https:\/\/api.w.org\/{rel}","templated":true}]}}