{"id":183910,"date":"2021-07-10T16:20:51","date_gmt":"2021-07-10T21:20:51","guid":{"rendered":"http:\/\/vertienteglobal.com\/?p=183910"},"modified":"2021-07-11T09:24:36","modified_gmt":"2021-07-11T14:24:36","slug":"se-incrementan-las-filas-en-el-tramo-de-reparacion-en-la-carretera-cancun-playa-del-carmen","status":"publish","type":"post","link":"http:\/\/vertienteglobal.com\/?p=183910","title":{"rendered":"Se incrementan las filas en el tramo de reparaci\u00f3n en la carretera Canc\u00fan-Playa del Carmen"},"content":{"rendered":"\n<div class=\"twitterbutton\" style=\"float: right; padding-left: 5px;\"><a href=\"http:\/\/twitter.com\/share\" class=\"twitter-share-button\" data-count=\"horizontal\" data-text=\"Se incrementan las filas en el tramo de reparaci\u00f3n en la carretera Canc\u00fan-Play...\" data-via=\"https:\/\/twitter.com\/VertienteGloba1\" data-url=\"http:\/\/vertienteglobal.com\/?p=183910\" data-lang=\"es\" data-related=\"Informaci\u00f3n general:S\u00edguenos para que est\u00e9ss informado\"><\/a><\/div>\n<figure class=\"wp-block-image size-large\"><img loading=\"lazy\" decoding=\"async\" width=\"696\" height=\"522\" src=\"http:\/\/vertienteglobal.com\/wp-content\/uploads\/2021\/07\/IMG_20210710_094901166_BURST012-696x522-1.jpg\" alt=\"\" class=\"wp-image-183911\" srcset=\"http:\/\/vertienteglobal.com\/wp-content\/uploads\/2021\/07\/IMG_20210710_094901166_BURST012-696x522-1.jpg 696w, http:\/\/vertienteglobal.com\/wp-content\/uploads\/2021\/07\/IMG_20210710_094901166_BURST012-696x522-1-300x225.jpg 300w, http:\/\/vertienteglobal.com\/wp-content\/uploads\/2021\/07\/IMG_20210710_094901166_BURST012-696x522-1-150x113.jpg 150w\" sizes=\"auto, (max-width: 696px) 100vw, 696px\" \/><\/figure>\n\n\n\n<p>(Redacci\u00f3n)<\/p>\n\n\n\n<p>Decenas de conductores reportaron que para cruzar el citado tramo, en direcci\u00f3n de de sur a norte, se llevaron alrededor de 50 minutos, y todav\u00eda m\u00e1s para volver de Canc\u00fan a Playa del Carmen<\/p>\n\n\n\n<p>Playa del Carmen, Solidaridad, Quintana Roo, a 10 de julio de 2021.- Las filas por las grietas en la carretera federal, a la altura del kil\u00f3metro 307, se incrementaron esta ma\u00f1ana con el inicio de unos trabajos con maquinaria en la zona de la afectaci\u00f3n, posiblemente para reparar la falla.<\/p>\n\n\n\n<p>Decenas de conductores reportaron que para cruzar el citado tramo, en direcci\u00f3n de de sur a norte, se llevaron alrededor de 50 minutos, y todav\u00eda m\u00e1s para volver de Canc\u00fan a Playa del Carmen.<\/p>\n\n\n\n<p>A la altura del tramo fisurado trabajan al menos tres maquinarias pesadas y decenas de obreros, unos en medio del camell\u00f3n y otros a un costado de la v\u00eda.<\/p>\n\n\n\n<p>Estos trabajos inician en el marco de la visita expr\u00e9s del presidente\u00a0<strong>Andr\u00e9s Manuel L\u00f3pez Obrado<\/strong>r para supervisar la obra del<strong>\u00a0Tren Maya<\/strong>, pues el problema del agrietamiento en la carretera lleva ya varios meses, tiempo en el que la \u00fanica soluci\u00f3n hab\u00eda sido la reducci\u00f3n de carriles, originando tr\u00e1fico en las horas pico.\u00a0<\/p>\n\n\n\n<figure class=\"wp-block-image size-large\"><img loading=\"lazy\" decoding=\"async\" width=\"696\" height=\"522\" src=\"http:\/\/vertienteglobal.com\/wp-content\/uploads\/2021\/07\/IMG_20210710_094901166_BURST009-696x522-1.jpg\" alt=\"\" class=\"wp-image-183912\" srcset=\"http:\/\/vertienteglobal.com\/wp-content\/uploads\/2021\/07\/IMG_20210710_094901166_BURST009-696x522-1.jpg 696w, http:\/\/vertienteglobal.com\/wp-content\/uploads\/2021\/07\/IMG_20210710_094901166_BURST009-696x522-1-300x225.jpg 300w, http:\/\/vertienteglobal.com\/wp-content\/uploads\/2021\/07\/IMG_20210710_094901166_BURST009-696x522-1-150x113.jpg 150w\" sizes=\"auto, (max-width: 696px) 100vw, 696px\" \/><\/figure>\n","protected":false},"excerpt":{"rendered":"<p>(Redacci\u00f3n) Decenas de conductores reportaron que para cruzar el citado tramo, en direcci\u00f3n de de sur a norte, se llevaron alrededor de 50 minutos, y todav\u00eda m\u00e1s para volver de Canc\u00fan a Playa del Carmen Playa del Carmen, Solidaridad, Quintana Roo, a 10 de julio de 2021.- Las filas por las grietas en la carretera [&hellip;]<\/p>\n","protected":false},"author":1,"featured_media":183911,"comment_status":"open","ping_status":"open","sticky":false,"template":"","format":"standard","meta":{"footnotes":""},"categories":[3],"tags":[],"class_list":["post-183910","post","type-post","status-publish","format-standard","has-post-thumbnail","hentry","category-quintana-roo","entry","has-media"],"jetpack_featured_media_url":"http:\/\/vertienteglobal.com\/wp-content\/uploads\/2021\/07\/IMG_20210710_094901166_BURST012-696x522-1.jpg","_links":{"self":[{"href":"http:\/\/vertienteglobal.com\/index.php?rest_route=\/wp\/v2\/posts\/183910","targetHints":{"allow":["GET"]}}],"collection":[{"href":"http:\/\/vertienteglobal.com\/index.php?rest_route=\/wp\/v2\/posts"}],"about":[{"href":"http:\/\/vertienteglobal.com\/index.php?rest_route=\/wp\/v2\/types\/post"}],"author":[{"embeddable":true,"href":"http:\/\/vertienteglobal.com\/index.php?rest_route=\/wp\/v2\/users\/1"}],"replies":[{"embeddable":true,"href":"http:\/\/vertienteglobal.com\/index.php?rest_route=%2Fwp%2Fv2%2Fcomments&post=183910"}],"version-history":[{"count":0,"href":"http:\/\/vertienteglobal.com\/index.php?rest_route=\/wp\/v2\/posts\/183910\/revisions"}],"wp:featuredmedia":[{"embeddable":true,"href":"http:\/\/vertienteglobal.com\/index.php?rest_route=\/wp\/v2\/media\/183911"}],"wp:attachment":[{"href":"http:\/\/vertienteglobal.com\/index.php?rest_route=%2Fwp%2Fv2%2Fmedia&parent=183910"}],"wp:term":[{"taxonomy":"category","embeddable":true,"href":"http:\/\/vertienteglobal.com\/index.php?rest_route=%2Fwp%2Fv2%2Fcategories&post=183910"},{"taxonomy":"post_tag","embeddable":true,"href":"http:\/\/vertienteglobal.com\/index.php?rest_route=%2Fwp%2Fv2%2Ftags&post=183910"}],"curies":[{"name":"wp","href":"https:\/\/api.w.org\/{rel}","templated":true}]}}