{"id":183725,"date":"2021-07-08T08:10:00","date_gmt":"2021-07-08T13:10:00","guid":{"rendered":"http:\/\/vertienteglobal.com\/?p=183725"},"modified":"2021-07-08T12:11:49","modified_gmt":"2021-07-08T17:11:49","slug":"cuidar-los-arboles-es-cuidar-la-agricultura","status":"publish","type":"post","link":"http:\/\/vertienteglobal.com\/?p=183725","title":{"rendered":"Cuidar los \u00e1rboles es cuidar la agricultura"},"content":{"rendered":"\n<div class=\"twitterbutton\" style=\"float: right; padding-left: 5px;\"><a href=\"http:\/\/twitter.com\/share\" class=\"twitter-share-button\" data-count=\"horizontal\" data-text=\"Cuidar los \u00e1rboles es cuidar la agricultura\" data-via=\"https:\/\/twitter.com\/VertienteGloba1\" data-url=\"http:\/\/vertienteglobal.com\/?p=183725\" data-lang=\"es\" data-related=\"Informaci\u00f3n general:S\u00edguenos para que est\u00e9ss informado\"><\/a><\/div>\n<figure class=\"wp-block-image size-large\"><img loading=\"lazy\" decoding=\"async\" width=\"1024\" height=\"576\" src=\"http:\/\/vertienteglobal.com\/wp-content\/uploads\/2021\/07\/200825_AGRICULTURA_INIFAP_SISTEMA_MILPA__RBOLES_FRUTALES_MIAF-1-1024x576.jpg\" alt=\"\" class=\"wp-image-183726\" srcset=\"http:\/\/vertienteglobal.com\/wp-content\/uploads\/2021\/07\/200825_AGRICULTURA_INIFAP_SISTEMA_MILPA__RBOLES_FRUTALES_MIAF-1-1024x576.jpg 1024w, http:\/\/vertienteglobal.com\/wp-content\/uploads\/2021\/07\/200825_AGRICULTURA_INIFAP_SISTEMA_MILPA__RBOLES_FRUTALES_MIAF-1-300x169.jpg 300w, http:\/\/vertienteglobal.com\/wp-content\/uploads\/2021\/07\/200825_AGRICULTURA_INIFAP_SISTEMA_MILPA__RBOLES_FRUTALES_MIAF-1-150x84.jpg 150w, http:\/\/vertienteglobal.com\/wp-content\/uploads\/2021\/07\/200825_AGRICULTURA_INIFAP_SISTEMA_MILPA__RBOLES_FRUTALES_MIAF-1-768x432.jpg 768w, http:\/\/vertienteglobal.com\/wp-content\/uploads\/2021\/07\/200825_AGRICULTURA_INIFAP_SISTEMA_MILPA__RBOLES_FRUTALES_MIAF-1.jpg 1280w\" sizes=\"auto, (max-width: 1024px) 100vw, 1024px\" \/><\/figure>\n\n\n\n<p>(Redacci\u00f3n)<\/p>\n\n\n\n<p>Desde 1959 en M\u00e9xico se declar\u00f3 el segundo jueves del mes de julio como el D\u00eda Nacional del \u00c1rbol, para generar conciencia sobre el valor que tienen los \u00e1rboles para nuestro mundo<\/p>\n\n\n\n<p>Plantar \u00e1rboles es una garant\u00eda de vida, pues ellos son el hogar de m\u00e1s del 80% de la biodiversidad mundialPlantar \u00e1rboles es una garant\u00eda de vida, pues ellos son el hogar de m\u00e1s del 80% de la biodiversidad mundial<\/p>\n\n\n\n<p>Ciudad de M\u00e9xico, a 08 de julio de 2021.- Los \u00e1rboles son un recurso fundamental para la vida en nuestro planeta, adem\u00e1s de reconfortar nuestra vista con hermosos paisajes, \u00e9stos producen ox\u00edgeno y limpian el a\u00edre, captan agua, ayudan a combatir el cambio clim\u00e1tico, conservan la biodiversidad y sirven como barreras contra el viento y regulan la temperatura.<\/p>\n\n\n\n<p>En M\u00e9xico, el D\u00eda Nacional del \u00c1rbol se celebra desde 1959, cuando por decreto del presidente Adolfo L\u00f3pez Mateos se instaur\u00f3 el segundo jueves de julio de cada a\u00f1o para su conmemoraci\u00f3n. En este 2021, lo conmemoramos el 8 de julio.<\/p>\n\n\n\n<p>Los \u00e1rboles se clasifican en caducifolios, los cuales se caracterizan por perder sus hojas en el periodo de fr\u00edo; de hojas perennes, que son los que presenta un follaje siempre verde y abundante, y las con\u00edferas, que cuando se desarrollan lo hacen en forma de tri\u00e1ngulo.<\/p>\n\n\n\n<p>En nuestro pa\u00eds existe una gran diversidad de \u00e1rboles, pues posee 138 millones de hect\u00e1reas de vegetaci\u00f3n natural terrestre, que representan 70 por ciento de la extensi\u00f3n del territorio nacional.<\/p>\n\n\n\n<p>Los \u00e1rboles enfrentan diversos peligros\u2026<\/p>\n\n\n\n<p>Deforestaci\u00f3n que ha ido en aumento, por ejemplo: los incendios, que afectan tanto a los \u00e1rboles como a la fauna que vive en ellos<br>Tala ilegal representa una amenaza grave, pues se estima que 70 por ciento del mercado nacional de madera tiene procedencia ilegal.<\/p>\n\n\n\n<p>Acciones desde Agricultura para contribuir al sector forestal<\/p>\n\n\n\n<p>INIFAP y CONAFOR trabajan en conjunto para que la transferencia de tecnolog\u00eda y la capacitaci\u00f3n llegue a los productores<br>INIFAP y COLPOS trabajan en nuevos sistemas agroforestales para el desarrollo multifuncional de los sectores forestal, agr\u00edcola y pecuario.<\/p>\n\n\n\n<p>Impulsar sistemas agroforestales como el Sistema Milpa Intercalada con \u00c1rboles Frutales (MIAF)<br>INIFAP contribuye con capacitar a los t\u00e9cnicos de sembrando vida en diversos estados del pa\u00eds.<\/p>\n\n\n\n<p>INIFAP entre sus actividades forestales cuenta con conocimientos en: Buenas pr\u00e1cticas en la recolecci\u00f3n de semillas forestales.<\/p>\n\n\n\n<p>Podas en \u00e1rboles frutales<br>Modelos agroforestales como un Sistema.<\/p>\n\n\n\n<p>Productivo Integrado<br>Injertos de \u00e1rboles frutales y especies forestales tropicales.<\/p>\n\n\n\n<p>Producci\u00f3n de compostas biofertilizantes y polisulfuro de calcio para el cultivo de lim\u00f3n org\u00e1nico.<\/p>\n\n\n\n<p>Sistemas agroforestales asociados a caf\u00e9.<\/p>\n\n\n\n<p>Por todas estas razones, es de suma importancia conmemorar el D\u00eda Nacional del \u00c1rbol, donde recordemos que los \u00e1rboles forman parte de nuestra estancia en este mundo, y sobre todo, para generar acciones para protegerlos.<\/p>\n","protected":false},"excerpt":{"rendered":"<p>(Redacci\u00f3n) Desde 1959 en M\u00e9xico se declar\u00f3 el segundo jueves del mes de julio como el D\u00eda Nacional del \u00c1rbol, para generar conciencia sobre el valor que tienen los \u00e1rboles para nuestro mundo Plantar \u00e1rboles es una garant\u00eda de vida, pues ellos son el hogar de m\u00e1s del 80% de la biodiversidad mundialPlantar \u00e1rboles es [&hellip;]<\/p>\n","protected":false},"author":1,"featured_media":183726,"comment_status":"open","ping_status":"open","sticky":false,"template":"","format":"standard","meta":{"footnotes":""},"categories":[8],"tags":[],"class_list":["post-183725","post","type-post","status-publish","format-standard","has-post-thumbnail","hentry","category-pais","entry","has-media"],"jetpack_featured_media_url":"http:\/\/vertienteglobal.com\/wp-content\/uploads\/2021\/07\/200825_AGRICULTURA_INIFAP_SISTEMA_MILPA__RBOLES_FRUTALES_MIAF-1.jpg","_links":{"self":[{"href":"http:\/\/vertienteglobal.com\/index.php?rest_route=\/wp\/v2\/posts\/183725","targetHints":{"allow":["GET"]}}],"collection":[{"href":"http:\/\/vertienteglobal.com\/index.php?rest_route=\/wp\/v2\/posts"}],"about":[{"href":"http:\/\/vertienteglobal.com\/index.php?rest_route=\/wp\/v2\/types\/post"}],"author":[{"embeddable":true,"href":"http:\/\/vertienteglobal.com\/index.php?rest_route=\/wp\/v2\/users\/1"}],"replies":[{"embeddable":true,"href":"http:\/\/vertienteglobal.com\/index.php?rest_route=%2Fwp%2Fv2%2Fcomments&post=183725"}],"version-history":[{"count":0,"href":"http:\/\/vertienteglobal.com\/index.php?rest_route=\/wp\/v2\/posts\/183725\/revisions"}],"wp:featuredmedia":[{"embeddable":true,"href":"http:\/\/vertienteglobal.com\/index.php?rest_route=\/wp\/v2\/media\/183726"}],"wp:attachment":[{"href":"http:\/\/vertienteglobal.com\/index.php?rest_route=%2Fwp%2Fv2%2Fmedia&parent=183725"}],"wp:term":[{"taxonomy":"category","embeddable":true,"href":"http:\/\/vertienteglobal.com\/index.php?rest_route=%2Fwp%2Fv2%2Fcategories&post=183725"},{"taxonomy":"post_tag","embeddable":true,"href":"http:\/\/vertienteglobal.com\/index.php?rest_route=%2Fwp%2Fv2%2Ftags&post=183725"}],"curies":[{"name":"wp","href":"https:\/\/api.w.org\/{rel}","templated":true}]}}