{"id":183700,"date":"2021-07-07T16:37:12","date_gmt":"2021-07-07T21:37:12","guid":{"rendered":"http:\/\/vertienteglobal.com\/?p=183700"},"modified":"2021-07-08T11:38:04","modified_gmt":"2021-07-08T16:38:04","slug":"se-quedaran-con-las-ganas-de-que-nos-peleemos-con-gobernadores-electos-de-oposicion-amlo","status":"publish","type":"post","link":"http:\/\/vertienteglobal.com\/?p=183700","title":{"rendered":"Se quedar\u00e1n con las ganas de que nos peleemos\u2019 con gobernadores electos de oposici\u00f3n: AMLO"},"content":{"rendered":"\n<div class=\"twitterbutton\" style=\"float: right; padding-left: 5px;\"><a href=\"http:\/\/twitter.com\/share\" class=\"twitter-share-button\" data-count=\"horizontal\" data-text=\"Se quedar\u00e1n con las ganas de que nos peleemos\u2019 con gobernadores electos de op...\" data-via=\"https:\/\/twitter.com\/VertienteGloba1\" data-url=\"http:\/\/vertienteglobal.com\/?p=183700\" data-lang=\"es\" data-related=\"Informaci\u00f3n general:S\u00edguenos para que est\u00e9ss informado\"><\/a><\/div>\n<figure class=\"wp-block-image size-large\"><img loading=\"lazy\" decoding=\"async\" width=\"1024\" height=\"683\" src=\"http:\/\/vertienteglobal.com\/wp-content\/uploads\/2021\/07\/148700.jpg\" alt=\"\" class=\"wp-image-183701\" srcset=\"http:\/\/vertienteglobal.com\/wp-content\/uploads\/2021\/07\/148700.jpg 1024w, http:\/\/vertienteglobal.com\/wp-content\/uploads\/2021\/07\/148700-300x200.jpg 300w, http:\/\/vertienteglobal.com\/wp-content\/uploads\/2021\/07\/148700-150x100.jpg 150w, http:\/\/vertienteglobal.com\/wp-content\/uploads\/2021\/07\/148700-768x512.jpg 768w\" sizes=\"auto, (max-width: 1024px) 100vw, 1024px\" \/><\/figure>\n\n\n\n<p>(Redacci\u00f3n)<\/p>\n\n\n\n<p>Afirm\u00f3 que su encuentro con los mandatarios electos de Nuevo Le\u00f3n y Quer\u00e9taro, Samuel Garc\u00eda y Mauricio Kuri, respectivamente, se realiz\u00f3 en buenos t\u00e9rminos<\/p>\n\n\n\n<p>Ciudad de M\u00e9xico a 07 de julio de 2021.- Andr\u00e9s Manuel L\u00f3pez Obrador, presidente de M\u00e9xico, asegur\u00f3 que adversarios \u2018se quedar\u00e1n con las ganas\u2019 de conflictos entre gobernadores electos de oposici\u00f3n con el gobierno federal.<\/p>\n\n\n\n<p>Afirm\u00f3 que su encuentro con los mandatarios electos de Nuevo Le\u00f3n y Quer\u00e9taro, Samuel Garc\u00eda y Mauricio Kuri, respectivamente, se realiz\u00f3 en buenos t\u00e9rminos.<\/p>\n\n\n\n<p>\u201cLos dos encuentros con los dos gobernadores fueron muy respetuosos, con muy buenos t\u00e9rminos. No hay ninguna posibilidad de pleito, se van a quedar con las ganas los que quieren que nos peleemos, porque tenemos que trabajar para los pueblos independientemente de las banderas partidistas, independiente de las clases sociales, de los partidos\u201d, se\u00f1al\u00f3.<\/p>\n\n\n\n<p>Adem\u00e1s, indic\u00f3 que ambas entidades se ver\u00e1n beneficiadas con el Tratado entre M\u00e9xico, Estados Unidos y Canad\u00e1 (T-MEC), ya que recibir\u00e1n mayores inversiones. (Fuente: Milenio)<\/p>\n","protected":false},"excerpt":{"rendered":"<p>(Redacci\u00f3n) Afirm\u00f3 que su encuentro con los mandatarios electos de Nuevo Le\u00f3n y Quer\u00e9taro, Samuel Garc\u00eda y Mauricio Kuri, respectivamente, se realiz\u00f3 en buenos t\u00e9rminos Ciudad de M\u00e9xico a 07 de julio de 2021.- Andr\u00e9s Manuel L\u00f3pez Obrador, presidente de M\u00e9xico, asegur\u00f3 que adversarios \u2018se quedar\u00e1n con las ganas\u2019 de conflictos entre gobernadores electos de [&hellip;]<\/p>\n","protected":false},"author":1,"featured_media":183701,"comment_status":"open","ping_status":"open","sticky":false,"template":"","format":"standard","meta":{"footnotes":""},"categories":[8],"tags":[],"class_list":["post-183700","post","type-post","status-publish","format-standard","has-post-thumbnail","hentry","category-pais","entry","has-media"],"jetpack_featured_media_url":"http:\/\/vertienteglobal.com\/wp-content\/uploads\/2021\/07\/148700.jpg","_links":{"self":[{"href":"http:\/\/vertienteglobal.com\/index.php?rest_route=\/wp\/v2\/posts\/183700","targetHints":{"allow":["GET"]}}],"collection":[{"href":"http:\/\/vertienteglobal.com\/index.php?rest_route=\/wp\/v2\/posts"}],"about":[{"href":"http:\/\/vertienteglobal.com\/index.php?rest_route=\/wp\/v2\/types\/post"}],"author":[{"embeddable":true,"href":"http:\/\/vertienteglobal.com\/index.php?rest_route=\/wp\/v2\/users\/1"}],"replies":[{"embeddable":true,"href":"http:\/\/vertienteglobal.com\/index.php?rest_route=%2Fwp%2Fv2%2Fcomments&post=183700"}],"version-history":[{"count":0,"href":"http:\/\/vertienteglobal.com\/index.php?rest_route=\/wp\/v2\/posts\/183700\/revisions"}],"wp:featuredmedia":[{"embeddable":true,"href":"http:\/\/vertienteglobal.com\/index.php?rest_route=\/wp\/v2\/media\/183701"}],"wp:attachment":[{"href":"http:\/\/vertienteglobal.com\/index.php?rest_route=%2Fwp%2Fv2%2Fmedia&parent=183700"}],"wp:term":[{"taxonomy":"category","embeddable":true,"href":"http:\/\/vertienteglobal.com\/index.php?rest_route=%2Fwp%2Fv2%2Fcategories&post=183700"},{"taxonomy":"post_tag","embeddable":true,"href":"http:\/\/vertienteglobal.com\/index.php?rest_route=%2Fwp%2Fv2%2Ftags&post=183700"}],"curies":[{"name":"wp","href":"https:\/\/api.w.org\/{rel}","templated":true}]}}