{"id":183662,"date":"2021-07-07T11:24:00","date_gmt":"2021-07-07T16:24:00","guid":{"rendered":"http:\/\/vertienteglobal.com\/?p=183662"},"modified":"2021-07-07T12:01:00","modified_gmt":"2021-07-07T17:01:00","slug":"salgo-muy-contento-samuel-garcia","status":"publish","type":"post","link":"http:\/\/vertienteglobal.com\/?p=183662","title":{"rendered":"\u00abSalgo muy contento\u00bb: Samuel Garcia"},"content":{"rendered":"\n<div class=\"twitterbutton\" style=\"float: right; padding-left: 5px;\"><a href=\"http:\/\/twitter.com\/share\" class=\"twitter-share-button\" data-count=\"horizontal\" data-text=\"\u00abSalgo muy contento\u00bb: Samuel Garcia\" data-via=\"https:\/\/twitter.com\/VertienteGloba1\" data-url=\"http:\/\/vertienteglobal.com\/?p=183662\" data-lang=\"es\" data-related=\"Informaci\u00f3n general:S\u00edguenos para que est\u00e9ss informado\"><\/a><\/div>\n<figure class=\"wp-block-image size-large\"><img loading=\"lazy\" decoding=\"async\" width=\"1024\" height=\"683\" src=\"http:\/\/vertienteglobal.com\/wp-content\/uploads\/2021\/07\/1166350.jpg\" alt=\"\" class=\"wp-image-183663\" srcset=\"http:\/\/vertienteglobal.com\/wp-content\/uploads\/2021\/07\/1166350.jpg 1024w, http:\/\/vertienteglobal.com\/wp-content\/uploads\/2021\/07\/1166350-300x200.jpg 300w, http:\/\/vertienteglobal.com\/wp-content\/uploads\/2021\/07\/1166350-150x100.jpg 150w, http:\/\/vertienteglobal.com\/wp-content\/uploads\/2021\/07\/1166350-768x512.jpg 768w\" sizes=\"auto, (max-width: 1024px) 100vw, 1024px\" \/><\/figure>\n\n\n\n<p>(Redacci\u00f3n)<\/p>\n\n\n\n<p>Inform\u00f3 que le regal\u00f3 tres libros y que entre varios temas destacados tratados se le autoriz\u00f3 la construcci\u00f3n del tren suburbano de los municipios de Garc\u00eda a Apodaca, con el apoyo del gobierno federal<\/p>\n\n\n\n<p>Ciudad de M\u00e9xico a 07 de julio de 2021.- El gobernador electo de Nuevo Le\u00f3n, Samuel Garc\u00eda, se expres\u00f3 asi al salir de palacio nacional: \u00abSalgo muy contento\u00bb.<\/p>\n\n\n\n<p>Y es que entrevistado por diversos medios de comunicaci\u00f3n que lo esperaban ya a las afueras del palacio nacional, al concluir la reuni\u00f3n con el presidente Andr\u00e9s Manuel L\u00f3pez Obrador (AMLO) en Palacio Nacional.<\/p>\n\n\n\n<p>Inform\u00f3 que le regal\u00f3 tres libros y que entre varios temas destacados tratados se le autoriz\u00f3 la construcci\u00f3n del tren suburbano de los municipios de Garc\u00eda a Apodaca, con el apoyo del gobierno federal.<\/p>\n\n\n\n<p>Afirm\u00f3 que en agosto o septiembre se volver\u00e1 a reunir con el mandatario nacional para abordar temas financieros.<\/p>\n\n\n\n<p>Revel\u00f3 que AMLO le pregunt\u00f3 \u201cc\u00e1lidamente\u201d que con quien quer\u00eda la foto de los pr\u00f3ceres de la Patria y dijo que eligi\u00f3 que con Benito Ju\u00e1rez porque se apellida Garc\u00eda igual que \u00e9l: \u201cMi esposa Mariana me va a colgar porque es tataranieta de Gustavo Madero y entonces fuimos y nos tomamos la foto con su hermano Francisco I. Madero\u2026\u201d<\/p>\n\n\n\n<p>En cuando a las investigaciones iniciadas previo al proceso electoral en su contra, asegur\u00f3 que AMLO le dijo que no hab\u00eda nada al respecto.<\/p>\n","protected":false},"excerpt":{"rendered":"<p>(Redacci\u00f3n) Inform\u00f3 que le regal\u00f3 tres libros y que entre varios temas destacados tratados se le autoriz\u00f3 la construcci\u00f3n del tren suburbano de los municipios de Garc\u00eda a Apodaca, con el apoyo del gobierno federal Ciudad de M\u00e9xico a 07 de julio de 2021.- El gobernador electo de Nuevo Le\u00f3n, Samuel Garc\u00eda, se expres\u00f3 asi [&hellip;]<\/p>\n","protected":false},"author":1,"featured_media":183663,"comment_status":"open","ping_status":"open","sticky":false,"template":"","format":"standard","meta":{"footnotes":""},"categories":[8],"tags":[],"class_list":["post-183662","post","type-post","status-publish","format-standard","has-post-thumbnail","hentry","category-pais","entry","has-media"],"jetpack_featured_media_url":"http:\/\/vertienteglobal.com\/wp-content\/uploads\/2021\/07\/1166350.jpg","_links":{"self":[{"href":"http:\/\/vertienteglobal.com\/index.php?rest_route=\/wp\/v2\/posts\/183662","targetHints":{"allow":["GET"]}}],"collection":[{"href":"http:\/\/vertienteglobal.com\/index.php?rest_route=\/wp\/v2\/posts"}],"about":[{"href":"http:\/\/vertienteglobal.com\/index.php?rest_route=\/wp\/v2\/types\/post"}],"author":[{"embeddable":true,"href":"http:\/\/vertienteglobal.com\/index.php?rest_route=\/wp\/v2\/users\/1"}],"replies":[{"embeddable":true,"href":"http:\/\/vertienteglobal.com\/index.php?rest_route=%2Fwp%2Fv2%2Fcomments&post=183662"}],"version-history":[{"count":0,"href":"http:\/\/vertienteglobal.com\/index.php?rest_route=\/wp\/v2\/posts\/183662\/revisions"}],"wp:featuredmedia":[{"embeddable":true,"href":"http:\/\/vertienteglobal.com\/index.php?rest_route=\/wp\/v2\/media\/183663"}],"wp:attachment":[{"href":"http:\/\/vertienteglobal.com\/index.php?rest_route=%2Fwp%2Fv2%2Fmedia&parent=183662"}],"wp:term":[{"taxonomy":"category","embeddable":true,"href":"http:\/\/vertienteglobal.com\/index.php?rest_route=%2Fwp%2Fv2%2Fcategories&post=183662"},{"taxonomy":"post_tag","embeddable":true,"href":"http:\/\/vertienteglobal.com\/index.php?rest_route=%2Fwp%2Fv2%2Ftags&post=183662"}],"curies":[{"name":"wp","href":"https:\/\/api.w.org\/{rel}","templated":true}]}}