{"id":183576,"date":"2021-07-06T11:49:00","date_gmt":"2021-07-06T16:49:00","guid":{"rendered":"http:\/\/vertienteglobal.com\/?p=183576"},"modified":"2021-07-06T11:39:41","modified_gmt":"2021-07-06T16:39:41","slug":"destapa-el-pan-a-mauricio-vila-dosal-como-presidenciable-para-2024","status":"publish","type":"post","link":"http:\/\/vertienteglobal.com\/?p=183576","title":{"rendered":"Destapa el PAN a Mauricio Vila Dosal como presidenciable para 2024"},"content":{"rendered":"\n<div class=\"twitterbutton\" style=\"float: right; padding-left: 5px;\"><a href=\"http:\/\/twitter.com\/share\" class=\"twitter-share-button\" data-count=\"horizontal\" data-text=\"Destapa el PAN a Mauricio Vila Dosal como presidenciable para 2024\" data-via=\"https:\/\/twitter.com\/VertienteGloba1\" data-url=\"http:\/\/vertienteglobal.com\/?p=183576\" data-lang=\"es\" data-related=\"Informaci\u00f3n general:S\u00edguenos para que est\u00e9ss informado\"><\/a><\/div>\n<figure class=\"wp-block-image size-large\"><img loading=\"lazy\" decoding=\"async\" width=\"660\" height=\"330\" src=\"http:\/\/vertienteglobal.com\/wp-content\/uploads\/2021\/07\/IMG_7365-660x330-1.jpg\" alt=\"\" class=\"wp-image-183577\" srcset=\"http:\/\/vertienteglobal.com\/wp-content\/uploads\/2021\/07\/IMG_7365-660x330-1.jpg 660w, http:\/\/vertienteglobal.com\/wp-content\/uploads\/2021\/07\/IMG_7365-660x330-1-300x150.jpg 300w, http:\/\/vertienteglobal.com\/wp-content\/uploads\/2021\/07\/IMG_7365-660x330-1-150x75.jpg 150w\" sizes=\"auto, (max-width: 660px) 100vw, 660px\" \/><\/figure>\n\n\n\n<p>(Redacci\u00f3n)<\/p>\n\n\n\n<p>El Gobernador de Yucat\u00e1n, Mauricio Vila, fue destapado como eventual candidato del PAN a la Presidencia de la Rep\u00fablica en 2024<\/p>\n\n\n\n<p>El l\u00edder nacional del blanquiazul, Marko Cort\u00e9s, dijo que lo ve\u00eda con buenos ojos<\/p>\n\n\n\n<p>El secreto para ganar, apunt\u00f3 Marko Cort\u00e9s, es entregar buenos resultados<\/p>\n\n\n\n<p>Ciudad de M\u00e9xico, a 06 de julio 2021.-El Alcalde electo de M\u00e9rida, Ren\u00e1n Barrera, dejo en claro: \u00abTenemos un Gobernador muy bien calificado, que tambi\u00e9n ha sido muy buen alcalde de M\u00e9rida\u201d. Mauricio Vila Dosal, sin duda, es una de las cartas fuertes que tendr\u00e1 el partido en el a\u00f1o 2024.<\/p>\n\n\n\n<p>Y es que ante diversos medios de comunicaci\u00f3n, se\u00f1al\u00f3: \u201cNo tengo la menor duda de que es uno de los buenos proyectos que puede tener Acci\u00f3n Nacional. Mauricio Vila ha sido un buen Gobernador, ha dado buenos resultados, est\u00e1 muy bien evaluado, y parte de la fortaleza de Acci\u00f3n Nacional es que tendremos cartas y opciones buenas rumbo al 2024\u201d, plante\u00f3 Marko Cort\u00e9s.<\/p>\n\n\n\n<p>El Gobernador tomar\u00eda las cosas con calma, aunque no se descart\u00f3 como prospecto.<\/p>\n\n\n\n<p>\u201cEs momento de seguir trabajando, de trabajar en equipo, de trabajar unidos, y estamos concentrados en eso\u201d, dijo.<\/p>\n\n\n\n<p>\u201cNo metan la mano al caj\u00f3n\u201d, dice Marko Cort\u00e9s a Alcaldes<\/p>\n\n\n\n<p>El l\u00edder nacional del PAN, Marko Cort\u00e9s, exigi\u00f3 a los Alcaldes electos emanados de las filas del blanquiazul \u201cno meter la mano al caj\u00f3n\u201d.<\/p>\n\n\n\n<p>El grueso de los 150 presidentes municipales que ganaron en las elecciones del 6 de junio se concentr\u00f3 en la sede panista para recibir un curso de capacitaci\u00f3n.<\/p>\n\n\n\n<p>Tambi\u00e9n se presentaron Maru Campos, la Gobernadora electa de Chihuahua quien recibi\u00f3 la ovaci\u00f3n m\u00e1s sonora, y Mauricio Vila, el Gobernador de Yucat\u00e1n.<\/p>\n\n\n\n<p>\u201cRegresen a dar las gracias\u201d, \u201cgobiernen con mucha honestidad\u201d, \u201csigan siendo de carne y hueso\u201d, pidi\u00f3 Cort\u00e9s a sus correligionarios.<\/p>\n\n\n\n<p>El secreto para ganar, apunt\u00f3 Marko Cort\u00e9s, es entregar buenos resultados.<\/p>\n\n\n\n<p>\u201cEn su buen desempe\u00f1o, est\u00e1 la posibilidad aut\u00e9ntica de poder dar el gran paso en el 2024 y poder sacar a este destructivo y mit\u00f3mano Gobierno. El Gobierno de Morena es circo, Morena y teatro\u201d, sostuvo.<\/p>\n\n\n\n<p>Entre otros, asistieron los Alcaldes de Cuernavaca, Jos\u00e9 Luis Uri\u00f3stegui; de Le\u00f3n, Alejandra Guti\u00e9rrez; de M\u00e9rida, Ren\u00e1n Barrera; de Naucalpan, Ang\u00e9lica Moya; Patricia Lobeira, de Veracruz; de Morelia, Alfonso Mart\u00ednez; de Aguascalientes, Tere Jim\u00e9nez; y de Puebla, Eduardo Ram\u00edrez.<\/p>\n\n\n\n<p>\u201cQuiero darles sugerencias muy respetuosas: regresen a dar las gracias. Sigan siendo de carne y hueso; por favor, sus pies, siempre en la tierra. Que nos se les suba el cargo Me ha tocado ver regidores que se les sube y los pierdes. El secreto aqu\u00ed es, los pies bien puestos en la tierra. Uno se debe a la gente y esto no es eterno. Y el 2024 est\u00e1 a la vuelta de la esquina\u201d, advirti\u00f3.<\/p>\n\n\n\n<p>\u201cQuiero pedirles que ustedes y su equipo gobiernen con mucha honestidad y con eficacia. Recursos, amigos, hay muy pocos. Hay un gran recorte para recursos. Van a tener que hacer un plan de optimizar: hagan lo m\u00e1s que puedan con lo menos posible. Y de la forma m\u00e1s honesta, revisen a su equipo: que no le metan la mano al caj\u00f3n, porque les van a terminar cortando la mano\u201d, recalc\u00f3. (Fuente: reforma)<\/p>\n","protected":false},"excerpt":{"rendered":"<p>(Redacci\u00f3n) El Gobernador de Yucat\u00e1n, Mauricio Vila, fue destapado como eventual candidato del PAN a la Presidencia de la Rep\u00fablica en 2024 El l\u00edder nacional del blanquiazul, Marko Cort\u00e9s, dijo que lo ve\u00eda con buenos ojos El secreto para ganar, apunt\u00f3 Marko Cort\u00e9s, es entregar buenos resultados Ciudad de M\u00e9xico, a 06 de julio 2021.-El [&hellip;]<\/p>\n","protected":false},"author":1,"featured_media":183577,"comment_status":"open","ping_status":"open","sticky":false,"template":"","format":"standard","meta":{"footnotes":""},"categories":[8,2],"tags":[],"class_list":["post-183576","post","type-post","status-publish","format-standard","has-post-thumbnail","hentry","category-pais","category-yucatan","entry","has-media"],"jetpack_featured_media_url":"http:\/\/vertienteglobal.com\/wp-content\/uploads\/2021\/07\/IMG_7365-660x330-1.jpg","_links":{"self":[{"href":"http:\/\/vertienteglobal.com\/index.php?rest_route=\/wp\/v2\/posts\/183576","targetHints":{"allow":["GET"]}}],"collection":[{"href":"http:\/\/vertienteglobal.com\/index.php?rest_route=\/wp\/v2\/posts"}],"about":[{"href":"http:\/\/vertienteglobal.com\/index.php?rest_route=\/wp\/v2\/types\/post"}],"author":[{"embeddable":true,"href":"http:\/\/vertienteglobal.com\/index.php?rest_route=\/wp\/v2\/users\/1"}],"replies":[{"embeddable":true,"href":"http:\/\/vertienteglobal.com\/index.php?rest_route=%2Fwp%2Fv2%2Fcomments&post=183576"}],"version-history":[{"count":0,"href":"http:\/\/vertienteglobal.com\/index.php?rest_route=\/wp\/v2\/posts\/183576\/revisions"}],"wp:featuredmedia":[{"embeddable":true,"href":"http:\/\/vertienteglobal.com\/index.php?rest_route=\/wp\/v2\/media\/183577"}],"wp:attachment":[{"href":"http:\/\/vertienteglobal.com\/index.php?rest_route=%2Fwp%2Fv2%2Fmedia&parent=183576"}],"wp:term":[{"taxonomy":"category","embeddable":true,"href":"http:\/\/vertienteglobal.com\/index.php?rest_route=%2Fwp%2Fv2%2Fcategories&post=183576"},{"taxonomy":"post_tag","embeddable":true,"href":"http:\/\/vertienteglobal.com\/index.php?rest_route=%2Fwp%2Fv2%2Ftags&post=183576"}],"curies":[{"name":"wp","href":"https:\/\/api.w.org\/{rel}","templated":true}]}}