{"id":183345,"date":"2021-07-02T20:24:51","date_gmt":"2021-07-03T01:24:51","guid":{"rendered":"http:\/\/vertienteglobal.com\/?p=183345"},"modified":"2021-07-03T02:00:21","modified_gmt":"2021-07-03T07:00:21","slug":"continuaran-las-lluvias-intensas-en-zonas-de-colima-guerrero-jalisco-y-michoacan","status":"publish","type":"post","link":"http:\/\/vertienteglobal.com\/?p=183345","title":{"rendered":"Continuar\u00e1n las lluvias intensas en zonas de Colima, Guerrero, Jalisco y Michoac\u00e1n"},"content":{"rendered":"\n<div class=\"twitterbutton\" style=\"float: right; padding-left: 5px;\"><a href=\"http:\/\/twitter.com\/share\" class=\"twitter-share-button\" data-count=\"horizontal\" data-text=\"Continuar\u00e1n las lluvias intensas en zonas de Colima, Guerrero, Jalisco y Michoa...\" data-via=\"https:\/\/twitter.com\/VertienteGloba1\" data-url=\"http:\/\/vertienteglobal.com\/?p=183345\" data-lang=\"es\" data-related=\"Informaci\u00f3n general:S\u00edguenos para que est\u00e9ss informado\"><\/a><\/div>\n<figure class=\"wp-block-image size-large\"><img loading=\"lazy\" decoding=\"async\" width=\"960\" height=\"720\" src=\"http:\/\/vertienteglobal.com\/wp-content\/uploads\/2021\/07\/20210703_015920.jpg\" alt=\"\" class=\"wp-image-183346\" srcset=\"http:\/\/vertienteglobal.com\/wp-content\/uploads\/2021\/07\/20210703_015920.jpg 960w, http:\/\/vertienteglobal.com\/wp-content\/uploads\/2021\/07\/20210703_015920-300x225.jpg 300w, http:\/\/vertienteglobal.com\/wp-content\/uploads\/2021\/07\/20210703_015920-150x113.jpg 150w, http:\/\/vertienteglobal.com\/wp-content\/uploads\/2021\/07\/20210703_015920-768x576.jpg 768w\" sizes=\"auto, (max-width: 960px) 100vw, 960px\" \/><\/figure>\n\n\n\n<p>(Redacci\u00f3n)<\/p>\n\n\n\n<p>Para ma\u00f1ana, s\u00e1bado, se pronostican lluvias intensas en Sonora<\/p>\n\n\n\n<p>Ciudad de M\u00e9xico a 02 de julio de 2021.- Durante la noche de hoy y la madrugada de ma\u00f1ana, s\u00e1bado, la Onda Tropical N\u00famero 6 se ubicar\u00e1 al sur de Jalisco y, en combinaci\u00f3n con un canal de baja presi\u00f3n sobre el occidente del pa\u00eds, originar\u00e1 lluvias puntuales intensas (de 75.1 a 150 mil\u00edmetros [mm]) en regiones de Colima, Guerrero, Jalisco y Michoac\u00e1n, y muy fuertes (de 50.1 a 75 mm) en Nayarit.\u00a0<\/p>\n\n\n\n<p>Asimismo, canales de baja presi\u00f3n ubicados en el suroeste del Golfo de M\u00e9xico, el noroeste y el centro de M\u00e9xico, as\u00ed como la Onda Tropical N\u00famero 7, que se desplazar\u00e1 sobre el sureste de M\u00e9xico, producir\u00e1n lluvias muy fuertes en Chihuahua, Ciudad de M\u00e9xico, Estado de M\u00e9xico y Sonora, y fu,ertes (de 25.1 a 50 mm) en Durango, Hidalgo, Sinaloa y Tlaxcala. Las precipitaciones ser\u00e1n con descargas el\u00e9ctricas, vientos fuertes y posible granizo en zonas de tormenta.<\/p>\n\n\n\n<p>Las precipitaciones podr\u00edan provocar deslaves, incremento en los niveles de r\u00edos y arroyos, y desbordamientos e inundaciones en zonas bajas, por lo que se exhorta a la poblaci\u00f3n de los estados mencionados y a la navegaci\u00f3n mar\u00edtima a atender los avisos del Servicio Meteorol\u00f3gico Nacional (SMN) de la Comisi\u00f3n Nacional del Agua (Conagua) y seguir las indicaciones de las autoridades estatales, municipales y de Protecci\u00f3n Civil.<\/p>\n\n\n\n<p>En el Oc\u00e9ano Atl\u00e1ntico, se vigila al hurac\u00e1n Elsa, categor\u00eda 1 en la escala de Saffir-Simpson, que esta ma\u00f1ana se localiz\u00f3 aproximadamente a dos mil 850 kil\u00f3metros al este-sureste de las costas de Canc\u00fan, Quintana Roo. Debido a su lejan\u00eda, por el momento no representa riesgo para costas mexicanas.&nbsp;<\/p>\n\n\n\n<p><strong>Pron\u00f3stico para ma\u00f1ana<\/strong><\/p>\n\n\n\n<p>Se pronostican lluvias intensas en Sonora; muy fuertes Chihuahua, Colima, Durango, Jalisco, Michoac\u00e1n, Nayarit, Oaxaca, Puebla, Sinaloa y Veracruz; puntuales fuertes en Chiapas, Ciudad de M\u00e9xico, Estado de M\u00e9xico, Guanajuato, Guerrero, Hidalgo, Morelos, Quer\u00e9taro y Tlaxcala; chubascos (de 5.1 a 25.0 mm) en Aguascalientes, Nuevo Le\u00f3n, Quintana Roo, San Luis Potos\u00ed, Tabasco, Tamaulipas, y Zacatecas, as\u00ed como lluvias aisladas (de 0.1 a 5.0 mm) en Baja California, Baja California Sur, Campeche, Coahuila y Yucat\u00e1n.<\/p>\n\n\n\n<p>Viento con rachas de 50 a 60 kil\u00f3metros por hora (km\/h), se estiman en Chihuahua, Coahuila, Nuevo Le\u00f3n, Sonora y Tamaulipas.<\/p>\n\n\n\n<p>Las condiciones descritas ser\u00e1n generadas por la Onda Tropical N\u00famero 7, que se desplazar\u00e1 lentamente sobre Oaxaca e interaccionar\u00e1 con un canal de baja presi\u00f3n sobre el oriente de M\u00e9xico, canales de baja presi\u00f3n que se extienden en el interior de la Rep\u00fablica Mexicana, inestabilidad en la atm\u00f3sfera superior y la entrada de humedad de los oc\u00e9anos.<\/p>\n\n\n\n<p>En las primeras horas del s\u00e1bado, se estiman temperaturas m\u00ednimas de 0 a 5 grados Celsius en zonas elevadas del Estado de M\u00e9xico, Puebla y Tlaxcala.<\/p>\n\n\n\n<p>Durante la tarde, se pronostican temperaturas m\u00e1ximas de 40 a 45 grados Celsius en Baja California y Sonora, y de 35 a 40 grados Celsius en Baja California Sur, Chihuahua, Coahuila, Nuevo Le\u00f3n y Tamaulipas.<\/p>\n\n\n\n<p>Se exhorta a la poblaci\u00f3n a mantenerse informada sobre las condiciones meteorol\u00f3gicas mediante las p\u00e1ginas de internet www.gob.mx\/conagua y&nbsp;<a href=\"https:\/\/smn.conagua.gob.mx\/\" target=\"_blank\" rel=\"noreferrer noopener\">https:\/\/smn.conagua.gob.mx<\/a>, en las cuentas de Twitter @conagua_mx y @conagua_clima, y de Facebook www.facebook.com\/conaguamx, as\u00ed como en la aplicaci\u00f3n para dispositivos m\u00f3viles ConaguaClima, donde se puede consultar el pron\u00f3stico por municipio.<\/p>\n\n\n\n<p>El pron\u00f3stico meteorol\u00f3gico especial para zonas donde se ubican hospitales que atienden COVID-19 se encuentra disponible en el enlace&nbsp;<a href=\"https:\/\/smn.conagua.gob.mx\/es\/pronostico-meteorologico-covid-19\" target=\"_blank\" rel=\"noreferrer noopener\">https:\/\/smn.conagua.gob.mx\/es\/pronostico-meteorologico-covid-19<\/a>.<\/p>\n","protected":false},"excerpt":{"rendered":"<p>(Redacci\u00f3n) Para ma\u00f1ana, s\u00e1bado, se pronostican lluvias intensas en Sonora Ciudad de M\u00e9xico a 02 de julio de 2021.- Durante la noche de hoy y la madrugada de ma\u00f1ana, s\u00e1bado, la Onda Tropical N\u00famero 6 se ubicar\u00e1 al sur de Jalisco y, en combinaci\u00f3n con un canal de baja presi\u00f3n sobre el occidente del pa\u00eds, [&hellip;]<\/p>\n","protected":false},"author":6,"featured_media":183346,"comment_status":"open","ping_status":"open","sticky":false,"template":"","format":"standard","meta":{"footnotes":""},"categories":[8],"tags":[],"class_list":["post-183345","post","type-post","status-publish","format-standard","has-post-thumbnail","hentry","category-pais","entry","has-media"],"jetpack_featured_media_url":"http:\/\/vertienteglobal.com\/wp-content\/uploads\/2021\/07\/20210703_015920.jpg","_links":{"self":[{"href":"http:\/\/vertienteglobal.com\/index.php?rest_route=\/wp\/v2\/posts\/183345","targetHints":{"allow":["GET"]}}],"collection":[{"href":"http:\/\/vertienteglobal.com\/index.php?rest_route=\/wp\/v2\/posts"}],"about":[{"href":"http:\/\/vertienteglobal.com\/index.php?rest_route=\/wp\/v2\/types\/post"}],"author":[{"embeddable":true,"href":"http:\/\/vertienteglobal.com\/index.php?rest_route=\/wp\/v2\/users\/6"}],"replies":[{"embeddable":true,"href":"http:\/\/vertienteglobal.com\/index.php?rest_route=%2Fwp%2Fv2%2Fcomments&post=183345"}],"version-history":[{"count":0,"href":"http:\/\/vertienteglobal.com\/index.php?rest_route=\/wp\/v2\/posts\/183345\/revisions"}],"wp:featuredmedia":[{"embeddable":true,"href":"http:\/\/vertienteglobal.com\/index.php?rest_route=\/wp\/v2\/media\/183346"}],"wp:attachment":[{"href":"http:\/\/vertienteglobal.com\/index.php?rest_route=%2Fwp%2Fv2%2Fmedia&parent=183345"}],"wp:term":[{"taxonomy":"category","embeddable":true,"href":"http:\/\/vertienteglobal.com\/index.php?rest_route=%2Fwp%2Fv2%2Fcategories&post=183345"},{"taxonomy":"post_tag","embeddable":true,"href":"http:\/\/vertienteglobal.com\/index.php?rest_route=%2Fwp%2Fv2%2Ftags&post=183345"}],"curies":[{"name":"wp","href":"https:\/\/api.w.org\/{rel}","templated":true}]}}