{"id":183133,"date":"2021-06-29T19:49:37","date_gmt":"2021-06-30T00:49:37","guid":{"rendered":"http:\/\/vertienteglobal.com\/?p=183133"},"modified":"2021-06-30T01:59:01","modified_gmt":"2021-06-30T06:59:01","slug":"cancun-se-coloca-a-la-vanguardia-con-39-distintivos-blue-flag","status":"publish","type":"post","link":"http:\/\/vertienteglobal.com\/?p=183133","title":{"rendered":"Canc\u00fan se coloca a la vanguardia con 39 distintivos Blue Flag"},"content":{"rendered":"\n<div class=\"twitterbutton\" style=\"float: right; padding-left: 5px;\"><a href=\"http:\/\/twitter.com\/share\" class=\"twitter-share-button\" data-count=\"horizontal\" data-text=\"Canc\u00fan se coloca a la vanguardia con 39 distintivos Blue Flag\" data-via=\"https:\/\/twitter.com\/VertienteGloba1\" data-url=\"http:\/\/vertienteglobal.com\/?p=183133\" data-lang=\"es\" data-related=\"Informaci\u00f3n general:S\u00edguenos para que est\u00e9ss informado\"><\/a><\/div>\n<figure class=\"wp-block-image size-large\"><img loading=\"lazy\" decoding=\"async\" width=\"1024\" height=\"651\" src=\"http:\/\/vertienteglobal.com\/wp-content\/uploads\/2021\/06\/01_COMUNICADO-2966_CANCUN-SE-COLOCA-A-LA-VANGUARDIA-CON-39-DISTINTIVOS-BLUE-FLAG-scaled-1-1024x651.jpeg\" alt=\"\" class=\"wp-image-183134\" srcset=\"http:\/\/vertienteglobal.com\/wp-content\/uploads\/2021\/06\/01_COMUNICADO-2966_CANCUN-SE-COLOCA-A-LA-VANGUARDIA-CON-39-DISTINTIVOS-BLUE-FLAG-scaled-1-1024x651.jpeg 1024w, http:\/\/vertienteglobal.com\/wp-content\/uploads\/2021\/06\/01_COMUNICADO-2966_CANCUN-SE-COLOCA-A-LA-VANGUARDIA-CON-39-DISTINTIVOS-BLUE-FLAG-scaled-1-300x191.jpeg 300w, http:\/\/vertienteglobal.com\/wp-content\/uploads\/2021\/06\/01_COMUNICADO-2966_CANCUN-SE-COLOCA-A-LA-VANGUARDIA-CON-39-DISTINTIVOS-BLUE-FLAG-scaled-1-150x95.jpeg 150w, http:\/\/vertienteglobal.com\/wp-content\/uploads\/2021\/06\/01_COMUNICADO-2966_CANCUN-SE-COLOCA-A-LA-VANGUARDIA-CON-39-DISTINTIVOS-BLUE-FLAG-scaled-1-768x488.jpeg 768w, http:\/\/vertienteglobal.com\/wp-content\/uploads\/2021\/06\/01_COMUNICADO-2966_CANCUN-SE-COLOCA-A-LA-VANGUARDIA-CON-39-DISTINTIVOS-BLUE-FLAG-scaled-1-1536x977.jpeg 1536w, http:\/\/vertienteglobal.com\/wp-content\/uploads\/2021\/06\/01_COMUNICADO-2966_CANCUN-SE-COLOCA-A-LA-VANGUARDIA-CON-39-DISTINTIVOS-BLUE-FLAG-scaled-1.jpeg 1700w\" sizes=\"auto, (max-width: 1024px) 100vw, 1024px\" \/><\/figure>\n\n\n\n<p>(Redacci\u00f3n)<\/p>\n\n\n\n<p>Mara Lezama subray\u00f3 que se seguir\u00e1 trabajando en crear y construir un mejor Canc\u00fan para los pr\u00f3ximos 50 a\u00f1os, ya que no solamente se tiene el privilegio de ser uno de los destinos m\u00e1s hermosos del mundo, sino posee una alta calidad en oferta tur\u00edstica y servicio<\/p>\n\n\n\n<p>Canc\u00fan, Quintana Roo, a 29 de junio de 2021.- \u201cHoy somos el primer municipio a nivel nacional en izar un total de 39 distintivos Blue Flag en la temporada 2021-2022, con lo cual nos mantenemos en la primera posici\u00f3n de M\u00e9xico en estas certificaciones y en embarcaciones de turismo sostenible\u201d, manifest\u00f3 la Presidente Municipal Mara Lezama, al recibir las respectivas banderas azules por parte de la Fundaci\u00f3n Europea de Educaci\u00f3n Ambiental (FEE).<\/p>\n\n\n\n<p>En el evento realizado en Playa Las Perlas, Mara Lezama subray\u00f3 que se seguir\u00e1 trabajando en crear y construir un mejor Canc\u00fan para los pr\u00f3ximos 50 a\u00f1os, ya que no solamente se tiene el privilegio de ser uno de los destinos m\u00e1s hermosos del mundo, sino posee una alta calidad en oferta tur\u00edstica y servicio.<\/p>\n\n\n\n<p>\u201cQueremos un Canc\u00fan de pie, activo, creativo, colaborativo y con las puertas abiertas, que ofrece calidez, cultura, seguridad y confianza para sus visitantes. El futuro es avanzar hacia la transformaci\u00f3n que genere prosperidad compartida, para que el bienestar sea para todas y todos los benitojuarenses\u201d, expres\u00f3.<\/p>\n\n\n\n<p>Mara Lezama enfatiz\u00f3 que los siete arenales p\u00fablicos condecorados Del Ni\u00f1o, Las Perlas, Chac Mool, Ballenas, Marl\u00edn, Delfines y Coral son las mejores cartas de presentaci\u00f3n para el p\u00fablico en general y a ello se suman los esfuerzos de las tres cadenas hoteleras Live Aqua, Fiesta Americana Condesa e Iberostar Cancun, que tambi\u00e9n acreditaron los criterios de excelencia y vanguardia.<\/p>\n\n\n\n<p>\u201cTambi\u00e9n anunciamos el galard\u00f3n para 29 embarcaciones de servicio tur\u00edstico Canc\u00fan Sailing, cuatro m\u00e1s que en el a\u00f1o anterior. Estos reconocimientos que hoy recibimos son el resultado de un trabajo colectivo entre los sectores p\u00fablico y privado, que tambi\u00e9n nos ha permitido sortear dificultades y fen\u00f3menos naturales, como pandemias, huracanes, tormentas y sargazo\u201d, dijo.<\/p>\n\n\n\n<p>La Presidente Municipal agreg\u00f3 que crecer en el n\u00famero de galardones Blue Flag redobla el compromiso de esta administraci\u00f3n de luchar, defender y mejorar el medio ambiente, ya que no se puede pensar en Canc\u00fan, sin imaginar vivir en balance y en armon\u00eda con la naturaleza, por lo que se promover\u00e1 la convivencia respetuosa de las personas con su entorno.<\/p>\n\n\n\n<p>\u201cA trav\u00e9s de la Zona Federal Mar\u00edtimo Terrestre (Zofemat), buscamos promover, convocar y apoyar a un grupo de entusiastas artistas pl\u00e1sticos locales quienes, con sus creaciones de murales vistosos y educativos, nos ayudan a estimular la reflexi\u00f3n en nuestros habitantes y los visitantes a sumarse al cuidado de la ecolog\u00eda\u201d, destac\u00f3.<\/p>\n\n\n\n<p>Al respecto, antes de entregar los certificados y la bandera Blue Flag, el director ejecutivo de la FEE M\u00e9xico, Joaqu\u00edn D\u00edaz R\u00edos se\u00f1al\u00f3: \u201cEl d\u00eda de hoy iniciamos la temporada 2021-2022 de Blue Flag en el pa\u00eds y lo hacemos en Canc\u00fan porque esta es la capital de Blue Flag en el pa\u00eds. Quiero felicitar el trabajo de todos porque es un trabajo en conjunto, pero insisto, sin liderazgo, no se puede lograr\u201d.<\/p>\n\n\n\n<p>La Presidente Municipal Mara Lezama, hizo entrega simb\u00f3lica de reconocimientos a los muralistas que plasmaron en las playas p\u00fablicas obras con mensajes de conciencia ambiental que podr\u00e1n contemplar tanto locales como turistas y, posteriormente, se realiz\u00f3 el izamiento de bandera Blue Flag, acto con el que se dio inicio a la temporada 2021-2022.<\/p>\n","protected":false},"excerpt":{"rendered":"<p>(Redacci\u00f3n) Mara Lezama subray\u00f3 que se seguir\u00e1 trabajando en crear y construir un mejor Canc\u00fan para los pr\u00f3ximos 50 a\u00f1os, ya que no solamente se tiene el privilegio de ser uno de los destinos m\u00e1s hermosos del mundo, sino posee una alta calidad en oferta tur\u00edstica y servicio Canc\u00fan, Quintana Roo, a 29 de junio [&hellip;]<\/p>\n","protected":false},"author":1,"featured_media":183134,"comment_status":"open","ping_status":"open","sticky":false,"template":"","format":"standard","meta":{"footnotes":""},"categories":[3],"tags":[],"class_list":["post-183133","post","type-post","status-publish","format-standard","has-post-thumbnail","hentry","category-quintana-roo","entry","has-media"],"jetpack_featured_media_url":"http:\/\/vertienteglobal.com\/wp-content\/uploads\/2021\/06\/01_COMUNICADO-2966_CANCUN-SE-COLOCA-A-LA-VANGUARDIA-CON-39-DISTINTIVOS-BLUE-FLAG-scaled-1.jpeg","_links":{"self":[{"href":"http:\/\/vertienteglobal.com\/index.php?rest_route=\/wp\/v2\/posts\/183133","targetHints":{"allow":["GET"]}}],"collection":[{"href":"http:\/\/vertienteglobal.com\/index.php?rest_route=\/wp\/v2\/posts"}],"about":[{"href":"http:\/\/vertienteglobal.com\/index.php?rest_route=\/wp\/v2\/types\/post"}],"author":[{"embeddable":true,"href":"http:\/\/vertienteglobal.com\/index.php?rest_route=\/wp\/v2\/users\/1"}],"replies":[{"embeddable":true,"href":"http:\/\/vertienteglobal.com\/index.php?rest_route=%2Fwp%2Fv2%2Fcomments&post=183133"}],"version-history":[{"count":0,"href":"http:\/\/vertienteglobal.com\/index.php?rest_route=\/wp\/v2\/posts\/183133\/revisions"}],"wp:featuredmedia":[{"embeddable":true,"href":"http:\/\/vertienteglobal.com\/index.php?rest_route=\/wp\/v2\/media\/183134"}],"wp:attachment":[{"href":"http:\/\/vertienteglobal.com\/index.php?rest_route=%2Fwp%2Fv2%2Fmedia&parent=183133"}],"wp:term":[{"taxonomy":"category","embeddable":true,"href":"http:\/\/vertienteglobal.com\/index.php?rest_route=%2Fwp%2Fv2%2Fcategories&post=183133"},{"taxonomy":"post_tag","embeddable":true,"href":"http:\/\/vertienteglobal.com\/index.php?rest_route=%2Fwp%2Fv2%2Ftags&post=183133"}],"curies":[{"name":"wp","href":"https:\/\/api.w.org\/{rel}","templated":true}]}}