{"id":183106,"date":"2021-06-29T12:50:15","date_gmt":"2021-06-29T17:50:15","guid":{"rendered":"http:\/\/vertienteglobal.com\/?p=183106"},"modified":"2021-06-30T01:17:58","modified_gmt":"2021-06-30T06:17:58","slug":"80-quiere-enviar-a-las-clases-solo-con-vacuna-percepcion-sobre-regreso-presencial","status":"publish","type":"post","link":"http:\/\/vertienteglobal.com\/?p=183106","title":{"rendered":"80% quiere enviar a las clases s\u00f3lo con vacuna; percepci\u00f3n sobre regreso presencial"},"content":{"rendered":"\n<div class=\"twitterbutton\" style=\"float: right; padding-left: 5px;\"><a href=\"http:\/\/twitter.com\/share\" class=\"twitter-share-button\" data-count=\"horizontal\" data-text=\"80% quiere enviar a las clases s\u00f3lo con vacuna; percepci\u00f3n sobre regreso prese...\" data-via=\"https:\/\/twitter.com\/VertienteGloba1\" data-url=\"http:\/\/vertienteglobal.com\/?p=183106\" data-lang=\"es\" data-related=\"Informaci\u00f3n general:S\u00edguenos para que est\u00e9ss informado\"><\/a><\/div>\n<figure class=\"wp-block-image size-large\"><img loading=\"lazy\" decoding=\"async\" width=\"660\" height=\"330\" src=\"http:\/\/vertienteglobal.com\/wp-content\/uploads\/2021\/06\/2602953-660x330-1.jpg\" alt=\"\" class=\"wp-image-183107\" srcset=\"http:\/\/vertienteglobal.com\/wp-content\/uploads\/2021\/06\/2602953-660x330-1.jpg 660w, http:\/\/vertienteglobal.com\/wp-content\/uploads\/2021\/06\/2602953-660x330-1-300x150.jpg 300w, http:\/\/vertienteglobal.com\/wp-content\/uploads\/2021\/06\/2602953-660x330-1-150x75.jpg 150w\" sizes=\"auto, (max-width: 660px) 100vw, 660px\" \/><\/figure>\n\n\n\n<p>(Redacci\u00f3n)<\/p>\n\n\n\n<p><em><strong>Estudio de la UVM revela que prefieren ir cuando todos tengan inmunizaci\u00f3n, una de las principales preocupaciones es que contagien a un familiar<\/strong><\/em><\/p>\n\n\n\n<p>CiudaddeM\u00e9xico a 29 de junio de 2021.- Ocho de cada diez mexicanos considera que el mejor momento para el regreso a clases presenciales ser\u00eda cuando todos los ni\u00f1os est\u00e9n vacunados, mientras que el resto piensa que es preferible iniciar con las clases aun cuando no hayan recibido la inmunizaci\u00f3n.<\/p>\n\n\n\n<p>Esto, luego de que en el pa\u00eds apenas se autoriz\u00f3 la vacuna para adolescentes de entre de 12 y 17 a\u00f1os y, en el mundo, est\u00e1n en proceso de ensayos cl\u00ednicos para determinar si son seguras para los menores de 12 a\u00f1os.<\/p>\n\n\n\n<p>De acuerdo con el estudio Percepci\u00f3n sobre el regreso a clases presenciales en el contexto de la pandemia, realizado por el Centro de Opini\u00f3n P\u00fablica de la UVM, aunque el regreso voluntario de algunos ni\u00f1os a clases presenciales en la Ciudad de M\u00e9xico apenas dur\u00f3 dos semanas, la disyuntiva sobre el mejor momento para el retorno despierta diversas posturas entre la poblaci\u00f3n.<\/p>\n\n\n\n<p>Seg\u00fan la encuesta, 69% de los participantes considera preocupante que los menores tarden en regresar a clases presenciales, sin embargo, 79% no est\u00e1 de acuerdo con un retorno a las escuelas precipitado.<\/p>\n\n\n\n<p>Ante la opci\u00f3n de que los ni\u00f1os comenzaran a reincorporarse a clases presenciales desde el pasado 7 de junio, 55% de la poblaci\u00f3n estim\u00f3 que no era necesario apresurar este regreso y 45% consideraba que ya deb\u00eda suceder.<\/p>\n\n\n\n<p>Entre las principales inquietudes de los entrevistados est\u00e1 que los ni\u00f1os que asistan a las aulas puedan contagiar a un familiar.<\/p>\n\n\n\n<p>A 58% de los mexicanos les parece muy preocupante y a 29% preocupante que los menores se contagien de covid-19 en la escuela.<\/p>\n\n\n\n<p>Entre otros resultados del estudio destaca que 87% de los mexicanos se muestra de acuerdo en que el regreso presencial sea escalonado, aunque 74% admite que es probable que la rutina familiar se complique con una reincorporaci\u00f3n paulatina y los esquemas alternos.<\/p>\n\n\n\n<p>Para seis de 10 diez encuestados, no es suficiente la vacunaci\u00f3n de maestros y personal educativo para el retorno. El 42% est\u00e1 en desacuerdo y 21% totalmente en desacuerdo.<\/p>\n\n\n\n<p>Respecto a la colaboraci\u00f3n familiar, 66% cree posible que los padres de familia habr\u00e1n educado a sus hijos en el cumplimiento de las medidas preventivas, como el uso de cubrebocas, gel y aseo de manos para estar en la escuela.<\/p>\n\n\n\n<p>Acad\u00e9micos de la UNAM advirtieron que la econom\u00eda mexicana en este a\u00f1o no se est\u00e1 recuperando tras las crisis provocada por la pandemia de covid-19.<\/p>\n\n\n\n<p>\u201cAunque para este a\u00f1o pensamos en un crecimiento de 5% del PIB despu\u00e9s de una ca\u00edda de 8%; a\u00fan es una inc\u00f3gnita si la recuperaci\u00f3n ser\u00e1 de ese tama\u00f1o. Observamos que la actividad econ\u00f3mica est\u00e1 lejos de lo que era el a\u00f1o pasado, nadie sabe qu\u00e9 nos depara el futuro ni cu\u00e1l ser\u00e1 el desempe\u00f1o de la econom\u00eda mexicana y si a partir de ese incremento ser\u00e1 posible mantener un crecimiento alto\u201d, explic\u00f3 Moritz Cruz, acad\u00e9mico del Instituto de Investigaciones Econ\u00f3micas.<\/p>\n\n\n\n<p>En la mesa redonda Rebote o recuperaci\u00f3n de la econom\u00eda mexicana se\u00f1al\u00f3 que, despu\u00e9s de una contracci\u00f3n del PIB hay un rebote en la econom\u00eda que podr\u00eda suceder por circunstancias como la pol\u00edtica que se implementa, escenarios externos, pero tambi\u00e9n con la forma en que Estados Unidos responde a la crisis.<\/p>\n\n\n\n<p>Destac\u00f3 que, lo que se ha observado durante las ca\u00eddas m\u00e1s profundas de la econom\u00eda mexicana, desde la d\u00e9cada de 1980, es un rebote en la misma proporci\u00f3n, aunque en general, es normal ver estos procesos despu\u00e9s de ca\u00eddas profundas como la ocurrida en 2020 por la pandemia.<\/p>\n\n\n\n<p>Jos\u00e9 de Jes\u00fas Rodr\u00edguez Vargas, acad\u00e9mico de la Facultad de Econom\u00eda, detall\u00f3 que el periodo de crisis por la pandemia produjo en 2020 la ca\u00edda casi vertical, de 8.5% del PIB y en el presente a\u00f1o se registra aumento de la econom\u00eda que genera rebote y no una recuperaci\u00f3n. (Informaci\u00f3n Excelsior)<\/p>\n","protected":false},"excerpt":{"rendered":"<p>(Redacci\u00f3n) Estudio de la UVM revela que prefieren ir cuando todos tengan inmunizaci\u00f3n, una de las principales preocupaciones es que contagien a un familiar CiudaddeM\u00e9xico a 29 de junio de 2021.- Ocho de cada diez mexicanos considera que el mejor momento para el regreso a clases presenciales ser\u00eda cuando todos los ni\u00f1os est\u00e9n vacunados, mientras [&hellip;]<\/p>\n","protected":false},"author":1,"featured_media":183107,"comment_status":"open","ping_status":"open","sticky":false,"template":"","format":"standard","meta":{"footnotes":""},"categories":[9,8],"tags":[],"class_list":["post-183106","post","type-post","status-publish","format-standard","has-post-thumbnail","hentry","category-educacion","category-pais","entry","has-media"],"jetpack_featured_media_url":"http:\/\/vertienteglobal.com\/wp-content\/uploads\/2021\/06\/2602953-660x330-1.jpg","_links":{"self":[{"href":"http:\/\/vertienteglobal.com\/index.php?rest_route=\/wp\/v2\/posts\/183106","targetHints":{"allow":["GET"]}}],"collection":[{"href":"http:\/\/vertienteglobal.com\/index.php?rest_route=\/wp\/v2\/posts"}],"about":[{"href":"http:\/\/vertienteglobal.com\/index.php?rest_route=\/wp\/v2\/types\/post"}],"author":[{"embeddable":true,"href":"http:\/\/vertienteglobal.com\/index.php?rest_route=\/wp\/v2\/users\/1"}],"replies":[{"embeddable":true,"href":"http:\/\/vertienteglobal.com\/index.php?rest_route=%2Fwp%2Fv2%2Fcomments&post=183106"}],"version-history":[{"count":0,"href":"http:\/\/vertienteglobal.com\/index.php?rest_route=\/wp\/v2\/posts\/183106\/revisions"}],"wp:featuredmedia":[{"embeddable":true,"href":"http:\/\/vertienteglobal.com\/index.php?rest_route=\/wp\/v2\/media\/183107"}],"wp:attachment":[{"href":"http:\/\/vertienteglobal.com\/index.php?rest_route=%2Fwp%2Fv2%2Fmedia&parent=183106"}],"wp:term":[{"taxonomy":"category","embeddable":true,"href":"http:\/\/vertienteglobal.com\/index.php?rest_route=%2Fwp%2Fv2%2Fcategories&post=183106"},{"taxonomy":"post_tag","embeddable":true,"href":"http:\/\/vertienteglobal.com\/index.php?rest_route=%2Fwp%2Fv2%2Ftags&post=183106"}],"curies":[{"name":"wp","href":"https:\/\/api.w.org\/{rel}","templated":true}]}}