{"id":183069,"date":"2021-06-28T13:49:00","date_gmt":"2021-06-28T18:49:00","guid":{"rendered":"http:\/\/vertienteglobal.com\/?p=183069"},"modified":"2021-06-28T23:13:39","modified_gmt":"2021-06-29T04:13:39","slug":"queretaro-liquida-el-total-de-su-deuda-publica-anuncia-francisco-dominguez","status":"publish","type":"post","link":"http:\/\/vertienteglobal.com\/?p=183069","title":{"rendered":"Quer\u00e9taro l\u00edquida el total de su deuda p\u00fablica, anuncia Francisco Dom\u00ednguez"},"content":{"rendered":"\n<div class=\"twitterbutton\" style=\"float: right; padding-left: 5px;\"><a href=\"http:\/\/twitter.com\/share\" class=\"twitter-share-button\" data-count=\"horizontal\" data-text=\"Quer\u00e9taro l\u00edquida el total de su deuda p\u00fablica, anuncia Francisco Dom\u00ednguez\" data-via=\"https:\/\/twitter.com\/VertienteGloba1\" data-url=\"http:\/\/vertienteglobal.com\/?p=183069\" data-lang=\"es\" data-related=\"Informaci\u00f3n general:S\u00edguenos para que est\u00e9ss informado\"><\/a><\/div>\n<figure class=\"wp-block-image size-large\"><img loading=\"lazy\" decoding=\"async\" width=\"1024\" height=\"576\" src=\"http:\/\/vertienteglobal.com\/wp-content\/uploads\/2021\/06\/147704.jpg\" alt=\"\" class=\"wp-image-183070\" srcset=\"http:\/\/vertienteglobal.com\/wp-content\/uploads\/2021\/06\/147704.jpg 1024w, http:\/\/vertienteglobal.com\/wp-content\/uploads\/2021\/06\/147704-300x169.jpg 300w, http:\/\/vertienteglobal.com\/wp-content\/uploads\/2021\/06\/147704-150x84.jpg 150w, http:\/\/vertienteglobal.com\/wp-content\/uploads\/2021\/06\/147704-768x432.jpg 768w\" sizes=\"auto, (max-width: 1024px) 100vw, 1024px\" \/><\/figure>\n\n\n\n<p>(Redacci\u00f3n)<\/p>\n\n\n\n<p>Result\u00f3 que su estado ser\u00e1 una de las dos \u00fanicas entidades federativas del pa\u00eds, junto con Tlaxcala, con \u2018deuda cero\u2019 bancaria y adelant\u00f3 que al cierre de su gobierno tambi\u00e9n estar\u00e1 saldada en su totalidad la deuda con proveedores<\/p>\n\n\n\n<p>Queretaro, Queretaro, a 28 de junio de 2021.- El gobernador de Quer\u00e9taro, Francisco Dom\u00ednguez Servi\u00e9n, anunci\u00f3 que su administraci\u00f3n que concluir\u00e1 el 30 de septiembre, entregar\u00e1 finanzas p\u00fablicas sanas y tambi\u00e9n un estado sin pasivos bancarios, debido a que se termin\u00f3 de pagar el 100% de la deuda por mil 144 millones de pesos, heredada por el gobierno anterior.<\/p>\n\n\n\n<p>Y es que en un mensaje dirigido al pueblo queretano, expuso que su estado ser\u00e1 una de las dos \u00fanicas entidades federativas del pa\u00eds, junto con Tlaxcala, con \u2018deuda cero\u2019 bancaria y adelant\u00f3 que al cierre de su gobierno tambi\u00e9n estar\u00e1 saldada en su totalidad la deuda con proveedores.<\/p>\n\n\n\n<p>\u2018Lo hicimos sin detener el gasto en obras y acciones; lo hicimos asegurando cada peso requerido para la reconversi\u00f3n hospitalaria y cada una de las etapas de la pandemia, sin contratar deuda p\u00fablica adicional y sin subir un solo peso de impuestos\u2019, afirm\u00f3.<\/p>\n\n\n\n<p>El mandatario estatal record\u00f3 que al inicio de su gesti\u00f3n se comprometi\u00f3 con la visi\u00f3n de crecer pensando en las generaciones del ma\u00f1ana. (Fuente: El Universal)<\/p>\n","protected":false},"excerpt":{"rendered":"<p>(Redacci\u00f3n) Result\u00f3 que su estado ser\u00e1 una de las dos \u00fanicas entidades federativas del pa\u00eds, junto con Tlaxcala, con \u2018deuda cero\u2019 bancaria y adelant\u00f3 que al cierre de su gobierno tambi\u00e9n estar\u00e1 saldada en su totalidad la deuda con proveedores Queretaro, Queretaro, a 28 de junio de 2021.- El gobernador de Quer\u00e9taro, Francisco Dom\u00ednguez Servi\u00e9n, [&hellip;]<\/p>\n","protected":false},"author":1,"featured_media":183072,"comment_status":"open","ping_status":"open","sticky":false,"template":"","format":"standard","meta":{"footnotes":""},"categories":[8],"tags":[],"class_list":["post-183069","post","type-post","status-publish","format-standard","has-post-thumbnail","hentry","category-pais","entry","has-media"],"jetpack_featured_media_url":"http:\/\/vertienteglobal.com\/wp-content\/uploads\/2021\/06\/147704-1.jpg","_links":{"self":[{"href":"http:\/\/vertienteglobal.com\/index.php?rest_route=\/wp\/v2\/posts\/183069","targetHints":{"allow":["GET"]}}],"collection":[{"href":"http:\/\/vertienteglobal.com\/index.php?rest_route=\/wp\/v2\/posts"}],"about":[{"href":"http:\/\/vertienteglobal.com\/index.php?rest_route=\/wp\/v2\/types\/post"}],"author":[{"embeddable":true,"href":"http:\/\/vertienteglobal.com\/index.php?rest_route=\/wp\/v2\/users\/1"}],"replies":[{"embeddable":true,"href":"http:\/\/vertienteglobal.com\/index.php?rest_route=%2Fwp%2Fv2%2Fcomments&post=183069"}],"version-history":[{"count":0,"href":"http:\/\/vertienteglobal.com\/index.php?rest_route=\/wp\/v2\/posts\/183069\/revisions"}],"wp:featuredmedia":[{"embeddable":true,"href":"http:\/\/vertienteglobal.com\/index.php?rest_route=\/wp\/v2\/media\/183072"}],"wp:attachment":[{"href":"http:\/\/vertienteglobal.com\/index.php?rest_route=%2Fwp%2Fv2%2Fmedia&parent=183069"}],"wp:term":[{"taxonomy":"category","embeddable":true,"href":"http:\/\/vertienteglobal.com\/index.php?rest_route=%2Fwp%2Fv2%2Fcategories&post=183069"},{"taxonomy":"post_tag","embeddable":true,"href":"http:\/\/vertienteglobal.com\/index.php?rest_route=%2Fwp%2Fv2%2Ftags&post=183069"}],"curies":[{"name":"wp","href":"https:\/\/api.w.org\/{rel}","templated":true}]}}