{"id":182963,"date":"2021-06-27T11:48:00","date_gmt":"2021-06-27T16:48:00","guid":{"rendered":"http:\/\/vertienteglobal.com\/?p=182963"},"modified":"2021-06-27T18:52:04","modified_gmt":"2021-06-27T23:52:04","slug":"el-proximo-martes-inicia-vacunacion-contra-covid19-para-30-39-en-cancun","status":"publish","type":"post","link":"http:\/\/vertienteglobal.com\/?p=182963","title":{"rendered":"El pr\u00f3ximo martes inicia vacunaci\u00f3n contra COVID19 para 30-39 en Canc\u00fan"},"content":{"rendered":"\n<div class=\"twitterbutton\" style=\"float: right; padding-left: 5px;\"><a href=\"http:\/\/twitter.com\/share\" class=\"twitter-share-button\" data-count=\"horizontal\" data-text=\"El pr\u00f3ximo martes inicia vacunaci\u00f3n contra COVID19 para 30-39 en Canc\u00fan\" data-via=\"https:\/\/twitter.com\/VertienteGloba1\" data-url=\"http:\/\/vertienteglobal.com\/?p=182963\" data-lang=\"es\" data-related=\"Informaci\u00f3n general:S\u00edguenos para que est\u00e9ss informado\"><\/a><\/div>\n<figure class=\"wp-block-image size-large\"><img loading=\"lazy\" decoding=\"async\" width=\"742\" height=\"960\" src=\"http:\/\/vertienteglobal.com\/wp-content\/uploads\/2021\/06\/IMG-20210626-WA0036.jpg\" alt=\"\" class=\"wp-image-182964\" srcset=\"http:\/\/vertienteglobal.com\/wp-content\/uploads\/2021\/06\/IMG-20210626-WA0036.jpg 742w, http:\/\/vertienteglobal.com\/wp-content\/uploads\/2021\/06\/IMG-20210626-WA0036-232x300.jpg 232w, http:\/\/vertienteglobal.com\/wp-content\/uploads\/2021\/06\/IMG-20210626-WA0036-116x150.jpg 116w\" sizes=\"auto, (max-width: 742px) 100vw, 742px\" \/><\/figure>\n\n\n\n<p>(Redacci\u00f3n)<\/p>\n\n\n\n<p>Los m\u00f3dulos de las regiones 94 y 96, el historial general y los domos \u201cJacinto Canek\u201d y \u201cToro Valenzuela\u201d<\/p>\n\n\n\n<p>Canc\u00fan, Quintana Roo a 27 de junio de 2021.- El pr\u00f3ximo martes, 29 de junio, iniciar\u00e1 en esta ciudad la vacunaci\u00f3n contra el COVID-19 para el grupo de 30 a 39 a\u00f1os de edad, con la aplicaci\u00f3n de primeras dosis de AstraZeneca.<\/p>\n\n\n\n<p>Y es que la convocatoria iniciar\u00e1 de acuerdo con base en la primera letra del apellido paterno.<\/p>\n\n\n\n<p>El martes se recibir\u00e1 \u00fanicamente a las iniciales \u201cA\u201d y \u201cB\u201d, mientras que el mi\u00e9rcoles a las \u201cC\u201d y \u201cD\u201d, un d\u00eda despu\u00e9s, el jueves 01 de julio de la \u201cE\u201d a la \u201cH\u201d y el viernes de la \u201cI\u201d a la \u201cM\u201d.<\/p>\n\n\n\n<p>La jornada se suspender\u00e1 el fin de semana, pero se reanudar\u00e1 el lunes 05 de julio para las letras de la \u201cN\u201d a la \u201cQ\u201d, el martes de la \u201cR\u201d a la \u201cS\u201d y mi\u00e9rcoles 07 de julio de la \u201cV\u201d a la \u201cZ\u201d.<\/p>\n\n\n\n<p>Cabe destacar que se habilitar\u00e1n los m\u00f3dulos de las regiones 94 y 96, el historial general y los domos \u201cJacinto Canek\u201d y \u201cToro Valenzuela\u201d.<\/p>\n\n\n\n<figure class=\"wp-block-image size-large\"><img loading=\"lazy\" decoding=\"async\" width=\"742\" height=\"960\" src=\"http:\/\/vertienteglobal.com\/wp-content\/uploads\/2021\/06\/IMG-20210626-WA0035.jpg\" alt=\"\" class=\"wp-image-182965\" srcset=\"http:\/\/vertienteglobal.com\/wp-content\/uploads\/2021\/06\/IMG-20210626-WA0035.jpg 742w, http:\/\/vertienteglobal.com\/wp-content\/uploads\/2021\/06\/IMG-20210626-WA0035-232x300.jpg 232w, http:\/\/vertienteglobal.com\/wp-content\/uploads\/2021\/06\/IMG-20210626-WA0035-116x150.jpg 116w\" sizes=\"auto, (max-width: 742px) 100vw, 742px\" \/><\/figure>\n","protected":false},"excerpt":{"rendered":"<p>(Redacci\u00f3n) Los m\u00f3dulos de las regiones 94 y 96, el historial general y los domos \u201cJacinto Canek\u201d y \u201cToro Valenzuela\u201d Canc\u00fan, Quintana Roo a 27 de junio de 2021.- El pr\u00f3ximo martes, 29 de junio, iniciar\u00e1 en esta ciudad la vacunaci\u00f3n contra el COVID-19 para el grupo de 30 a 39 a\u00f1os de edad, con [&hellip;]<\/p>\n","protected":false},"author":1,"featured_media":182964,"comment_status":"open","ping_status":"open","sticky":false,"template":"","format":"standard","meta":{"footnotes":""},"categories":[3],"tags":[],"class_list":["post-182963","post","type-post","status-publish","format-standard","has-post-thumbnail","hentry","category-quintana-roo","entry","has-media"],"jetpack_featured_media_url":"http:\/\/vertienteglobal.com\/wp-content\/uploads\/2021\/06\/IMG-20210626-WA0036.jpg","_links":{"self":[{"href":"http:\/\/vertienteglobal.com\/index.php?rest_route=\/wp\/v2\/posts\/182963","targetHints":{"allow":["GET"]}}],"collection":[{"href":"http:\/\/vertienteglobal.com\/index.php?rest_route=\/wp\/v2\/posts"}],"about":[{"href":"http:\/\/vertienteglobal.com\/index.php?rest_route=\/wp\/v2\/types\/post"}],"author":[{"embeddable":true,"href":"http:\/\/vertienteglobal.com\/index.php?rest_route=\/wp\/v2\/users\/1"}],"replies":[{"embeddable":true,"href":"http:\/\/vertienteglobal.com\/index.php?rest_route=%2Fwp%2Fv2%2Fcomments&post=182963"}],"version-history":[{"count":0,"href":"http:\/\/vertienteglobal.com\/index.php?rest_route=\/wp\/v2\/posts\/182963\/revisions"}],"wp:featuredmedia":[{"embeddable":true,"href":"http:\/\/vertienteglobal.com\/index.php?rest_route=\/wp\/v2\/media\/182964"}],"wp:attachment":[{"href":"http:\/\/vertienteglobal.com\/index.php?rest_route=%2Fwp%2Fv2%2Fmedia&parent=182963"}],"wp:term":[{"taxonomy":"category","embeddable":true,"href":"http:\/\/vertienteglobal.com\/index.php?rest_route=%2Fwp%2Fv2%2Fcategories&post=182963"},{"taxonomy":"post_tag","embeddable":true,"href":"http:\/\/vertienteglobal.com\/index.php?rest_route=%2Fwp%2Fv2%2Ftags&post=182963"}],"curies":[{"name":"wp","href":"https:\/\/api.w.org\/{rel}","templated":true}]}}