{"id":182920,"date":"2021-06-26T15:34:00","date_gmt":"2021-06-26T20:34:00","guid":{"rendered":"http:\/\/vertienteglobal.com\/?p=182920"},"modified":"2021-06-26T16:18:57","modified_gmt":"2021-06-26T21:18:57","slug":"del-martes-29-de-junio-al-domingo-4-de-julio-se-llevara-a-cabo-en-merida","status":"publish","type":"post","link":"http:\/\/vertienteglobal.com\/?p=182920","title":{"rendered":"Del martes 29 de junio al domingo 4 de julio se llevar\u00e1 a cabo en M\u00e9rida"},"content":{"rendered":"\n<div class=\"twitterbutton\" style=\"float: right; padding-left: 5px;\"><a href=\"http:\/\/twitter.com\/share\" class=\"twitter-share-button\" data-count=\"horizontal\" data-text=\"Del martes 29 de junio al domingo 4 de julio se llevar\u00e1 a cabo en M\u00e9rida\" data-via=\"https:\/\/twitter.com\/VertienteGloba1\" data-url=\"http:\/\/vertienteglobal.com\/?p=182920\" data-lang=\"es\" data-related=\"Informaci\u00f3n general:S\u00edguenos para que est\u00e9ss informado\"><\/a><\/div>\n<figure class=\"wp-block-image size-large\"><img loading=\"lazy\" decoding=\"async\" width=\"660\" height=\"330\" src=\"http:\/\/vertienteglobal.com\/wp-content\/uploads\/2021\/06\/IMG-20210626-WA0035-660x330-1.jpg\" alt=\"\" class=\"wp-image-182921\" srcset=\"http:\/\/vertienteglobal.com\/wp-content\/uploads\/2021\/06\/IMG-20210626-WA0035-660x330-1.jpg 660w, http:\/\/vertienteglobal.com\/wp-content\/uploads\/2021\/06\/IMG-20210626-WA0035-660x330-1-300x150.jpg 300w, http:\/\/vertienteglobal.com\/wp-content\/uploads\/2021\/06\/IMG-20210626-WA0035-660x330-1-150x75.jpg 150w\" sizes=\"auto, (max-width: 660px) 100vw, 660px\" \/><\/figure>\n\n\n\n<p>(Redacci\u00f3n)<\/p>\n\n\n\n<p>la aplicaci\u00f3n de primeras dosis contra el Coronavirus a personas de 30 a 39 a\u00f1os<\/p>\n\n\n\n<p>El Gobierno del Estado, el Ayuntamiento de M\u00e9rida y la Secretar\u00eda de Bienestar informaron que ese proceso se realizar\u00e1 en 2 macrocentros y 6 m\u00f3dulos de vacunaci\u00f3n distribuidos estrat\u00e9gicamente en la ciudad<\/p>\n\n\n\n<p>M\u00e9rida, Yucat\u00e1n, 26 de junio de 2021.- La aplicaci\u00f3n de la primera dosis de la vacuna contra el Coronavirus a las personas de entre 30 y 39 a\u00f1os en M\u00e9rida se realizar\u00e1 del martes 29 de junio al domingo 4 de julio, proceso que se realizar\u00e1 en coordinaci\u00f3n con el Gobierno del Estado, el Ayuntamiento de M\u00e9rida y la Secretar\u00eda de Bienestar.<\/p>\n\n\n\n<p>Las autoridades estatales, federales y municipales informaron que para esta etapa de vacunaci\u00f3n se mantendr\u00e1n los puntos de vacunaci\u00f3n, que son los 2 macrocentros y 6 m\u00f3dulos distribuidos estrat\u00e9gicamente en la ciudad, as\u00ed como el horario de 8:00 de la ma\u00f1ana a 6:00 de la tarde, por lo que invitaron a la poblaci\u00f3n a acudir al centro de vacunaci\u00f3n el d\u00eda que les fue asignado para evitar aglomeraciones y cuidar de la salud de todos.<\/p>\n\n\n\n<p>Hay que se\u00f1alar que, las primeras dosis que se estar\u00e1n aplicando a ese grupo de edad ser\u00e1n de la farmac\u00e9utica AstraZeneca, luego de que este d\u00eda llegaron al estado las vacunas suficientes para cubrir a ese sector de la poblaci\u00f3n.<\/p>\n\n\n\n<p>De acuerdo con lo programado, la aplicaci\u00f3n de la primera dosis a personas de entre 30 y 39 a\u00f1os se llevar\u00e1 a cabo de la siguiente forma:<\/p>\n\n\n\n<p>-Martes 29 de junio se vacunar\u00e1 a los que nacieron en los meses de enero y febrero.<\/p>\n\n\n\n<p>-Mi\u00e9rcoles 30 de junio a los de marzo y abril.<\/p>\n\n\n\n<p>-Jueves 1 de julio a los de mayo y junio.<\/p>\n\n\n\n<p>-Viernes 2 de julio a los que cumplen en julio y agosto.<\/p>\n\n\n\n<p>-S\u00e1bado 3 de julio a los de septiembre y octubre.<\/p>\n\n\n\n<p>-Domingo 4 de julio a los de noviembre y diciembre.<\/p>\n\n\n\n<p>Los espacios habilitados para llevar a cabo esta tarea son:<\/p>\n\n\n\n<p>-El Instituto Tecnol\u00f3gico de M\u00e9rida (ITM).<\/p>\n\n\n\n<p>-Los macrocentros de vacunaci\u00f3n habilitados en el Centro de Convenciones Yucat\u00e1n Siglo XXI y el Multigimansio \u201cSocorro Cer\u00f3n\u201d de la Unidad Deportiva Kukulc\u00e1n.<\/p>\n\n\n\n<p>-El Hospital Militar Regional de Especialidades (HMRE).<\/p>\n\n\n\n<p>-La Escuela Superior de Artes de Yucat\u00e1n (ESAY).<\/p>\n\n\n\n<p>-La Unidad Deportiva Villa Palmira.<\/p>\n\n\n\n<p>-El 11 Batall\u00f3n de Infanter\u00eda de la Secretar\u00eda de la Defensa Nacional (Sedena) en la calle 42 sur.<\/p>\n\n\n\n<p>-La Base A\u00e9rea Militar N\u00famero 8.<\/p>\n\n\n\n<p>Cabe recordar que el macrocentro o m\u00f3dulo de vacunaci\u00f3n que les corresponde ser\u00e1 con base en su C\u00f3digo Postal, los cuales estar\u00e1n distribuido de la siguiente forma:<\/p>\n\n\n\n<p>En la Zona Norte y Poniente:<\/p>\n\n\n\n<p>Al Instituto Tecnol\u00f3gico de M\u00e9rida corresponden los C\u00f3digos Postales: 97059, 97080, 97088, 97100, 97107, 97108, 97109, 97118, 97120, 97125, 97128, 97129, 97136, 97137, 97139, 97140, 97145, 97146, 97148, 97150, 97155, 97158, 97159, 97209.<\/p>\n\n\n\n<p>Al Macrocentro del Centro de Convenciones Siglo XXI: 97050, 97110, 97113, 97114, 97115, 97116, 97117, 97119, 97127, 97130, 97133, 97134, 97135, 97138, 97142, 97143, 97144, 97147, 97149, 97156, 97200, 97203, 97204, 97205, 97206, 97208, 97210, 97215, 97219, 97238, 97300, 97302, 97303, 97304, 97305, 97306, 97307, 97308, 97309 y 97314, 97070, 97207, 97217, 97218, 97220, 97226, 97227, 97229, 97239, 97245, 97246, 97312.<\/p>\n\n\n\n<p>En la Zona Oriente:<\/p>\n\n\n\n<p>Al Macrocentro del Multigimnasio \u201cSocorro Cer\u00f3n\u201d de la Unidad Deportiva Kukulc\u00e1n: 97157, 97160, 97165, 97166, 97167, 97168, 97169, 97170, 97173, 97174, 97175, 97176, 97177, 97178, 97179, 97180, 97189, 97190, 97195, 97196, 97197, 97198, 97199, 97279, 97286, 97287, 97289, 97310.<\/p>\n\n\n\n<p>En la Zona Centro:<\/p>\n\n\n\n<p>Al Hospital Militar Regional de Especialidades (HMRE): 97000 de la calle 60 hacia poniente, 97060, 97068, 97069, 97089, 97225, 97230, 97237, 97240, 97248, 97249.<\/p>\n\n\n\n<p>A la ESAY: 97000 de la calle 60 hacia oriente, 97098, 97099 y 97247.<\/p>\n\n\n\n<p>En la Zona Sur:<\/p>\n\n\n\n<p>A la Unidad Deportiva Villa Palmira: 97003, 97250, 97255, 97256, 97258, 97259, 97260, 97267, 97268, 97269, 97270, 97277, 97278, 97280, 97284, 97288, 97296.<\/p>\n\n\n\n<p>Al 11 Batall\u00f3n de Infanter\u00eda de la Sedena: 97285, 97315 y 97316.<\/p>\n\n\n\n<p>A la Base A\u00e9rea Militar N\u00famero 8: 97290, 97295, 97297, 97298 y 97299.<\/p>\n\n\n\n<p>Se recomienda a la poblaci\u00f3n lo siguiente:<\/p>\n\n\n\n<p>-Identificar el d\u00eda y el lugar donde le corresponde vacunarse.<\/p>\n\n\n\n<p>-Si te llega un mensaje de texto, respeta las indicaciones.<\/p>\n\n\n\n<p>-No es necesario llegar con horas de anticipaci\u00f3n.<\/p>\n\n\n\n<p>-Tomar los medicamentos como de costumbre.<\/p>\n\n\n\n<p>-Tomar alimentos antes de acudir a la cita.<\/p>\n\n\n\n<p>-Usar ropa c\u00f3moda y de manga corta.<\/p>\n\n\n\n<figure class=\"wp-block-image size-large\"><img loading=\"lazy\" decoding=\"async\" width=\"720\" height=\"720\" src=\"http:\/\/vertienteglobal.com\/wp-content\/uploads\/2021\/06\/FB_IMG_1624739271937.jpg\" alt=\"\" class=\"wp-image-182922\" srcset=\"http:\/\/vertienteglobal.com\/wp-content\/uploads\/2021\/06\/FB_IMG_1624739271937.jpg 720w, http:\/\/vertienteglobal.com\/wp-content\/uploads\/2021\/06\/FB_IMG_1624739271937-300x300.jpg 300w, http:\/\/vertienteglobal.com\/wp-content\/uploads\/2021\/06\/FB_IMG_1624739271937-150x150.jpg 150w\" sizes=\"auto, (max-width: 720px) 100vw, 720px\" \/><\/figure>\n","protected":false},"excerpt":{"rendered":"<p>(Redacci\u00f3n) la aplicaci\u00f3n de primeras dosis contra el Coronavirus a personas de 30 a 39 a\u00f1os El Gobierno del Estado, el Ayuntamiento de M\u00e9rida y la Secretar\u00eda de Bienestar informaron que ese proceso se realizar\u00e1 en 2 macrocentros y 6 m\u00f3dulos de vacunaci\u00f3n distribuidos estrat\u00e9gicamente en la ciudad M\u00e9rida, Yucat\u00e1n, 26 de junio de 2021.- [&hellip;]<\/p>\n","protected":false},"author":1,"featured_media":182921,"comment_status":"open","ping_status":"open","sticky":false,"template":"","format":"standard","meta":{"footnotes":""},"categories":[2],"tags":[],"class_list":["post-182920","post","type-post","status-publish","format-standard","has-post-thumbnail","hentry","category-yucatan","entry","has-media"],"jetpack_featured_media_url":"http:\/\/vertienteglobal.com\/wp-content\/uploads\/2021\/06\/IMG-20210626-WA0035-660x330-1.jpg","_links":{"self":[{"href":"http:\/\/vertienteglobal.com\/index.php?rest_route=\/wp\/v2\/posts\/182920","targetHints":{"allow":["GET"]}}],"collection":[{"href":"http:\/\/vertienteglobal.com\/index.php?rest_route=\/wp\/v2\/posts"}],"about":[{"href":"http:\/\/vertienteglobal.com\/index.php?rest_route=\/wp\/v2\/types\/post"}],"author":[{"embeddable":true,"href":"http:\/\/vertienteglobal.com\/index.php?rest_route=\/wp\/v2\/users\/1"}],"replies":[{"embeddable":true,"href":"http:\/\/vertienteglobal.com\/index.php?rest_route=%2Fwp%2Fv2%2Fcomments&post=182920"}],"version-history":[{"count":0,"href":"http:\/\/vertienteglobal.com\/index.php?rest_route=\/wp\/v2\/posts\/182920\/revisions"}],"wp:featuredmedia":[{"embeddable":true,"href":"http:\/\/vertienteglobal.com\/index.php?rest_route=\/wp\/v2\/media\/182921"}],"wp:attachment":[{"href":"http:\/\/vertienteglobal.com\/index.php?rest_route=%2Fwp%2Fv2%2Fmedia&parent=182920"}],"wp:term":[{"taxonomy":"category","embeddable":true,"href":"http:\/\/vertienteglobal.com\/index.php?rest_route=%2Fwp%2Fv2%2Fcategories&post=182920"},{"taxonomy":"post_tag","embeddable":true,"href":"http:\/\/vertienteglobal.com\/index.php?rest_route=%2Fwp%2Fv2%2Ftags&post=182920"}],"curies":[{"name":"wp","href":"https:\/\/api.w.org\/{rel}","templated":true}]}}