{"id":182694,"date":"2021-06-22T12:50:15","date_gmt":"2021-06-22T17:50:15","guid":{"rendered":"http:\/\/vertienteglobal.com\/?p=182694"},"modified":"2021-06-23T07:26:53","modified_gmt":"2021-06-23T12:26:53","slug":"foto-de-una-joven-salma-hayek-comiendo-tacos-en-la-calle-se-hace-viral","status":"publish","type":"post","link":"http:\/\/vertienteglobal.com\/?p=182694","title":{"rendered":"Foto de una joven Salma Hayek comiendo tacos en la calle se hace viral"},"content":{"rendered":"\n<div class=\"twitterbutton\" style=\"float: right; padding-left: 5px;\"><a href=\"http:\/\/twitter.com\/share\" class=\"twitter-share-button\" data-count=\"horizontal\" data-text=\"Foto de una joven Salma Hayek comiendo tacos en la calle se hace viral\" data-via=\"https:\/\/twitter.com\/VertienteGloba1\" data-url=\"http:\/\/vertienteglobal.com\/?p=182694\" data-lang=\"es\" data-related=\"Informaci\u00f3n general:S\u00edguenos para que est\u00e9ss informado\"><\/a><\/div>\n<figure class=\"wp-block-image size-large\"><img loading=\"lazy\" decoding=\"async\" width=\"660\" height=\"330\" src=\"http:\/\/vertienteglobal.com\/wp-content\/uploads\/2021\/06\/salma-660x330-1.jpg\" alt=\"\" class=\"wp-image-182695\" srcset=\"http:\/\/vertienteglobal.com\/wp-content\/uploads\/2021\/06\/salma-660x330-1.jpg 660w, http:\/\/vertienteglobal.com\/wp-content\/uploads\/2021\/06\/salma-660x330-1-300x150.jpg 300w, http:\/\/vertienteglobal.com\/wp-content\/uploads\/2021\/06\/salma-660x330-1-150x75.jpg 150w\" sizes=\"auto, (max-width: 660px) 100vw, 660px\" \/><\/figure>\n\n\n\n<p>(Redacci\u00f3n)<\/p>\n\n\n\n<p><em><strong>Esta es la historia detr\u00e1s de la foto de la actriz y su plato de tacos placeros<\/strong><\/em><\/p>\n\n\n\n<p>Ciudad de M\u00e9xico a 22 de junio de 2021.- En redes sociales se hizo viral una curiosa foto que muestra a Salma Hayek disfrutando de un platillo de diez tacos en la calle de su natal Coatzacoalcos, Veracruz.<\/p>\n\n\n\n<p>\u201cHasta Salma Hayek Pinault com\u00eda tacos del Taconazo y t\u00fa de inventada en el Starbucks\u201d, dice el texto de la cuenta de Facebook que difundi\u00f3 la imagen el fin de semana pasado.<\/p>\n\n\n\n<p>La foto fue tomada en los 90, y se presume que fue antes de que la actriz triunfara en Hollywood. Ya para entonces Salma ten\u00eda algunos cr\u00e9ditos en producciones mexicanas como la pel\u00edcula El callej\u00f3n de los milagros o telenovelas como Teresa.<\/p>\n\n\n\n<p>No pasar\u00eda mucho tiempo para que Salma tuviera sus primero \u00e9xitos en Estados Unidos, empezando con pel\u00edculas como Desperado y Del crep\u00fasculo al amanecer.<\/p>\n\n\n\n<p>El due\u00f1o del negocio aprovech\u00f3 la espont\u00e1nea visita para tomarle una foto justo en el preciso momento de la degustaci\u00f3n de un taco placero, y exhibirla en las paredes de su local.<\/p>\n\n\n\n<p>Usuarios en redes sociales no tardaron en se\u00f1alar varios detalles como la elegancia del vestido, la cantidad de taquitos en su regazo o su gusto por la comida callejera. (Informaci\u00f3n Noticieros Televisa)<\/p>\n\n\n\n<figure class=\"wp-block-image size-large\"><img loading=\"lazy\" decoding=\"async\" width=\"770\" height=\"1024\" src=\"http:\/\/vertienteglobal.com\/wp-content\/uploads\/2021\/06\/200902071_449543236213814_3642730448395095714_n-770x1024.jpg\" alt=\"\" class=\"wp-image-182696\" srcset=\"http:\/\/vertienteglobal.com\/wp-content\/uploads\/2021\/06\/200902071_449543236213814_3642730448395095714_n-770x1024.jpg 770w, http:\/\/vertienteglobal.com\/wp-content\/uploads\/2021\/06\/200902071_449543236213814_3642730448395095714_n-226x300.jpg 226w, http:\/\/vertienteglobal.com\/wp-content\/uploads\/2021\/06\/200902071_449543236213814_3642730448395095714_n-113x150.jpg 113w, http:\/\/vertienteglobal.com\/wp-content\/uploads\/2021\/06\/200902071_449543236213814_3642730448395095714_n-768x1021.jpg 768w, http:\/\/vertienteglobal.com\/wp-content\/uploads\/2021\/06\/200902071_449543236213814_3642730448395095714_n.jpg 828w\" sizes=\"auto, (max-width: 770px) 100vw, 770px\" \/><\/figure>\n","protected":false},"excerpt":{"rendered":"<p>(Redacci\u00f3n) Esta es la historia detr\u00e1s de la foto de la actriz y su plato de tacos placeros Ciudad de M\u00e9xico a 22 de junio de 2021.- En redes sociales se hizo viral una curiosa foto que muestra a Salma Hayek disfrutando de un platillo de diez tacos en la calle de su natal Coatzacoalcos, [&hellip;]<\/p>\n","protected":false},"author":1,"featured_media":182695,"comment_status":"open","ping_status":"open","sticky":false,"template":"","format":"standard","meta":{"footnotes":""},"categories":[10],"tags":[],"class_list":["post-182694","post","type-post","status-publish","format-standard","has-post-thumbnail","hentry","category-espectaculos","entry","has-media"],"jetpack_featured_media_url":"http:\/\/vertienteglobal.com\/wp-content\/uploads\/2021\/06\/salma-660x330-1.jpg","_links":{"self":[{"href":"http:\/\/vertienteglobal.com\/index.php?rest_route=\/wp\/v2\/posts\/182694","targetHints":{"allow":["GET"]}}],"collection":[{"href":"http:\/\/vertienteglobal.com\/index.php?rest_route=\/wp\/v2\/posts"}],"about":[{"href":"http:\/\/vertienteglobal.com\/index.php?rest_route=\/wp\/v2\/types\/post"}],"author":[{"embeddable":true,"href":"http:\/\/vertienteglobal.com\/index.php?rest_route=\/wp\/v2\/users\/1"}],"replies":[{"embeddable":true,"href":"http:\/\/vertienteglobal.com\/index.php?rest_route=%2Fwp%2Fv2%2Fcomments&post=182694"}],"version-history":[{"count":0,"href":"http:\/\/vertienteglobal.com\/index.php?rest_route=\/wp\/v2\/posts\/182694\/revisions"}],"wp:featuredmedia":[{"embeddable":true,"href":"http:\/\/vertienteglobal.com\/index.php?rest_route=\/wp\/v2\/media\/182695"}],"wp:attachment":[{"href":"http:\/\/vertienteglobal.com\/index.php?rest_route=%2Fwp%2Fv2%2Fmedia&parent=182694"}],"wp:term":[{"taxonomy":"category","embeddable":true,"href":"http:\/\/vertienteglobal.com\/index.php?rest_route=%2Fwp%2Fv2%2Fcategories&post=182694"},{"taxonomy":"post_tag","embeddable":true,"href":"http:\/\/vertienteglobal.com\/index.php?rest_route=%2Fwp%2Fv2%2Ftags&post=182694"}],"curies":[{"name":"wp","href":"https:\/\/api.w.org\/{rel}","templated":true}]}}