{"id":182691,"date":"2021-06-22T09:21:23","date_gmt":"2021-06-22T14:21:23","guid":{"rendered":"http:\/\/vertienteglobal.com\/?p=182691"},"modified":"2021-06-23T07:24:07","modified_gmt":"2021-06-23T12:24:07","slug":"reconocen-la-labor-que-realiza-el-coro-de-ninos-tuumben-kaay-canto-nuevo-del-municipio-de-kinchil","status":"publish","type":"post","link":"http:\/\/vertienteglobal.com\/?p=182691","title":{"rendered":"Reconocen la labor que realiza el coro de ni\u00f1os T\u00faumben K\u2019aay\u201d (Canto Nuevo) del municipio de Kinchil"},"content":{"rendered":"\n<div class=\"twitterbutton\" style=\"float: right; padding-left: 5px;\"><a href=\"http:\/\/twitter.com\/share\" class=\"twitter-share-button\" data-count=\"horizontal\" data-text=\"Reconocen la labor que realiza el coro de ni\u00f1os T\u00faumben K\u2019aay\u201d (Canto Nuev...\" data-via=\"https:\/\/twitter.com\/VertienteGloba1\" data-url=\"http:\/\/vertienteglobal.com\/?p=182691\" data-lang=\"es\" data-related=\"Informaci\u00f3n general:S\u00edguenos para que est\u00e9ss informado\"><\/a><\/div>\n<figure class=\"wp-block-image size-large\"><img decoding=\"async\" src=\"blob:http:\/\/vertienteglobal.com\/7ec8d33a-f461-4efc-8c7c-5d1a498d4cdb\" alt=\"\"\/><\/figure>\n\n\n\n<p>(Redacci\u00f3n)<\/p>\n\n\n\n<p>Concanaco Servytur se suma a la Canaco M\u00e9rida, Canaive, delegaci\u00f3n Yucat\u00e1n y productores de calzado de Ticul en acciones para preservar la lengua maya<\/p>\n\n\n\n<p>Es importante inculcar desde la infancia valores como solidaridad, empat\u00eda, e inclusi\u00f3n para tener una mejor sociedad: Jos\u00e9 Manuel L\u00f3pez Campos<\/p>\n\n\n\n<p>M\u00e9rida, Yucat\u00e1n, 22 de junio de 2021.- Como una forma de revalorizar las acciones de preservaci\u00f3n de la cultura maya, la Concanaco Servytur se sum\u00f3 a la Canaco M\u00e9rida y a la Canaive, delegaci\u00f3n Yucat\u00e1n, para dotar de la vestimenta tradicional, que usar\u00e1n en sus presentaciones, a los 25 ni\u00f1os que integran el coro Infantil \u201cT\u00faumben K\u2019aay\u201d (Canto Nuevo) del municipio de Kinchil.<\/p>\n\n\n\n<p>El presidente de la Concanaco Servytur, Jos\u00e9 Manuel L\u00f3pez Campos, resalt\u00f3 que esta acci\u00f3n es un reconocimiento del sector empresarial a la labor que con orgullo y dedicaci\u00f3n realizan ni\u00f1as y ni\u00f1os para preservar y promover la lengua materna, as\u00ed como las tradiciones de Yucat\u00e1n, a trav\u00e9s de canciones y poes\u00edas en maya.<\/p>\n\n\n\n<p>En la Concanaco, puntualiz\u00f3, estamos convencidos que las ni\u00f1as y los ni\u00f1os son el activo m\u00e1s valioso que tenemos para conservar y continuar el legado que nos da identidad, por ello, la importancia de incentivar el desarrollo de sus capacidades y talentos.<\/p>\n\n\n\n<p>El l\u00edder empresarial reconoci\u00f3 la importancia que representa ense\u00f1ar y fomentar, desde la infancia, valores como la solidaridad, comprensi\u00f3n, inclusi\u00f3n y empat\u00eda, a fin de contar en la sociedad con personas m\u00e1s participativas y responsables.<\/p>\n\n\n\n<p>En presencia del presidente de la Comisi\u00f3n de Comercio Interior de Concanaco, Carlos Pandiello, del presidente de Canaco M\u00e9rida, Iv\u00e1n Rodr\u00edguez Gasque, de la vicepresidenta de Canaive Yucat\u00e1n, Eneyda Medrano Rivero, del alcalde de Kinchil, Valent\u00edn Pech Dzib y del director del Coro, Ildelfonso May Caballero, Jos\u00e9 Manuel L\u00f3pez Campos aconsej\u00f3 a los ni\u00f1os a sentir orgullo de sus ra\u00edces, a prepararse mejor para el futuro, que sean ejemplo de perseverancia y compromiso para fortalecer entre todos la tan apreciada cultura Maya, que es reconocida en el mundo.<\/p>\n\n\n\n<p>Por su parte, el presidente de Canaco M\u00e9rida, Iv\u00e1n Rodr\u00edguez Gasque resalt\u00f3 que dentro de la cultura maya las tradiciones y costumbres son importantes, por ello se valora que los ni\u00f1os promuevan y conserven ese legado de Yucat\u00e1n.<\/p>\n\n\n\n<p>\u201cUstedes son promotores de la lengua maya por medio de su m\u00fasica, y eso nos motiv\u00f3 que organismos empresariales nos uni\u00e9ramos bajo una misma causa, que es la aportaci\u00f3n de ropa t\u00edpica como hipiles, guayaberas y zapatos, de ni\u00f1as y ni\u00f1os, que usar\u00e1n como uniforme en sus presentaciones\u201d, asever\u00f3.<\/p>\n\n\n\n<p>En su turno, la vicepresidenta de Canaive Yucat\u00e1n, Eneyda Medrano Rivero, explic\u00f3 que a trav\u00e9s del programa \u201cAs\u00ed es la Guayabera, As\u00ed es Yucat\u00e1n\u201d, este organismo empresarial dot\u00f3 de vestimenta tradicional a los ni\u00f1os y ni\u00f1as del coro de Kinchil, con el objetivo que en sus presentaciones porten con orgullo el traje t\u00edpico yucateco.<\/p>\n\n\n\n<p>\u201cEs parte del compromiso social que asumen los empresarios del vestido con el desarrollo pleno de las ni\u00f1as y ni\u00f1os del estado, as\u00ed como con las acciones que ayuden a cuidar y fomentar la cultura maya\u201d, apunt\u00f3.<\/p>\n\n\n\n<p>En la ceremonia el coro interpret\u00f3 las canciones: Caminante del Mayab y Koonex Koonex, (canci\u00f3n de cuna).<\/p>\n","protected":false},"excerpt":{"rendered":"<p>(Redacci\u00f3n) Concanaco Servytur se suma a la Canaco M\u00e9rida, Canaive, delegaci\u00f3n Yucat\u00e1n y productores de calzado de Ticul en acciones para preservar la lengua maya Es importante inculcar desde la infancia valores como solidaridad, empat\u00eda, e inclusi\u00f3n para tener una mejor sociedad: Jos\u00e9 Manuel L\u00f3pez Campos M\u00e9rida, Yucat\u00e1n, 22 de junio de 2021.- Como una [&hellip;]<\/p>\n","protected":false},"author":1,"featured_media":182692,"comment_status":"open","ping_status":"open","sticky":false,"template":"","format":"standard","meta":{"footnotes":""},"categories":[2],"tags":[],"class_list":["post-182691","post","type-post","status-publish","format-standard","has-post-thumbnail","hentry","category-yucatan","entry","has-media"],"jetpack_featured_media_url":"http:\/\/vertienteglobal.com\/wp-content\/uploads\/2021\/06\/bc66b23f-2fe3-48b7-9b98-c9df6c556c1b-660x330-1.jpg","_links":{"self":[{"href":"http:\/\/vertienteglobal.com\/index.php?rest_route=\/wp\/v2\/posts\/182691","targetHints":{"allow":["GET"]}}],"collection":[{"href":"http:\/\/vertienteglobal.com\/index.php?rest_route=\/wp\/v2\/posts"}],"about":[{"href":"http:\/\/vertienteglobal.com\/index.php?rest_route=\/wp\/v2\/types\/post"}],"author":[{"embeddable":true,"href":"http:\/\/vertienteglobal.com\/index.php?rest_route=\/wp\/v2\/users\/1"}],"replies":[{"embeddable":true,"href":"http:\/\/vertienteglobal.com\/index.php?rest_route=%2Fwp%2Fv2%2Fcomments&post=182691"}],"version-history":[{"count":0,"href":"http:\/\/vertienteglobal.com\/index.php?rest_route=\/wp\/v2\/posts\/182691\/revisions"}],"wp:featuredmedia":[{"embeddable":true,"href":"http:\/\/vertienteglobal.com\/index.php?rest_route=\/wp\/v2\/media\/182692"}],"wp:attachment":[{"href":"http:\/\/vertienteglobal.com\/index.php?rest_route=%2Fwp%2Fv2%2Fmedia&parent=182691"}],"wp:term":[{"taxonomy":"category","embeddable":true,"href":"http:\/\/vertienteglobal.com\/index.php?rest_route=%2Fwp%2Fv2%2Fcategories&post=182691"},{"taxonomy":"post_tag","embeddable":true,"href":"http:\/\/vertienteglobal.com\/index.php?rest_route=%2Fwp%2Fv2%2Ftags&post=182691"}],"curies":[{"name":"wp","href":"https:\/\/api.w.org\/{rel}","templated":true}]}}