{"id":182677,"date":"2021-06-21T21:19:25","date_gmt":"2021-06-22T02:19:25","guid":{"rendered":"http:\/\/vertienteglobal.com\/?p=182677"},"modified":"2021-06-22T09:47:26","modified_gmt":"2021-06-22T14:47:26","slug":"asi-luciran-las-estaciones-y-el-interior-de-los-vagones-del-tren-maya","status":"publish","type":"post","link":"http:\/\/vertienteglobal.com\/?p=182677","title":{"rendered":"As\u00ed lucir\u00e1n las estaciones y el interior de los vagones del Tren Maya"},"content":{"rendered":"\n<div class=\"twitterbutton\" style=\"float: right; padding-left: 5px;\"><a href=\"http:\/\/twitter.com\/share\" class=\"twitter-share-button\" data-count=\"horizontal\" data-text=\"As\u00ed lucir\u00e1n las estaciones y el interior de los vagones del Tren Maya\" data-via=\"https:\/\/twitter.com\/VertienteGloba1\" data-url=\"http:\/\/vertienteglobal.com\/?p=182677\" data-lang=\"es\" data-related=\"Informaci\u00f3n general:S\u00edguenos para que est\u00e9ss informado\"><\/a><\/div>\n<figure class=\"wp-block-image size-large\"><img loading=\"lazy\" decoding=\"async\" width=\"768\" height=\"578\" src=\"http:\/\/vertienteglobal.com\/wp-content\/uploads\/2021\/06\/tren_maya_45-768x578-1.jpg\" alt=\"\" class=\"wp-image-182679\" srcset=\"http:\/\/vertienteglobal.com\/wp-content\/uploads\/2021\/06\/tren_maya_45-768x578-1.jpg 768w, http:\/\/vertienteglobal.com\/wp-content\/uploads\/2021\/06\/tren_maya_45-768x578-1-300x226.jpg 300w, http:\/\/vertienteglobal.com\/wp-content\/uploads\/2021\/06\/tren_maya_45-768x578-1-150x113.jpg 150w\" sizes=\"auto, (max-width: 768px) 100vw, 768px\" \/><\/figure>\n\n\n\n<p>(Redacci\u00f3n)<\/p>\n\n\n\n<p>El tren constar\u00e1 de 42 trenes modelo Alstom Xtrapolis, y as\u00ed lucir\u00e1 en su interior<\/p>\n\n\n\n<p>Ciudad de M\u00e9xico a 21 de junio de 2021.- El Fondo Nacional Nacional de Fomento al Turismo (Fonatur) dio a conocer las im\u00e1genes de este importante proyecto que constar\u00e1 de Siete tramos y 19 estaciones.<\/p>\n\n\n\n<p>El Tramo 1 que va de Palenque a Esc\u00e1rcega; el tramo 2 que va de Esc\u00e1rcega a Calkin\u00ed; el Tramo 3, de Calkin\u00ed a Izamal; el Tramo 4, de Izamal a Canc\u00fan; el Tramo 5, Canc\u00fan; Tramo 6, de Tulum a Chetumal; y Tramo 7, de Bacalar a Esc\u00e1rcega.<\/p>\n\n\n\n<p>El tren constar\u00e1 de 42 trenes modelo Alstom Xtrapolis, y as\u00ed lucir\u00e1 en su interior.<\/p>\n\n\n\n<p>El Estado de Campeche tendr\u00e1 cuatro estaciones: Esc\u00e1rcega, Edzn\u00e1, San Francisco de Campeche e Xpujil, y de acuerdo al proyecto, la estaci\u00f3n de la capital del estado lucir\u00e1 de esta manera.<\/p>\n\n\n\n<figure class=\"wp-block-image size-large\"><img loading=\"lazy\" decoding=\"async\" width=\"768\" height=\"440\" src=\"http:\/\/vertienteglobal.com\/wp-content\/uploads\/2021\/06\/cuarto1-1-768x440-1.jpg\" alt=\"\" class=\"wp-image-182678\" srcset=\"http:\/\/vertienteglobal.com\/wp-content\/uploads\/2021\/06\/cuarto1-1-768x440-1.jpg 768w, http:\/\/vertienteglobal.com\/wp-content\/uploads\/2021\/06\/cuarto1-1-768x440-1-300x172.jpg 300w, http:\/\/vertienteglobal.com\/wp-content\/uploads\/2021\/06\/cuarto1-1-768x440-1-150x86.jpg 150w\" sizes=\"auto, (max-width: 768px) 100vw, 768px\" \/><\/figure>\n\n\n\n<figure class=\"wp-block-image size-large\"><img loading=\"lazy\" decoding=\"async\" width=\"768\" height=\"428\" src=\"http:\/\/vertienteglobal.com\/wp-content\/uploads\/2021\/06\/cuarto-2-1-768x428-1.jpg\" alt=\"\" class=\"wp-image-182680\" srcset=\"http:\/\/vertienteglobal.com\/wp-content\/uploads\/2021\/06\/cuarto-2-1-768x428-1.jpg 768w, http:\/\/vertienteglobal.com\/wp-content\/uploads\/2021\/06\/cuarto-2-1-768x428-1-300x167.jpg 300w, http:\/\/vertienteglobal.com\/wp-content\/uploads\/2021\/06\/cuarto-2-1-768x428-1-150x84.jpg 150w\" sizes=\"auto, (max-width: 768px) 100vw, 768px\" \/><\/figure>\n\n\n\n<figure class=\"wp-block-image size-large\"><img loading=\"lazy\" decoding=\"async\" width=\"768\" height=\"374\" src=\"http:\/\/vertienteglobal.com\/wp-content\/uploads\/2021\/06\/cuarto-3-1-768x374-1.jpg\" alt=\"\" class=\"wp-image-182681\" srcset=\"http:\/\/vertienteglobal.com\/wp-content\/uploads\/2021\/06\/cuarto-3-1-768x374-1.jpg 768w, http:\/\/vertienteglobal.com\/wp-content\/uploads\/2021\/06\/cuarto-3-1-768x374-1-300x146.jpg 300w, http:\/\/vertienteglobal.com\/wp-content\/uploads\/2021\/06\/cuarto-3-1-768x374-1-150x73.jpg 150w\" sizes=\"auto, (max-width: 768px) 100vw, 768px\" \/><\/figure>\n\n\n\n<figure class=\"wp-block-image size-large\"><img loading=\"lazy\" decoding=\"async\" width=\"768\" height=\"366\" src=\"http:\/\/vertienteglobal.com\/wp-content\/uploads\/2021\/06\/cuarto-4-1-768x366-1.jpg\" alt=\"\" class=\"wp-image-182682\" srcset=\"http:\/\/vertienteglobal.com\/wp-content\/uploads\/2021\/06\/cuarto-4-1-768x366-1.jpg 768w, http:\/\/vertienteglobal.com\/wp-content\/uploads\/2021\/06\/cuarto-4-1-768x366-1-300x143.jpg 300w, http:\/\/vertienteglobal.com\/wp-content\/uploads\/2021\/06\/cuarto-4-1-768x366-1-150x71.jpg 150w\" sizes=\"auto, (max-width: 768px) 100vw, 768px\" \/><\/figure>\n\n\n\n<figure class=\"wp-block-image size-large\"><img loading=\"lazy\" decoding=\"async\" width=\"768\" height=\"372\" src=\"http:\/\/vertienteglobal.com\/wp-content\/uploads\/2021\/06\/estacion-2-768x372-1.jpg\" alt=\"\" class=\"wp-image-182683\" srcset=\"http:\/\/vertienteglobal.com\/wp-content\/uploads\/2021\/06\/estacion-2-768x372-1.jpg 768w, http:\/\/vertienteglobal.com\/wp-content\/uploads\/2021\/06\/estacion-2-768x372-1-300x145.jpg 300w, http:\/\/vertienteglobal.com\/wp-content\/uploads\/2021\/06\/estacion-2-768x372-1-150x73.jpg 150w\" sizes=\"auto, (max-width: 768px) 100vw, 768px\" \/><\/figure>\n\n\n\n<figure class=\"wp-block-image size-large\"><img loading=\"lazy\" decoding=\"async\" width=\"768\" height=\"214\" src=\"http:\/\/vertienteglobal.com\/wp-content\/uploads\/2021\/06\/estacion1-768x214-1.jpg\" alt=\"\" class=\"wp-image-182684\" srcset=\"http:\/\/vertienteglobal.com\/wp-content\/uploads\/2021\/06\/estacion1-768x214-1.jpg 768w, http:\/\/vertienteglobal.com\/wp-content\/uploads\/2021\/06\/estacion1-768x214-1-300x84.jpg 300w, http:\/\/vertienteglobal.com\/wp-content\/uploads\/2021\/06\/estacion1-768x214-1-150x42.jpg 150w\" sizes=\"auto, (max-width: 768px) 100vw, 768px\" \/><\/figure>\n\n\n\n<figure class=\"wp-block-image size-large\"><img loading=\"lazy\" decoding=\"async\" width=\"768\" height=\"368\" src=\"http:\/\/vertienteglobal.com\/wp-content\/uploads\/2021\/06\/estacion-3-768x368-1.jpg\" alt=\"\" class=\"wp-image-182685\" srcset=\"http:\/\/vertienteglobal.com\/wp-content\/uploads\/2021\/06\/estacion-3-768x368-1.jpg 768w, http:\/\/vertienteglobal.com\/wp-content\/uploads\/2021\/06\/estacion-3-768x368-1-300x144.jpg 300w, http:\/\/vertienteglobal.com\/wp-content\/uploads\/2021\/06\/estacion-3-768x368-1-150x72.jpg 150w\" sizes=\"auto, (max-width: 768px) 100vw, 768px\" \/><\/figure>\n\n\n\n<figure class=\"wp-block-image size-large\"><img loading=\"lazy\" decoding=\"async\" width=\"768\" height=\"368\" src=\"http:\/\/vertienteglobal.com\/wp-content\/uploads\/2021\/06\/estacion-4-768x368-1.jpg\" alt=\"\" class=\"wp-image-182686\" srcset=\"http:\/\/vertienteglobal.com\/wp-content\/uploads\/2021\/06\/estacion-4-768x368-1.jpg 768w, http:\/\/vertienteglobal.com\/wp-content\/uploads\/2021\/06\/estacion-4-768x368-1-300x144.jpg 300w, http:\/\/vertienteglobal.com\/wp-content\/uploads\/2021\/06\/estacion-4-768x368-1-150x72.jpg 150w\" sizes=\"auto, (max-width: 768px) 100vw, 768px\" \/><\/figure>\n","protected":false},"excerpt":{"rendered":"<p>(Redacci\u00f3n) El tren constar\u00e1 de 42 trenes modelo Alstom Xtrapolis, y as\u00ed lucir\u00e1 en su interior Ciudad de M\u00e9xico a 21 de junio de 2021.- El Fondo Nacional Nacional de Fomento al Turismo (Fonatur) dio a conocer las im\u00e1genes de este importante proyecto que constar\u00e1 de Siete tramos y 19 estaciones. El Tramo 1 que [&hellip;]<\/p>\n","protected":false},"author":1,"featured_media":182679,"comment_status":"open","ping_status":"open","sticky":false,"template":"","format":"standard","meta":{"footnotes":""},"categories":[4,3,2],"tags":[],"class_list":["post-182677","post","type-post","status-publish","format-standard","has-post-thumbnail","hentry","category-campeche","category-quintana-roo","category-yucatan","entry","has-media"],"jetpack_featured_media_url":"http:\/\/vertienteglobal.com\/wp-content\/uploads\/2021\/06\/tren_maya_45-768x578-1.jpg","_links":{"self":[{"href":"http:\/\/vertienteglobal.com\/index.php?rest_route=\/wp\/v2\/posts\/182677","targetHints":{"allow":["GET"]}}],"collection":[{"href":"http:\/\/vertienteglobal.com\/index.php?rest_route=\/wp\/v2\/posts"}],"about":[{"href":"http:\/\/vertienteglobal.com\/index.php?rest_route=\/wp\/v2\/types\/post"}],"author":[{"embeddable":true,"href":"http:\/\/vertienteglobal.com\/index.php?rest_route=\/wp\/v2\/users\/1"}],"replies":[{"embeddable":true,"href":"http:\/\/vertienteglobal.com\/index.php?rest_route=%2Fwp%2Fv2%2Fcomments&post=182677"}],"version-history":[{"count":0,"href":"http:\/\/vertienteglobal.com\/index.php?rest_route=\/wp\/v2\/posts\/182677\/revisions"}],"wp:featuredmedia":[{"embeddable":true,"href":"http:\/\/vertienteglobal.com\/index.php?rest_route=\/wp\/v2\/media\/182679"}],"wp:attachment":[{"href":"http:\/\/vertienteglobal.com\/index.php?rest_route=%2Fwp%2Fv2%2Fmedia&parent=182677"}],"wp:term":[{"taxonomy":"category","embeddable":true,"href":"http:\/\/vertienteglobal.com\/index.php?rest_route=%2Fwp%2Fv2%2Fcategories&post=182677"},{"taxonomy":"post_tag","embeddable":true,"href":"http:\/\/vertienteglobal.com\/index.php?rest_route=%2Fwp%2Fv2%2Ftags&post=182677"}],"curies":[{"name":"wp","href":"https:\/\/api.w.org\/{rel}","templated":true}]}}