{"id":182472,"date":"2021-06-18T18:51:00","date_gmt":"2021-06-18T23:51:00","guid":{"rendered":"http:\/\/vertienteglobal.com\/?p=182472"},"modified":"2021-06-18T19:16:16","modified_gmt":"2021-06-19T00:16:16","slug":"desecha-tepjf-juicios-interpuestos-por-issac-janix-y-luis-gamero-para-rebatir-las-sentencias-por-violencia-de-genero","status":"publish","type":"post","link":"http:\/\/vertienteglobal.com\/?p=182472","title":{"rendered":"Desecha TEPJF juicios interpuestos por Issac J\u00e1nix y Luis Gamero, para rebatir las sentencias por violencia de g\u00e9nero"},"content":{"rendered":"\n<div class=\"twitterbutton\" style=\"float: right; padding-left: 5px;\"><a href=\"http:\/\/twitter.com\/share\" class=\"twitter-share-button\" data-count=\"horizontal\" data-text=\"Desecha TEPJF juicios interpuestos por Issac J\u00e1nix y Luis Gamero, para rebatir ...\" data-via=\"https:\/\/twitter.com\/VertienteGloba1\" data-url=\"http:\/\/vertienteglobal.com\/?p=182472\" data-lang=\"es\" data-related=\"Informaci\u00f3n general:S\u00edguenos para que est\u00e9ss informado\"><\/a><\/div>\n<figure class=\"wp-block-image size-large\"><img loading=\"lazy\" decoding=\"async\" width=\"1024\" height=\"576\" src=\"http:\/\/vertienteglobal.com\/wp-content\/uploads\/2021\/06\/20210618_191511-1024x576.jpg\" alt=\"\" class=\"wp-image-182473\" srcset=\"http:\/\/vertienteglobal.com\/wp-content\/uploads\/2021\/06\/20210618_191511-1024x576.jpg 1024w, http:\/\/vertienteglobal.com\/wp-content\/uploads\/2021\/06\/20210618_191511-300x169.jpg 300w, http:\/\/vertienteglobal.com\/wp-content\/uploads\/2021\/06\/20210618_191511-150x84.jpg 150w, http:\/\/vertienteglobal.com\/wp-content\/uploads\/2021\/06\/20210618_191511-768x432.jpg 768w, http:\/\/vertienteglobal.com\/wp-content\/uploads\/2021\/06\/20210618_191511.jpg 1280w\" sizes=\"auto, (max-width: 1024px) 100vw, 1024px\" \/><\/figure>\n\n\n\n<p>(Redacci\u00f3n)<\/p>\n\n\n\n<p>El Teqroo que determin\u00f3 la existencia de actos que configuran violencia pol\u00edtica en raz\u00f3n de g\u00e9nero, los magistrados de la Sala Regional Xalapa desecharon las demandas<\/p>\n\n\n\n<p>Xalapa, Verqcruz, a 18 de junio de 2021.- Por unanimidad de votos, los magistrados de la Sala Regional Xalapa del Tribunal Electoral del Poder judicial de la Federaci\u00f3n (TEPJF) desecharon los juicios ciudadanos y los juicios electorales interpuestos por Luis Gamero Barranco, ex candidato de Morena a la presidencia municipal de Oth\u00f3n P. Blanco, e Issac Janix Alan\u00eds para combatir las sanciones impuestas por cometer actos de violencia pol\u00edtica contra la mujer en raz\u00f3n de g\u00e9nero y la p\u00e9rdida de la candidatura a presidencia municipal de Benito Ju\u00e1rez postulado por el partido Fuerza por M\u00e9xico.<\/p>\n\n\n\n<p>Y es que en el caso del juicio ciudadano SX-JDC-1236\/2021 interpuesto por Gamero Barranco (a fin de impugnar la resoluci\u00f3n del Teqroo del 4 de junio en el expediente JDC\/068\/2021 que sobresey\u00f3 su juicio ciudadano por actualizarse la causal de improcedencia consistente en la promoci\u00f3n de medios de impugnaci\u00f3n contra actos o resoluciones emitidas en cumplimiento de una resoluci\u00f3n definitiva dictada en un medio de Impugnaci\u00f3n, en espec\u00edfico relacionado con la sanci\u00f3n impuesta por cometer actos de violencia pol\u00edtica contra las mujeres en raz\u00f3n de g\u00e9nero), los magistrados de la Sala Regional Xalapa consideraron que ya hab\u00eda agotado su derecho al presentar de manera previa una demanda con la misma pretensi\u00f3n y combatiendo el mismo acto impugnado de la autoridad responsable.<\/p>\n\n\n\n<p>Mientras que en el caso del SX-JDC-1237\/2021 interpuesto por Janix Alan\u00eds (contra el acuerdo del Instituto Electoral de Quintana Roo del 4 de junio que entre otras cuestiones cancel\u00f3 su registro como candidato del Partido Fuerza por M\u00e9xico a la presidencia municipal de Benito Ju\u00e1rez) as\u00ed como los juicios electorales SX-JE-138\/2021, SX-JE-139\/2021 y SX-JE-140\/2021 interpuestos contra el Teqroo que determin\u00f3 la existencia de actos que configuran violencia pol\u00edtica en raz\u00f3n de g\u00e9nero, los magistrados de la Sala Regional Xalapa desecharon las demandas.<\/p>\n","protected":false},"excerpt":{"rendered":"<p>(Redacci\u00f3n) El Teqroo que determin\u00f3 la existencia de actos que configuran violencia pol\u00edtica en raz\u00f3n de g\u00e9nero, los magistrados de la Sala Regional Xalapa desecharon las demandas Xalapa, Verqcruz, a 18 de junio de 2021.- Por unanimidad de votos, los magistrados de la Sala Regional Xalapa del Tribunal Electoral del Poder judicial de la Federaci\u00f3n [&hellip;]<\/p>\n","protected":false},"author":1,"featured_media":182473,"comment_status":"open","ping_status":"open","sticky":false,"template":"","format":"standard","meta":{"footnotes":""},"categories":[8,3],"tags":[],"class_list":["post-182472","post","type-post","status-publish","format-standard","has-post-thumbnail","hentry","category-pais","category-quintana-roo","entry","has-media"],"jetpack_featured_media_url":"http:\/\/vertienteglobal.com\/wp-content\/uploads\/2021\/06\/20210618_191511.jpg","_links":{"self":[{"href":"http:\/\/vertienteglobal.com\/index.php?rest_route=\/wp\/v2\/posts\/182472","targetHints":{"allow":["GET"]}}],"collection":[{"href":"http:\/\/vertienteglobal.com\/index.php?rest_route=\/wp\/v2\/posts"}],"about":[{"href":"http:\/\/vertienteglobal.com\/index.php?rest_route=\/wp\/v2\/types\/post"}],"author":[{"embeddable":true,"href":"http:\/\/vertienteglobal.com\/index.php?rest_route=\/wp\/v2\/users\/1"}],"replies":[{"embeddable":true,"href":"http:\/\/vertienteglobal.com\/index.php?rest_route=%2Fwp%2Fv2%2Fcomments&post=182472"}],"version-history":[{"count":0,"href":"http:\/\/vertienteglobal.com\/index.php?rest_route=\/wp\/v2\/posts\/182472\/revisions"}],"wp:featuredmedia":[{"embeddable":true,"href":"http:\/\/vertienteglobal.com\/index.php?rest_route=\/wp\/v2\/media\/182473"}],"wp:attachment":[{"href":"http:\/\/vertienteglobal.com\/index.php?rest_route=%2Fwp%2Fv2%2Fmedia&parent=182472"}],"wp:term":[{"taxonomy":"category","embeddable":true,"href":"http:\/\/vertienteglobal.com\/index.php?rest_route=%2Fwp%2Fv2%2Fcategories&post=182472"},{"taxonomy":"post_tag","embeddable":true,"href":"http:\/\/vertienteglobal.com\/index.php?rest_route=%2Fwp%2Fv2%2Ftags&post=182472"}],"curies":[{"name":"wp","href":"https:\/\/api.w.org\/{rel}","templated":true}]}}