{"id":182457,"date":"2021-06-18T17:49:00","date_gmt":"2021-06-18T22:49:00","guid":{"rendered":"http:\/\/vertienteglobal.com\/?p=182457"},"modified":"2021-06-18T17:44:00","modified_gmt":"2021-06-18T22:44:00","slug":"nasa-advierte-que-la-tierra-se-sobrecalento-durante-los-ultimos-15-anos","status":"publish","type":"post","link":"http:\/\/vertienteglobal.com\/?p=182457","title":{"rendered":"NASA advierte que la Tierra se sobrecalent\u00f3 durante los \u00faltimos 15 a\u00f1os"},"content":{"rendered":"\n<div class=\"twitterbutton\" style=\"float: right; padding-left: 5px;\"><a href=\"http:\/\/twitter.com\/share\" class=\"twitter-share-button\" data-count=\"horizontal\" data-text=\"NASA advierte que la Tierra se sobrecalent\u00f3 durante los \u00faltimos 15 a\u00f1os\" data-via=\"https:\/\/twitter.com\/VertienteGloba1\" data-url=\"http:\/\/vertienteglobal.com\/?p=182457\" data-lang=\"es\" data-related=\"Informaci\u00f3n general:S\u00edguenos para que est\u00e9ss informado\"><\/a><\/div>\n<figure class=\"wp-block-image size-large\"><img loading=\"lazy\" decoding=\"async\" width=\"925\" height=\"521\" src=\"http:\/\/vertienteglobal.com\/wp-content\/uploads\/2021\/06\/f925x521-354658_423522_5050.jpg\" alt=\"\" class=\"wp-image-182458\" srcset=\"http:\/\/vertienteglobal.com\/wp-content\/uploads\/2021\/06\/f925x521-354658_423522_5050.jpg 925w, http:\/\/vertienteglobal.com\/wp-content\/uploads\/2021\/06\/f925x521-354658_423522_5050-300x169.jpg 300w, http:\/\/vertienteglobal.com\/wp-content\/uploads\/2021\/06\/f925x521-354658_423522_5050-150x84.jpg 150w, http:\/\/vertienteglobal.com\/wp-content\/uploads\/2021\/06\/f925x521-354658_423522_5050-768x433.jpg 768w\" sizes=\"auto, (max-width: 925px) 100vw, 925px\" \/><\/figure>\n\n\n\n<p>(Redacci\u00f3n)<\/p>\n\n\n\n<p>Los expertos no tienen duda de esto, pues cotejaron los datos obtenidos, por medio de dos mediciones independientes, y todo coincide<\/p>\n\n\n\n<p>Ciudad de M\u00e9xico a 18 de junio de 2021.- El panorama es sombr\u00edo: entre 2005 y 2019 se duplic\u00f3 el desequilibrio energ\u00e9tico de la Tierra, esto provoca que el planeta acumule energ\u00eda, lo que deriva en un aumento del calor, de acuerdo con un estudio conjunto realizado por la NASA y la Administraci\u00f3n Atmosf\u00e9rica y Oce\u00e1nica Nacional de Estados Unidos.<\/p>\n\n\n\n<p>Los expertos no tienen duda de esto, pues cotejaron los datos obtenidos, por medio de dos mediciones independientes, y todo coincide.<\/p>\n\n\n\n<p>El autor principal e investigador del Centro de Investigaci\u00f3n Langley de la NASA, Norman Loeb, asegur\u00f3 que: \u00abLas tendencias que encontramos fueron bastante alarmantes\u00bb.<\/p>\n\n\n\n<p>Los investigadores se\u00f1alan que las causas de este fen\u00f3meno son las actividades humanas, el llamado forzamiento antropog\u00e9nico. Como ejemplo pusieron la emisi\u00f3n de gases de efecto invernadero, como el di\u00f3xido de carbono y el metano, que capturan la radiaci\u00f3n saliente que deber\u00eda dirigirse hacia el espacio.<\/p>\n\n\n\n<p>Apuntaron que producto de este calentamiento hay cambios, como el derretimiento de la nieve y los hielos, el incremento del vapor y modificaciones en las nubes que pueden agravar el aumento de la temperatura, ya que conducen a una mayor absorci\u00f3n de la energ\u00eda solar.<\/p>\n\n\n\n<p>La NASA alerta de los da\u00f1os en el mar<br>Los investigadores refirieron que la Oscilaci\u00f3n Decadal del Pac\u00edfico pas\u00f3 de una fase fr\u00eda a otra c\u00e1lida. Esta variaci\u00f3n interna puede tener efectos de gran alcance en el medioambiente. Esto habr\u00eda ocurrido entre 2014 y 2020, lo cual afecta la flora y fauna de los ecosistemas oce\u00e1nicos.<\/p>\n\n\n\n<p>Loeb explic\u00f3 que el desequilibrio energ\u00e9tico \u00abes probable que sea una mezcla de forzamiento antropog\u00e9nico y variabilidad interna. Durante este per\u00edodo, ambos provocan un calentamiento, lo que genera un cambio bastante grande en el desequilibrio energ\u00e9tico de la Tierra. La magnitud de este incremento no tiene precedentes\u00bb, argument\u00f3.<\/p>\n\n\n\n<p>Las determinaciones e hip\u00f3tesis se publicaron en Geophysical Research Letters. Ah\u00ed, consideran, se muestra solamente una instant\u00e1nea relacionada con el cambio clim\u00e1tico y no puede saberse con certeza qu\u00e9 ocurrir\u00e1 con el desequilibrio energ\u00e9tico en las pr\u00f3ximas d\u00e9cadas. (Fuente: El Heraldo de M\u00e9xico)<\/p>\n","protected":false},"excerpt":{"rendered":"<p>(Redacci\u00f3n) Los expertos no tienen duda de esto, pues cotejaron los datos obtenidos, por medio de dos mediciones independientes, y todo coincide Ciudad de M\u00e9xico a 18 de junio de 2021.- El panorama es sombr\u00edo: entre 2005 y 2019 se duplic\u00f3 el desequilibrio energ\u00e9tico de la Tierra, esto provoca que el planeta acumule energ\u00eda, lo [&hellip;]<\/p>\n","protected":false},"author":1,"featured_media":182458,"comment_status":"open","ping_status":"open","sticky":false,"template":"","format":"standard","meta":{"footnotes":""},"categories":[8],"tags":[],"class_list":["post-182457","post","type-post","status-publish","format-standard","has-post-thumbnail","hentry","category-pais","entry","has-media"],"jetpack_featured_media_url":"http:\/\/vertienteglobal.com\/wp-content\/uploads\/2021\/06\/f925x521-354658_423522_5050.jpg","_links":{"self":[{"href":"http:\/\/vertienteglobal.com\/index.php?rest_route=\/wp\/v2\/posts\/182457","targetHints":{"allow":["GET"]}}],"collection":[{"href":"http:\/\/vertienteglobal.com\/index.php?rest_route=\/wp\/v2\/posts"}],"about":[{"href":"http:\/\/vertienteglobal.com\/index.php?rest_route=\/wp\/v2\/types\/post"}],"author":[{"embeddable":true,"href":"http:\/\/vertienteglobal.com\/index.php?rest_route=\/wp\/v2\/users\/1"}],"replies":[{"embeddable":true,"href":"http:\/\/vertienteglobal.com\/index.php?rest_route=%2Fwp%2Fv2%2Fcomments&post=182457"}],"version-history":[{"count":0,"href":"http:\/\/vertienteglobal.com\/index.php?rest_route=\/wp\/v2\/posts\/182457\/revisions"}],"wp:featuredmedia":[{"embeddable":true,"href":"http:\/\/vertienteglobal.com\/index.php?rest_route=\/wp\/v2\/media\/182458"}],"wp:attachment":[{"href":"http:\/\/vertienteglobal.com\/index.php?rest_route=%2Fwp%2Fv2%2Fmedia&parent=182457"}],"wp:term":[{"taxonomy":"category","embeddable":true,"href":"http:\/\/vertienteglobal.com\/index.php?rest_route=%2Fwp%2Fv2%2Fcategories&post=182457"},{"taxonomy":"post_tag","embeddable":true,"href":"http:\/\/vertienteglobal.com\/index.php?rest_route=%2Fwp%2Fv2%2Ftags&post=182457"}],"curies":[{"name":"wp","href":"https:\/\/api.w.org\/{rel}","templated":true}]}}