{"id":182214,"date":"2021-06-15T22:25:17","date_gmt":"2021-06-16T03:25:17","guid":{"rendered":"http:\/\/vertienteglobal.com\/?p=182214"},"modified":"2021-06-16T10:28:04","modified_gmt":"2021-06-16T15:28:04","slug":"yucatan-tendra-mas-apoyos-internacionales-para-los-sectores-turistico-y-empresarial","status":"publish","type":"post","link":"http:\/\/vertienteglobal.com\/?p=182214","title":{"rendered":"Yucat\u00e1n tendr\u00e1 m\u00e1s apoyos internacionales para los sectores tur\u00edstico y empresarial"},"content":{"rendered":"\n<div class=\"twitterbutton\" style=\"float: right; padding-left: 5px;\"><a href=\"http:\/\/twitter.com\/share\" class=\"twitter-share-button\" data-count=\"horizontal\" data-text=\"Yucat\u00e1n tendr\u00e1 m\u00e1s apoyos internacionales para los sectores tur\u00edstico y empr...\" data-via=\"https:\/\/twitter.com\/VertienteGloba1\" data-url=\"http:\/\/vertienteglobal.com\/?p=182214\" data-lang=\"es\" data-related=\"Informaci\u00f3n general:S\u00edguenos para que est\u00e9ss informado\"><\/a><\/div>\n<figure class=\"wp-block-image size-large\"><img loading=\"lazy\" decoding=\"async\" width=\"660\" height=\"330\" src=\"http:\/\/vertienteglobal.com\/wp-content\/uploads\/2021\/06\/unnamed-8-660x330-1.jpg\" alt=\"\" class=\"wp-image-182215\" srcset=\"http:\/\/vertienteglobal.com\/wp-content\/uploads\/2021\/06\/unnamed-8-660x330-1.jpg 660w, http:\/\/vertienteglobal.com\/wp-content\/uploads\/2021\/06\/unnamed-8-660x330-1-300x150.jpg 300w, http:\/\/vertienteglobal.com\/wp-content\/uploads\/2021\/06\/unnamed-8-660x330-1-150x75.jpg 150w\" sizes=\"auto, (max-width: 660px) 100vw, 660px\" \/><\/figure>\n\n\n\n<p>(Redacci\u00f3n)<\/p>\n\n\n\n<p>Se ofrece apoyo a personas emprendedoras y empresarias, para reactivar la econom\u00eda<\/p>\n\n\n\n<p><br>Las oportunidades incluyen capacitaci\u00f3n virtual, mentor\u00eda y est\u00edmulos econ\u00f3micos<\/p>\n\n\n\n<p>M\u00e9rida Yucat\u00e1n, 15 de junio de 2021.- Como parte del Plan de Recuperaci\u00f3n Econ\u00f3mica de la administraci\u00f3n que encabeza el Gobernador Mauricio Vila Dosal, se reforz\u00f3 relaciones con pa\u00edses como Alemania y Estados Unidos, para apoyar a emprendedores y empresarios con programas internacionales que otorgan conocimientos sobre los mercados exteriores y permiten desarrollar estrategias de exportaci\u00f3n.<\/p>\n\n\n\n<p>El Instituto Yucateco de Emprendedores (IYEM), la Secretar\u00eda de Fomento Tur\u00edstico (Sefotur) y la Coordinaci\u00f3n de Asuntos Internacionales dieron a conocer, ante representantes de asociaciones y c\u00e1maras locales, la segunda convocatoria desarrollada por Enpact, financiada tanto por el Ministerio Alem\u00e1n de Cooperaci\u00f3n y Desarrollo Econ\u00f3mico como por la TUI Care Foundation.<\/p>\n\n\n\n<p>La titular de la Sefotur, Michelle Fridman Hirsch, invit\u00f3 a todas y todos los presentes a unirse por un bien com\u00fan, que es la recuperaci\u00f3n de esta industria, como prioridad de desarrollo para el territorio, adem\u00e1s de acercarse a las y los agremiados de cada organismo, para invitarles a participar y acercarles estos mecanismos internacionales tan importantes.<\/p>\n\n\n\n<p>\u201cDurante esta crisis, Yucat\u00e1n destac\u00f3 por ser un estado en donde la iniciativa privada, junto con el Gobierno estatal, sumamos fuerzas y cerramos filas, para procurar darle supervivencia a nuestro sector, que no se perdieran estas empresas y evitar que se perdiera la mayor cantidad posible de empleos\u201d, explic\u00f3.<\/p>\n\n\n\n<p>En ese sentido, la funcionaria a\u00f1adi\u00f3 que, en la segunda etapa del Plan de Recuperaci\u00f3n Tur\u00edstica \u201cYucat\u00e1n frente al Covid\u201d, se busc\u00f3 otro tipo de apoyos que no exist\u00eda en M\u00e9xico y fue as\u00ed como se encontr\u00f3 este proyecto tan interesante de la Fundaci\u00f3n TUI, llamado \u201cEmpowering entrepeneurship initiative\u201d, cuyo registro seguir\u00e1 abierto hasta el 20 de junio, en la p\u00e1gina www.enpact.org.<\/p>\n\n\n\n<p>Por su parte, el director del IYEM, Antonio Gonz\u00e1lez Blanco, se\u00f1al\u00f3 que el trabajo coordinado con el Consulado y la Embajada de Alemania, as\u00ed como la firma Enpact, ha sido muy productivo para acercar opciones a emprendedores y empresarios, como esta, que otorga hasta nueve mil euros y mentor\u00edas especializadas para las necesidades de cada negocio.<\/p>\n\n\n\n<p>Tambi\u00e9n, est\u00e1 disponible el esquema \u201cFit for partnership\u201d, que promueve el Ministerio de Econom\u00eda y Energ\u00eda alem\u00e1n con la Embajada de ese pa\u00eds en M\u00e9xico y el Consejo Coordinador Empresarial en Yucat\u00e1n, para compa\u00f1\u00edas de cualquier giro que busquen establecer relaciones comerciales, conocer el mercado germano y dise\u00f1ar estrategias para movilizar sus productos o servicios.<\/p>\n\n\n\n<p>Ofrece tres etapas: la primera son ocho semanas de capacitaci\u00f3n y entrenamiento virtual, con asesores altamente calificados; la segunda, seis meses de seguimiento, en que se crear\u00e1 un proyecto de desarrollo comercial y de negocios en la naci\u00f3n europea, y en la tercera, las marcas seleccionadas tendr\u00e1n la oportunidad de viajar para encontrarse con sus contactos y cerrar tratos.<\/p>\n\n\n\n<p>De igual manera, el funcionario subray\u00f3 la buena relaci\u00f3n que se tiene, durante la presente gesti\u00f3n estatal, con el Consulado de Estados Unidos en M\u00e9rida y su representante, Courtney Beale, pues esto ha permitido concretar diversos proyectos conjuntos; por ello, agradeci\u00f3 el inter\u00e9s de esta instituci\u00f3n en difundir convocatorias del pa\u00eds vecino, que benefician directamente al segmento.<\/p>\n\n\n\n<p>Una es la Academia para Mujeres Emprendedoras (AWE, por sus siglas en ingl\u00e9s), iniciativa del Gobierno de la Uni\u00f3n Americana, dise\u00f1ada para empoderar mujeres, con el fin de brindarles herramientas para convertir sus ideas en empresas exitosas, detonar su potencial econ\u00f3mico y crear mejores condiciones de estabilidad, seguridad y prosperidad en sus comunidades.<\/p>\n\n\n\n<p>Con ella, mencion\u00f3 Gonz\u00e1lez Blanco, se apoyar\u00e1 a 35 micro empresarias locales con capacitaci\u00f3n virtual, 16 horas de asesor\u00eda complementaria mediante sesiones en l\u00ednea y un concurso de pitch, donde el primer lugar obtendr\u00e1 un incentivo econ\u00f3mico de 500 d\u00f3lares y el segundo, de hasta 400.<\/p>\n\n\n\n<p>Finalmente, se logr\u00f3 acceder, en coordinaci\u00f3n con la Embajada, al Programa de Oradores de los Estados Unidos, en el que personas expertas de ese pa\u00eds aportan su conocimiento y experiencia, a trav\u00e9s de conferencias virtuales, para que las micro, peque\u00f1as y medianas empresas cuenten con mejores estrategias para salir adelante del impacto que ha generado la pandemia de Covid-19.<\/p>\n\n\n\n<p>En las reuniones previas al lanzamiento de los programas, participaron el coordinador Regional para Am\u00e9rica Latina de Enpact, Marcelino Turati G\u00f3mez; la titular de Asuntos Internacionales del Gobierno de Yucat\u00e1n, Ariadne Morales Acevedo, y la especialista en Asuntos Pol\u00edticos y Econ\u00f3micos del Consulado de Estados Unidos en M\u00e9rida, Giovanna Cabrera.<\/p>\n\n\n\n<p>Asimismo, el oficial Econ\u00f3mico de la Embajada estadunidense en M\u00e9xico, Michael Ruhsenberger; las respectivas directora y subdirectora de Cooperaci\u00f3n Internacional en la Unidad de Desarrollo Productivo de la Secretar\u00eda de Econom\u00eda federal, Ivanna Fern\u00e1ndez y Quetzali V\u00e1zquez, y la consejera de Asuntos Econ\u00f3micos de la Embajada alemana en Ciudad de M\u00e9xico, Sarah Basic.<\/p>\n\n\n\n<p>Todas las convocatorias se encuentran abiertas y, para mayor informaci\u00f3n, se puede visitar la p\u00e1gina iyem.yucatan.gob.mx o las redes sociales de la misma dependencia.<\/p>\n","protected":false},"excerpt":{"rendered":"<p>(Redacci\u00f3n) Se ofrece apoyo a personas emprendedoras y empresarias, para reactivar la econom\u00eda Las oportunidades incluyen capacitaci\u00f3n virtual, mentor\u00eda y est\u00edmulos econ\u00f3micos M\u00e9rida Yucat\u00e1n, 15 de junio de 2021.- Como parte del Plan de Recuperaci\u00f3n Econ\u00f3mica de la administraci\u00f3n que encabeza el Gobernador Mauricio Vila Dosal, se reforz\u00f3 relaciones con pa\u00edses como Alemania y Estados [&hellip;]<\/p>\n","protected":false},"author":1,"featured_media":182215,"comment_status":"open","ping_status":"open","sticky":false,"template":"","format":"standard","meta":{"footnotes":""},"categories":[2],"tags":[],"class_list":["post-182214","post","type-post","status-publish","format-standard","has-post-thumbnail","hentry","category-yucatan","entry","has-media"],"jetpack_featured_media_url":"http:\/\/vertienteglobal.com\/wp-content\/uploads\/2021\/06\/unnamed-8-660x330-1.jpg","_links":{"self":[{"href":"http:\/\/vertienteglobal.com\/index.php?rest_route=\/wp\/v2\/posts\/182214","targetHints":{"allow":["GET"]}}],"collection":[{"href":"http:\/\/vertienteglobal.com\/index.php?rest_route=\/wp\/v2\/posts"}],"about":[{"href":"http:\/\/vertienteglobal.com\/index.php?rest_route=\/wp\/v2\/types\/post"}],"author":[{"embeddable":true,"href":"http:\/\/vertienteglobal.com\/index.php?rest_route=\/wp\/v2\/users\/1"}],"replies":[{"embeddable":true,"href":"http:\/\/vertienteglobal.com\/index.php?rest_route=%2Fwp%2Fv2%2Fcomments&post=182214"}],"version-history":[{"count":0,"href":"http:\/\/vertienteglobal.com\/index.php?rest_route=\/wp\/v2\/posts\/182214\/revisions"}],"wp:featuredmedia":[{"embeddable":true,"href":"http:\/\/vertienteglobal.com\/index.php?rest_route=\/wp\/v2\/media\/182215"}],"wp:attachment":[{"href":"http:\/\/vertienteglobal.com\/index.php?rest_route=%2Fwp%2Fv2%2Fmedia&parent=182214"}],"wp:term":[{"taxonomy":"category","embeddable":true,"href":"http:\/\/vertienteglobal.com\/index.php?rest_route=%2Fwp%2Fv2%2Fcategories&post=182214"},{"taxonomy":"post_tag","embeddable":true,"href":"http:\/\/vertienteglobal.com\/index.php?rest_route=%2Fwp%2Fv2%2Ftags&post=182214"}],"curies":[{"name":"wp","href":"https:\/\/api.w.org\/{rel}","templated":true}]}}