{"id":182181,"date":"2021-06-15T15:24:00","date_gmt":"2021-06-15T20:24:00","guid":{"rendered":"http:\/\/vertienteglobal.com\/?p=182181"},"modified":"2021-06-15T16:56:00","modified_gmt":"2021-06-15T21:56:00","slug":"situacion-de-incendios-forestales-bajo-control-en-quintana-roo","status":"publish","type":"post","link":"http:\/\/vertienteglobal.com\/?p=182181","title":{"rendered":"Situaci\u00f3n de Incendios Forestales bajo control en Quintana Roo"},"content":{"rendered":"\n<div class=\"twitterbutton\" style=\"float: right; padding-left: 5px;\"><a href=\"http:\/\/twitter.com\/share\" class=\"twitter-share-button\" data-count=\"horizontal\" data-text=\"Situaci\u00f3n de Incendios Forestales bajo control en Quintana Roo\" data-via=\"https:\/\/twitter.com\/VertienteGloba1\" data-url=\"http:\/\/vertienteglobal.com\/?p=182181\" data-lang=\"es\" data-related=\"Informaci\u00f3n general:S\u00edguenos para que est\u00e9ss informado\"><\/a><\/div>\n<figure class=\"wp-block-image size-large\"><img loading=\"lazy\" decoding=\"async\" width=\"1024\" height=\"768\" src=\"http:\/\/vertienteglobal.com\/wp-content\/uploads\/2021\/06\/sema-incendios1-1024x768.jpg\" alt=\"\" class=\"wp-image-182182\" srcset=\"http:\/\/vertienteglobal.com\/wp-content\/uploads\/2021\/06\/sema-incendios1-1024x768.jpg 1024w, http:\/\/vertienteglobal.com\/wp-content\/uploads\/2021\/06\/sema-incendios1-300x225.jpg 300w, http:\/\/vertienteglobal.com\/wp-content\/uploads\/2021\/06\/sema-incendios1-150x113.jpg 150w, http:\/\/vertienteglobal.com\/wp-content\/uploads\/2021\/06\/sema-incendios1-768x576.jpg 768w, http:\/\/vertienteglobal.com\/wp-content\/uploads\/2021\/06\/sema-incendios1.jpg 1280w\" sizes=\"auto, (max-width: 1024px) 100vw, 1024px\" \/><\/figure>\n\n\n\n<p>(Redacci\u00f3n)<\/p>\n\n\n\n<p>Se encuentra bajo control un incendio que se registra en Bacalar (El Puct\u00e9 Norte), en la Zona N\u00facleo Uaimil<\/p>\n\n\n\n<p>Se mantiene vigilancia permanente en los puntos de calor que se registran en el territorio quintanarroense a pesar de las condiciones hidrometeorol\u00f3gicas que prevalecen en la entidad<\/p>\n\n\n\n<p>Chetumal, Quintana Roo a 15 de junio de 2021.- El Centro Estatal de Manejo del Fuego de Quintana Roo informa la situaci\u00f3n que guardan los incendios forestales en el Estado. Se encuentra bajo control un incendio forestal registrado en Bacalar (El Puct\u00e9 Norte), en la Zona N\u00facleo Uaimil. Incide en vegetaci\u00f3n arbustiva, en una superficie de 70 hect\u00e1reas.<\/p>\n\n\n\n<p>La administraci\u00f3n del gobernador Carlos Joaqu\u00edn mantiene vigilancia permanente en los puntos de calor que se registran en el territorio quintanarroense a pesar de las condiciones hidrometeorol\u00f3gicas que prevalecen en la entidad.<\/p>\n\n\n\n<p>La Secretar\u00eda de Ecolog\u00eda y Medio Ambiente, la Coordinaci\u00f3n Estatal de Protecci\u00f3n Civil (COEPROC), la Comisi\u00f3n Nacional Forestal (CONAFOR), recuerdan que la extinci\u00f3n resuelve el problema de la propagaci\u00f3n del fuego, pero es necesaria la prevenci\u00f3n, por lo que reitera el llamado a evitar hacer uso del fuego en las zonas forestales y colindantes.<\/p>\n\n\n\n<p>El secretario de Ecolog\u00eda y Medio Ambiente del Estado Efra\u00edn Villanueva Arcos inform\u00f3 que, en la extinci\u00f3n del incendio Uaimil de Bacalar sumaron esfuerzos personal de CONAFOR, CONANP, Brigadas Rurales, SEDENA, CONAGUA, SEMA y COEPROC.<\/p>\n\n\n\n<figure class=\"wp-block-image size-large\"><img loading=\"lazy\" decoding=\"async\" width=\"585\" height=\"439\" src=\"http:\/\/vertienteglobal.com\/wp-content\/uploads\/2021\/06\/sema-incendios3-585x439-1.jpg\" alt=\"\" class=\"wp-image-182183\" srcset=\"http:\/\/vertienteglobal.com\/wp-content\/uploads\/2021\/06\/sema-incendios3-585x439-1.jpg 585w, http:\/\/vertienteglobal.com\/wp-content\/uploads\/2021\/06\/sema-incendios3-585x439-1-300x225.jpg 300w, http:\/\/vertienteglobal.com\/wp-content\/uploads\/2021\/06\/sema-incendios3-585x439-1-150x113.jpg 150w\" sizes=\"auto, (max-width: 585px) 100vw, 585px\" \/><\/figure>\n\n\n\n<figure class=\"wp-block-image size-large\"><img loading=\"lazy\" decoding=\"async\" width=\"585\" height=\"780\" src=\"http:\/\/vertienteglobal.com\/wp-content\/uploads\/2021\/06\/sema-incendios4-585x780-1.jpg\" alt=\"\" class=\"wp-image-182184\" srcset=\"http:\/\/vertienteglobal.com\/wp-content\/uploads\/2021\/06\/sema-incendios4-585x780-1.jpg 585w, http:\/\/vertienteglobal.com\/wp-content\/uploads\/2021\/06\/sema-incendios4-585x780-1-225x300.jpg 225w, http:\/\/vertienteglobal.com\/wp-content\/uploads\/2021\/06\/sema-incendios4-585x780-1-113x150.jpg 113w\" sizes=\"auto, (max-width: 585px) 100vw, 585px\" \/><\/figure>\n","protected":false},"excerpt":{"rendered":"<p>(Redacci\u00f3n) Se encuentra bajo control un incendio que se registra en Bacalar (El Puct\u00e9 Norte), en la Zona N\u00facleo Uaimil Se mantiene vigilancia permanente en los puntos de calor que se registran en el territorio quintanarroense a pesar de las condiciones hidrometeorol\u00f3gicas que prevalecen en la entidad Chetumal, Quintana Roo a 15 de junio de [&hellip;]<\/p>\n","protected":false},"author":1,"featured_media":182182,"comment_status":"open","ping_status":"open","sticky":false,"template":"","format":"standard","meta":{"footnotes":""},"categories":[3],"tags":[],"class_list":["post-182181","post","type-post","status-publish","format-standard","has-post-thumbnail","hentry","category-quintana-roo","entry","has-media"],"jetpack_featured_media_url":"http:\/\/vertienteglobal.com\/wp-content\/uploads\/2021\/06\/sema-incendios1.jpg","_links":{"self":[{"href":"http:\/\/vertienteglobal.com\/index.php?rest_route=\/wp\/v2\/posts\/182181","targetHints":{"allow":["GET"]}}],"collection":[{"href":"http:\/\/vertienteglobal.com\/index.php?rest_route=\/wp\/v2\/posts"}],"about":[{"href":"http:\/\/vertienteglobal.com\/index.php?rest_route=\/wp\/v2\/types\/post"}],"author":[{"embeddable":true,"href":"http:\/\/vertienteglobal.com\/index.php?rest_route=\/wp\/v2\/users\/1"}],"replies":[{"embeddable":true,"href":"http:\/\/vertienteglobal.com\/index.php?rest_route=%2Fwp%2Fv2%2Fcomments&post=182181"}],"version-history":[{"count":0,"href":"http:\/\/vertienteglobal.com\/index.php?rest_route=\/wp\/v2\/posts\/182181\/revisions"}],"wp:featuredmedia":[{"embeddable":true,"href":"http:\/\/vertienteglobal.com\/index.php?rest_route=\/wp\/v2\/media\/182182"}],"wp:attachment":[{"href":"http:\/\/vertienteglobal.com\/index.php?rest_route=%2Fwp%2Fv2%2Fmedia&parent=182181"}],"wp:term":[{"taxonomy":"category","embeddable":true,"href":"http:\/\/vertienteglobal.com\/index.php?rest_route=%2Fwp%2Fv2%2Fcategories&post=182181"},{"taxonomy":"post_tag","embeddable":true,"href":"http:\/\/vertienteglobal.com\/index.php?rest_route=%2Fwp%2Fv2%2Ftags&post=182181"}],"curies":[{"name":"wp","href":"https:\/\/api.w.org\/{rel}","templated":true}]}}