{"id":182131,"date":"2021-06-15T09:50:00","date_gmt":"2021-06-15T14:50:00","guid":{"rendered":"http:\/\/vertienteglobal.com\/?p=182131"},"modified":"2021-06-15T11:07:06","modified_gmt":"2021-06-15T16:07:06","slug":"recibe-amlo-segunda-dosis-de-vacuna-covid-19-de-astrazeneca-en-la-mananera","status":"publish","type":"post","link":"http:\/\/vertienteglobal.com\/?p=182131","title":{"rendered":"Recibe AMLO segunda dosis de vacuna COVID-19 de AstraZeneca en la ma\u00f1anera"},"content":{"rendered":"\n<div class=\"twitterbutton\" style=\"float: right; padding-left: 5px;\"><a href=\"http:\/\/twitter.com\/share\" class=\"twitter-share-button\" data-count=\"horizontal\" data-text=\"Recibe AMLO segunda dosis de vacuna COVID-19 de AstraZeneca en la ma\u00f1anera\" data-via=\"https:\/\/twitter.com\/VertienteGloba1\" data-url=\"http:\/\/vertienteglobal.com\/?p=182131\" data-lang=\"es\" data-related=\"Informaci\u00f3n general:S\u00edguenos para que est\u00e9ss informado\"><\/a><\/div>\n<figure class=\"wp-block-image size-large\"><img loading=\"lazy\" decoding=\"async\" width=\"660\" height=\"330\" src=\"http:\/\/vertienteglobal.com\/wp-content\/uploads\/2021\/06\/amlo-recibe-segunda-dosis-de-vacuna-covid-19-de-astrazeneca-en-la-mananera-1-660x330-1.jpg\" alt=\"\" class=\"wp-image-182132\" srcset=\"http:\/\/vertienteglobal.com\/wp-content\/uploads\/2021\/06\/amlo-recibe-segunda-dosis-de-vacuna-covid-19-de-astrazeneca-en-la-mananera-1-660x330-1.jpg 660w, http:\/\/vertienteglobal.com\/wp-content\/uploads\/2021\/06\/amlo-recibe-segunda-dosis-de-vacuna-covid-19-de-astrazeneca-en-la-mananera-1-660x330-1-300x150.jpg 300w, http:\/\/vertienteglobal.com\/wp-content\/uploads\/2021\/06\/amlo-recibe-segunda-dosis-de-vacuna-covid-19-de-astrazeneca-en-la-mananera-1-660x330-1-150x75.jpg 150w\" sizes=\"auto, (max-width: 660px) 100vw, 660px\" \/><\/figure>\n\n\n\n<p>(Redacci\u00f3n)<\/p>\n\n\n\n<p><em><strong>AMLO hizo un llamado a acudir \u2018temprano\u2019 al hospital cuando se tengan s\u00edntomas de COVID-19, para recibir atenci\u00f3n m\u00e9dica<\/strong><\/em><\/p>\n\n\n\n<p>Ciudad de M\u00e9xico a 15 de junio de 2021.- El presidente, Andr\u00e9s Manuel L\u00f3pez Obrador (AMLO), recibi\u00f3 la segunda dosis de la vacuna contra COVID-19 de AstraZeneca en la conferencia ma\u00f1anera de hoy, 15 de junio de 2021.<\/p>\n\n\n\n<p>AMLO recibi\u00f3 la primera dosis de la vacuna de AstraZeneca el pasado 20 de abril, igual en la conferencia ma\u00f1anera<\/p>\n\n\n\n<p>El presidente se quit\u00f3 el abrigo y se sent\u00f3 en una silla al lado del atril, donde la teniente enfermera del Ej\u00e9rcito, Melina Vega, le mostr\u00f3 la jeringa, le levant\u00f3 la manga derecha de la camisa, le inyect\u00f3 la vacuna y le entreg\u00f3 el registro conforme complet\u00f3 su esquema de vacunaci\u00f3n.<\/p>\n\n\n\n<p>Acto seguido, L\u00f3pez Obrador se retir\u00f3 de la sala de prensa para permanecer en observaci\u00f3n durante 30 minutos por posibles efectos adversos como dolor en la zona de la inyecci\u00f3n.<\/p>\n\n\n\n<p>\u201cHay que seguirnos vacunando. Yo voy por mi segunda dosis aqu\u00ed para que no nos dejemos de vacunarnos\u201d, expres\u00f3 AMLO minutos antes de su inyecci\u00f3n.<\/p>\n\n\n\n<p>El presidente hizo un llamado a no confiarse a pesar de que est\u00e9 \u201cla pandemia a la baja\u201d y dijo que \u201cafortunadamente son muy pocos\u201d los que no se quieren vacunar en M\u00e9xico.<\/p>\n\n\n\n<p>Al mandatario le correspond\u00eda por edad haberse vacunado en marzo, pero aplaz\u00f3 su vacunaci\u00f3n porque sus m\u00e9dicos consideraron que ten\u00eda suficientes anticuerpos despu\u00e9s de superar el COVID-19.<\/p>\n\n\n\n<p>L\u00f3pez Obrador tuvo COVID-19 en enero pasado con s\u00edntomas leves y estuvo confinado durante dos semanas en su domicilio particular, en el Palacio Nacional.<\/p>\n\n\n\n<p>L\u00f3pez Obrador hizo este martes un llamado a acudir \u201ctemprano\u201d al hospital cuando se tengan s\u00edntomas y explic\u00f3 que en su caso, comenz\u00f3 a encontrarse mal un s\u00e1bado y el domingo \u201cya ten\u00eda manchitas en los pulmones\u201d.<\/p>\n\n\n\n<p>Con 230 mil 185 muertos oficiales y casi 2.5 millones de contagios confirmados, M\u00e9xico es el cuarto pa\u00eds del mundo con m\u00e1s muertos, detr\u00e1s de Estados Unidos, Brasil y la India.<\/p>\n\n\n\n<p>Desde el pasado diciembre, se han aplicado 37.5 millones de dosis a mayores de 40 a\u00f1os, personal m\u00e9dico, maestros y embarazadas, mientras 15 millones de mexicanos han completado su esquema de vacunaci\u00f3n.<\/p>\n\n\n\n<p>M\u00e9xico recibi\u00f3 este martes 1.35 millones de vacunas de Johnson &amp; Johnson donadas por Estados Unidos, que servir\u00e1n para vacunar a las personas de entre 18 y 39 a\u00f1os de los municipios fronterizos para reabrir la frontera com\u00fan, cerrada parcialmente desde marzo de 2020 por la pandemia. (Fuente: Noticieros Televisa)<\/p>\n","protected":false},"excerpt":{"rendered":"<p>(Redacci\u00f3n) AMLO hizo un llamado a acudir \u2018temprano\u2019 al hospital cuando se tengan s\u00edntomas de COVID-19, para recibir atenci\u00f3n m\u00e9dica Ciudad de M\u00e9xico a 15 de junio de 2021.- El presidente, Andr\u00e9s Manuel L\u00f3pez Obrador (AMLO), recibi\u00f3 la segunda dosis de la vacuna contra COVID-19 de AstraZeneca en la conferencia ma\u00f1anera de hoy, 15 de [&hellip;]<\/p>\n","protected":false},"author":1,"featured_media":182133,"comment_status":"open","ping_status":"open","sticky":false,"template":"","format":"standard","meta":{"footnotes":""},"categories":[8],"tags":[],"class_list":["post-182131","post","type-post","status-publish","format-standard","has-post-thumbnail","hentry","category-pais","entry","has-media"],"jetpack_featured_media_url":"http:\/\/vertienteglobal.com\/wp-content\/uploads\/2021\/06\/amlo-recibe-segunda-dosis-de-vacuna-covid-19-de-astrazeneca-en-la-mananera-1-660x330-2.jpg","_links":{"self":[{"href":"http:\/\/vertienteglobal.com\/index.php?rest_route=\/wp\/v2\/posts\/182131","targetHints":{"allow":["GET"]}}],"collection":[{"href":"http:\/\/vertienteglobal.com\/index.php?rest_route=\/wp\/v2\/posts"}],"about":[{"href":"http:\/\/vertienteglobal.com\/index.php?rest_route=\/wp\/v2\/types\/post"}],"author":[{"embeddable":true,"href":"http:\/\/vertienteglobal.com\/index.php?rest_route=\/wp\/v2\/users\/1"}],"replies":[{"embeddable":true,"href":"http:\/\/vertienteglobal.com\/index.php?rest_route=%2Fwp%2Fv2%2Fcomments&post=182131"}],"version-history":[{"count":0,"href":"http:\/\/vertienteglobal.com\/index.php?rest_route=\/wp\/v2\/posts\/182131\/revisions"}],"wp:featuredmedia":[{"embeddable":true,"href":"http:\/\/vertienteglobal.com\/index.php?rest_route=\/wp\/v2\/media\/182133"}],"wp:attachment":[{"href":"http:\/\/vertienteglobal.com\/index.php?rest_route=%2Fwp%2Fv2%2Fmedia&parent=182131"}],"wp:term":[{"taxonomy":"category","embeddable":true,"href":"http:\/\/vertienteglobal.com\/index.php?rest_route=%2Fwp%2Fv2%2Fcategories&post=182131"},{"taxonomy":"post_tag","embeddable":true,"href":"http:\/\/vertienteglobal.com\/index.php?rest_route=%2Fwp%2Fv2%2Ftags&post=182131"}],"curies":[{"name":"wp","href":"https:\/\/api.w.org\/{rel}","templated":true}]}}